{"id":71062,"date":"2008-04-29T22:28:40","date_gmt":"2008-04-29T22:28:40","guid":{"rendered":"http:\/\/diariodominicano.ddns.net\/?p=71062"},"modified":"2008-04-29T22:28:40","modified_gmt":"2008-04-29T22:28:40","slug":"el-mito-roto-el-libro-de-la-escritora-y-embajadora-dominicana-ante-la-unesco-circulara-en-republica-dominicana","status":"publish","type":"post","link":"https:\/\/diariodominicano.com\/?p=71062","title":{"rendered":"\u00abEl Mito Roto\u00bb, el libro de la escritora y embajadora dominicana ante la UNESCO circular\u00e1 en Rep\u00fablica Dominicana"},"content":{"rendered":"<p><body><\/p>\n<p align=\"justify\" class=\"titulogrande1\">\u00abEl Mito Roto\u00bb, el libro de la escritora y  embajadora dominicana ante la UNESCO circular\u00e1 en Rep\u00fablica Dominicana<\/p>\n<p>&#13;<\/p>\n<p align=\"justify\" class=\"text1noticias\">La obra, prologada por el soci\u00f3logo franc\u00e9s Alain Touraine,  versa sobre el sistema pol\u00edtico y movimiento popular en la Rep\u00fablica Dominicana  en el per\u00edodo 1961-1990. <\/p>\n<p>&#13;<\/p>\n<p align=\"justify\" class=\"text1noticias\"><strong>Santo Domingo.- <\/strong>El mi\u00e9rcoles  primero de mayo, la Fundaci\u00f3n Global Democracia y Desarrollo (FUNGLODE) pondr\u00e1  en circulaci\u00f3n la obra \u00abEl Mito Roto\u00bb de la escritora dominicana  Laura Faxas, radicada en Francia como embajadora dominicana ante la  Organizaci\u00f3n de las Naciones Unidas para la Educaci\u00f3n, la Ciencia y la Cultura  (UNESCO ).<\/p>\n<p>&#13;<\/p>\n<p align=\"justify\" class=\"text1noticias\">La soci\u00f3loga dominicana estar\u00e1 presente en la puesta en  circulaci\u00f3n de su libro, a celebrarse en la Sala de la Cultura del Teatro  Nacional en el marco de la Und\u00e9cima Feria Internacional del Libro dominicana.<\/p>\n<p>&#13;<\/p>\n<p align=\"justify\" class=\"text1noticias\">\u00abEl Mito Roto. Sistema pol\u00edtico y movimiento popular en  la Rep\u00fablica Dominicana, 1961-1990\u00bb est\u00e1 prologado por el reconocido  soci\u00f3logo franc\u00e9s Alain Touraine, quien considera que la obra es \u00abes uno  de los mejores estudios sobre un pa\u00eds latinoamericano, ya que une  constantemente el conocimiento profundo de una historia nacional con una gran  capacidad de utilizar categor\u00edas generales de an\u00e1lisis, aplicables a todos los  pa\u00edses y que tienen un gran valor explicativo\u00bb.<\/p>\n<p>&#13;<\/p>\n<p align=\"justify\" class=\"text1noticias\">Asimismo, indica que \u00abal leer este libro no solo se  adquiere un conocimiento general de la Rep\u00fablica Dominicana, de su sistema de  poder y de sus fuerzas sociales, sino que tambi\u00e9n se puede ver con una mirada  nueva todo el continente, en el que, casi por doquier, se han desarrollado  formas de fracaso, desviaci\u00f3n o descomposici\u00f3n de un populismo que, desde el  momento en que no se integr\u00f3 a una coalici\u00f3n, busc\u00f3 directamente la conquista  del poder, vacilando entre la desesperaci\u00f3n y la violencia\u00bb.\u00a0<\/p>\n<p>&#13;<\/p>\n<p align=\"justify\" class=\"text1noticias\">\u00abEl Mito Roto\u00bb, editado \u00a0 por Siglo XXI y  coeditado por la Fundaci\u00f3n Global Democracia y Desarrollo (FUNGLODE)  conjuntamente con la Facultad Latinoamericana de Ciencias Sociales (FLACSO)  consta de 367 p\u00e1ginas divididas en tres partes. En la primera,\u00a0 Faxas  analiza el sistema pol\u00edtico dominicano, as\u00ed como el fracaso de la primera  tentativa democr\u00e1tica en el pa\u00eds, de 1961 a 1965, y el nacimiento de lo que la  autora denomina el \u00abmito populista\u00bb.\u00a0<\/p>\n<p>&#13;<\/p>\n<p align=\"justify\" class=\"text1noticias\">En la segunda parte, \u00abLa muerte del mito populista.  Crisis pol\u00edtica y rebeli\u00f3n popular del hombre, abril de 1984\u00bb, se estudia  el movimiento popular de 1984, planteando que, como resultado del mismo, se  produce la \u00abmuerte real de lo nacional-popular\u00bb en el pa\u00eds.\u00a0<br \/>&#13;<br \/>\n  <br \/>&#13;<br \/>\n\u00abEl movimiento popular a la deriva\u00bb, t\u00edtulo de la  tercera parte, la autora versa sobre el significado que tiene lo popular en el  pa\u00eds, as\u00ed como sobre los l\u00edmites del campo de acci\u00f3n del movimiento popular.<br \/>&#13;<br \/>\n<br \/>&#13;<br \/>\nLa puesta en circulaci\u00f3n de esta obra se enmarca en las  actividades programas por FUNGLODE con motivo a su participaci\u00f3n en la Und\u00e9cima  Feria Internacional del Libro que se celebra en la Plaza de la Cultura de Santo  Domingo y que este a\u00f1o est\u00e1 dedicada al historiador dominicano Emilio Rodr\u00edguez  Demorizi, y a los pa\u00edses del Caribe.<\/p>\n<p>&#13;<\/p>\n<h6> 2008-04-29 22:28:40 <\/h6>\n<p><!--\n<link rel=\"stylesheet\" href=\"css\/bootstrap.min.css\">\n\n\n<ul class=\"pagination\">\n\t    \n\t\n\n<li >\n\t<a href='?page_no=22739'>Previous<\/a>\n\t<\/li>\n\n\n       \n    \n\n<li><a href='?page_no=1'>1<\/a><\/li>\n\n\n\n<li><a href='?page_no=2'>2<\/a><\/li>\n\n\n\n<li><a>...<\/a><\/li>\n\n\n\n<li><a href='?page_no=22738'>22738<\/a><\/li>\n\n\n\n<li><a href='?page_no=22739'>22739<\/a><\/li>\n\n\n\n<li class='active'><a>22740<\/a><\/li>\n\n\n\n<li><a href='?page_no=22741'>22741<\/a><\/li>\n\n\n\n<li><a href='?page_no=22742'>22742<\/a><\/li>\n\n\n\n<li><a>...<\/a><\/li>\n\n\n\n<li><a href='?page_no=22911'>22911<\/a><\/li>\n\n\n\n<li><a href='?page_no=22912'>22912<\/a><\/li>\n\n    \n\t\n\n<li >\n\t<a href='?page_no=22741'>Next<\/a>\n\t<\/li>\n\n\n    \n\n<li><a href='?page_no=22912'>Last &rsaquo;&rsaquo;<\/a><\/li>\n\n<\/ul>\n\n\n--><br \/>\n<\/body><\/p>\n","protected":false},"excerpt":{"rendered":"<p>\u00abEl Mito Roto\u00bb, el libro de la escritora y embajadora dominicana ante la UNESCO circular\u00e1 en Rep\u00fablica Dominicana &#13; La obra, prologada por el soci\u00f3logo franc\u00e9s Alain Touraine, versa sobre el sistema pol\u00edtico y movimiento popular en la Rep\u00fablica Dominicana en el per\u00edodo 1961-1990. &#13; Santo Domingo.- El mi\u00e9rcoles primero de mayo, la Fundaci\u00f3n Global [&hellip;]<\/p>\n","protected":false},"author":3,"featured_media":0,"comment_status":"open","ping_status":"open","sticky":false,"template":"","format":"standard","meta":{"footnotes":""},"categories":[21],"tags":[],"class_list":["post-71062","post","type-post","status-publish","format-standard","hentry","category-cultura"],"_links":{"self":[{"href":"https:\/\/diariodominicano.com\/index.php?rest_route=\/wp\/v2\/posts\/71062","targetHints":{"allow":["GET"]}}],"collection":[{"href":"https:\/\/diariodominicano.com\/index.php?rest_route=\/wp\/v2\/posts"}],"about":[{"href":"https:\/\/diariodominicano.com\/index.php?rest_route=\/wp\/v2\/types\/post"}],"author":[{"embeddable":true,"href":"https:\/\/diariodominicano.com\/index.php?rest_route=\/wp\/v2\/users\/3"}],"replies":[{"embeddable":true,"href":"https:\/\/diariodominicano.com\/index.php?rest_route=%2Fwp%2Fv2%2Fcomments&post=71062"}],"version-history":[{"count":0,"href":"https:\/\/diariodominicano.com\/index.php?rest_route=\/wp\/v2\/posts\/71062\/revisions"}],"wp:attachment":[{"href":"https:\/\/diariodominicano.com\/index.php?rest_route=%2Fwp%2Fv2%2Fmedia&parent=71062"}],"wp:term":[{"taxonomy":"category","embeddable":true,"href":"https:\/\/diariodominicano.com\/index.php?rest_route=%2Fwp%2Fv2%2Fcategories&post=71062"},{"taxonomy":"post_tag","embeddable":true,"href":"https:\/\/diariodominicano.com\/index.php?rest_route=%2Fwp%2Fv2%2Ftags&post=71062"}],"curies":[{"name":"wp","href":"https:\/\/api.w.org\/{rel}","templated":true}]}}