{"id":71061,"date":"2008-04-29T22:34:07","date_gmt":"2008-04-29T22:34:07","guid":{"rendered":"http:\/\/diariodominicano.ddns.net\/?p=71061"},"modified":"2008-04-29T22:34:07","modified_gmt":"2008-04-29T22:34:07","slug":"el-centro-cultural-de-espana-presenta-pelo-bueno-pelo-malo-documental-del-espanol-miguel-parra-rodado-integramente-en-republica-dominicana","status":"publish","type":"post","link":"https:\/\/diariodominicano.com\/?p=71061","title":{"rendered":"El Centro Cultural de Espa\u00f1a presenta \u201cPelo bueno, pelo malo\u201d documental del espa\u00f1ol Miguel Parra rodado \u00edntegramente en Rep\u00fablica Dominicana"},"content":{"rendered":"<p><body><\/p>\n<p align=\"justify\" class=\"titulogrande1\"><strong>El Centro Cultural de  Espa\u00f1a presenta<\/strong> <strong>\u201cPelo bueno, pelo  malo\u201d documental del espa\u00f1ol Miguel Parra<\/strong> <strong>rodado \u00edntegramente en  Rep\u00fablica Dominicana<\/strong><\/p>\n<p>&#13;<\/p>\n<p align=\"justify\" class=\"text1noticias\"><strong><img loading=\"lazy\" decoding=\"async\" src=\"http:\/\/localhost:8080\/img\/pelo.jpg\" width=\"375\" height=\"229\" hspace=\"4\" align=\"left\" \/>SANTO  DOMINGO.-<\/strong> El Centro Cultural de Espa\u00f1a  clausura con la presentaci\u00f3n del documental \u201cPelo bueno, pelo malo\u201d y una  charla coloquio posterior, las actividades que se han estado presentando  durante el mes de marzo y abril, donde creadores,  a trav\u00e9s de diferentes disciplinas art\u00edsticas, nos proponen una mirada a la  realidad desde la perspectiva de g\u00e9nero.<\/p>\n<p>&#13;<\/p>\n<p align=\"justify\" class=\"text1noticias\">\u201cPelo bueno, pelo malo\u201d es una expresi\u00f3n habitual en  el lenguaje dominicano. Define el tipo de cabello, bueno es lacio, malo es  rizado.<br \/>&#13;<br \/>\n  <br \/> &#13;<br \/>\nSin embargo, bajo estas expresiones subyacen ciertas connotaciones  raciales y sociol\u00f3gicas. <\/p>\n<p>&#13;<\/p>\n<p align=\"justify\" class=\"text1noticias\">Seg\u00fan palabras del director, Miguel Parra, \u201ceste  documental resulta de la observaci\u00f3n de un pueblo querido, el dominicano. Sin  el aval de ninguna productora, pero con el entusiasmo del equipo, este  documental se grab\u00f3 en dos viajes a la isla; en Santo Domingo, Las Terrenas,  Palenque y Saman\u00e1\u201d. <\/p>\n<p>&#13;<\/p>\n<p align=\"justify\" class=\"text1noticias\">Tras la proyecci\u00f3n habr\u00e1 un coloquio en el  participar\u00e1n, adem\u00e1s del director del documental, las especialistas en g\u00e9nero e  identidad cultural, Kelva P\u00e9rez y Eulalia Jim\u00e9nez, y la soci\u00f3loga Elsa  Alc\u00e1ntara.<\/p>\n<p>&#13;<\/p>\n<p align=\"justify\" class=\"text1noticias\">Estas actividades est\u00e1n pautadas para el mi\u00e9rcoles  30 de abril a las 7 de la noche, clausurando este ciclo dedicado a la mujer con  un brindis.<\/p>\n<p>&#13;<\/p>\n<h6> 2008-04-29 22:34:07 <\/h6>\n<p><!--\n<link rel=\"stylesheet\" href=\"css\/bootstrap.min.css\">\n\n\n<ul class=\"pagination\">\n\t    \n\t\n\n<li >\n\t<a href='?page_no=22738'>Previous<\/a>\n\t<\/li>\n\n\n       \n    \n\n<li><a href='?page_no=1'>1<\/a><\/li>\n\n\n\n<li><a href='?page_no=2'>2<\/a><\/li>\n\n\n\n<li><a>...<\/a><\/li>\n\n\n\n<li><a href='?page_no=22737'>22737<\/a><\/li>\n\n\n\n<li><a href='?page_no=22738'>22738<\/a><\/li>\n\n\n\n<li class='active'><a>22739<\/a><\/li>\n\n\n\n<li><a href='?page_no=22740'>22740<\/a><\/li>\n\n\n\n<li><a href='?page_no=22741'>22741<\/a><\/li>\n\n\n\n<li><a>...<\/a><\/li>\n\n\n\n<li><a href='?page_no=22911'>22911<\/a><\/li>\n\n\n\n<li><a href='?page_no=22912'>22912<\/a><\/li>\n\n    \n\t\n\n<li >\n\t<a href='?page_no=22740'>Next<\/a>\n\t<\/li>\n\n\n    \n\n<li><a href='?page_no=22912'>Last &rsaquo;&rsaquo;<\/a><\/li>\n\n<\/ul>\n\n\n--><br \/>\n<\/body><\/p>\n","protected":false},"excerpt":{"rendered":"<p>El Centro Cultural de Espa\u00f1a presenta \u201cPelo bueno, pelo malo\u201d documental del espa\u00f1ol Miguel Parra rodado \u00edntegramente en Rep\u00fablica Dominicana &#13; SANTO DOMINGO.- El Centro Cultural de Espa\u00f1a clausura con la presentaci\u00f3n del documental \u201cPelo bueno, pelo malo\u201d y una charla coloquio posterior, las actividades que se han estado presentando durante el mes de marzo [&hellip;]<\/p>\n","protected":false},"author":3,"featured_media":0,"comment_status":"open","ping_status":"open","sticky":false,"template":"","format":"standard","meta":{"footnotes":""},"categories":[21],"tags":[],"class_list":["post-71061","post","type-post","status-publish","format-standard","hentry","category-cultura"],"_links":{"self":[{"href":"https:\/\/diariodominicano.com\/index.php?rest_route=\/wp\/v2\/posts\/71061","targetHints":{"allow":["GET"]}}],"collection":[{"href":"https:\/\/diariodominicano.com\/index.php?rest_route=\/wp\/v2\/posts"}],"about":[{"href":"https:\/\/diariodominicano.com\/index.php?rest_route=\/wp\/v2\/types\/post"}],"author":[{"embeddable":true,"href":"https:\/\/diariodominicano.com\/index.php?rest_route=\/wp\/v2\/users\/3"}],"replies":[{"embeddable":true,"href":"https:\/\/diariodominicano.com\/index.php?rest_route=%2Fwp%2Fv2%2Fcomments&post=71061"}],"version-history":[{"count":0,"href":"https:\/\/diariodominicano.com\/index.php?rest_route=\/wp\/v2\/posts\/71061\/revisions"}],"wp:attachment":[{"href":"https:\/\/diariodominicano.com\/index.php?rest_route=%2Fwp%2Fv2%2Fmedia&parent=71061"}],"wp:term":[{"taxonomy":"category","embeddable":true,"href":"https:\/\/diariodominicano.com\/index.php?rest_route=%2Fwp%2Fv2%2Fcategories&post=71061"},{"taxonomy":"post_tag","embeddable":true,"href":"https:\/\/diariodominicano.com\/index.php?rest_route=%2Fwp%2Fv2%2Ftags&post=71061"}],"curies":[{"name":"wp","href":"https:\/\/api.w.org\/{rel}","templated":true}]}}