{"id":71060,"date":"2008-04-29T22:42:09","date_gmt":"2008-04-29T22:42:09","guid":{"rendered":"http:\/\/diariodominicano.ddns.net\/?p=71060"},"modified":"2008-04-29T22:42:09","modified_gmt":"2008-04-29T22:42:09","slug":"uasd-inaugura-exposicion-efemerides-de-abril","status":"publish","type":"post","link":"https:\/\/diariodominicano.com\/?p=71060","title":{"rendered":"UASD inaugura exposici\u00f3n \u201cEfem\u00e9rides de abril\u201d"},"content":{"rendered":"<p><body><\/p>\n<p align=\"center\" class=\"titulogrande1\"><strong>UASD  inaugura exposici\u00f3n \u201cEfem\u00e9rides de abril\u201d<\/strong><\/p>\n<p>&#13;<\/p>\n<p align=\"justify\" class=\"text1noticias\"><strong><img loading=\"lazy\" decoding=\"async\" src=\"http:\/\/localhost:8080\/img\/exposicion.jpg\" width=\"375\" height=\"253\" hspace=\"4\" align=\"left\" \/>Santo Domingo.-<\/strong> La Universidad Aut\u00f3noma de Santo Domingo inaugur\u00f3  la exposici\u00f3n \u201cEfem\u00e9rides de Abril\u201d, con la exhibici\u00f3n de 18 carteles alusivos  a la guerra patria de 1965, para conmemorar el 43 aniversario de este  acontecimiento hist\u00f3rico. \u00a0<\/p>\n<p>&#13;<\/p>\n<p align=\"justify\" class=\"text1noticias\">La actividad, que  se realiz\u00f3 en el lobby de la biblioteca Pedro Mir, estuvo encabezada por el rector  en funciones y vicerrector de Extensi\u00f3n de la UASD, maestro Rafael Nino F\u00e9liz, y el doctor Juan  Daniel Balc\u00e1cer, presidente de la Comisi\u00f3n Permanente  de Efem\u00e9rides Patrias (CPEP).<\/p>\n<p>&#13;<\/p>\n<p align=\"justify\" class=\"text1noticias\">F\u00e9liz dijo que esas  im\u00e1genes hist\u00f3ricas donadas por el CPEP a la universidad estatal y que  reposar\u00e1n de forma permanente en su biblioteca,\u00a0  constituyen un material invaluable,\u00a0  pues permitir\u00e1 a las nuevas generaciones no s\u00f3lo \u00a0enriquecer su cultura sino tambi\u00e9n \u00a0fortalecer y rescatar \u00a0la memoria hist\u00f3rica de su pueblo. <\/p>\n<p>&#13;<\/p>\n<p align=\"justify\" class=\"text1noticias\">Asimismo, ponder\u00f3  la importancia de que los j\u00f3venes, a quienes calific\u00f3 como el activo principal  de todos los pa\u00edses y comunidades del mundo, conozcan sus antecedentes, porque  \u201cuna naci\u00f3n que no sabe cu\u00e1l ha sido su pasado es como un \u00e1rbol sin ra\u00edces\u201d. <\/p>\n<p>&#13;<\/p>\n<p align=\"justify\" class=\"text1noticias\">De su lado, el historiador  Balc\u00e1cer manifest\u00f3 su satisfacci\u00f3n de dejar abierta esta exposici\u00f3n en la universidad  m\u00e1s vieja de Am\u00e9rica, porque \u201ces una manera de recordar y promover el m\u00e1s alto  sentido de dignidad del hombre y la mujer de este pueblo en plena modernidad\u201d. <\/p>\n<p>&#13;<\/p>\n<p align=\"justify\" class=\"text1noticias\">La exposici\u00f3n  \u201cEfem\u00e9rides de abril\u201d fue dise\u00f1ada por el profesor F\u00e9lix Frank Ayuso y  realizada por Rafael Hutchinson.\u00a0 Todos  los carteles \u00a0que la componen est\u00e1n  enmarcados y presentados en gran formato. \u00a0<\/p>\n<p>&#13;<\/p>\n<p align=\"justify\" class=\"text1noticias\">Cada una de esas  efem\u00e9rides visualizadas describe importantes eventos acaecidos en Rep\u00fablica  Dominicana a mediados de la d\u00e9cada del 1960 y que inician el 24 de abril con el  llamamiento al levantamiento y culminan el 25 de septiembre del 1965 con el  regreso del profesor Juan Bosch al pa\u00eds.<\/p>\n<p>&#13;<\/p>\n<p align=\"justify\" class=\"text1noticias\">Estuvieron presentes  en el evento, adem\u00e1s de los mencionados, el vicerrector Docente, doctor Iv\u00e1n  Grull\u00f3n; el decano de la   Facultad de Humanidades, maestro Rafael Morla; as\u00ed como  profesores, funcionarios, estudiantes y  empleados de la academia estatal.<\/p>\n<p>&#13;<\/p>\n<h6> 2008-04-29 22:42:09 <\/h6>\n<p><!--\n<link rel=\"stylesheet\" href=\"css\/bootstrap.min.css\">\n\n\n<ul class=\"pagination\">\n\t    \n\t\n\n<li >\n\t<a href='?page_no=22737'>Previous<\/a>\n\t<\/li>\n\n\n       \n    \n\n<li><a href='?page_no=1'>1<\/a><\/li>\n\n\n\n<li><a href='?page_no=2'>2<\/a><\/li>\n\n\n\n<li><a>...<\/a><\/li>\n\n\n\n<li><a href='?page_no=22736'>22736<\/a><\/li>\n\n\n\n<li><a href='?page_no=22737'>22737<\/a><\/li>\n\n\n\n<li class='active'><a>22738<\/a><\/li>\n\n\n\n<li><a href='?page_no=22739'>22739<\/a><\/li>\n\n\n\n<li><a href='?page_no=22740'>22740<\/a><\/li>\n\n\n\n<li><a>...<\/a><\/li>\n\n\n\n<li><a href='?page_no=22911'>22911<\/a><\/li>\n\n\n\n<li><a href='?page_no=22912'>22912<\/a><\/li>\n\n    \n\t\n\n<li >\n\t<a href='?page_no=22739'>Next<\/a>\n\t<\/li>\n\n\n    \n\n<li><a href='?page_no=22912'>Last &rsaquo;&rsaquo;<\/a><\/li>\n\n<\/ul>\n\n\n--><br \/>\n<\/body><\/p>\n","protected":false},"excerpt":{"rendered":"<p>UASD inaugura exposici\u00f3n \u201cEfem\u00e9rides de abril\u201d &#13; Santo Domingo.- La Universidad Aut\u00f3noma de Santo Domingo inaugur\u00f3 la exposici\u00f3n \u201cEfem\u00e9rides de Abril\u201d, con la exhibici\u00f3n de 18 carteles alusivos a la guerra patria de 1965, para conmemorar el 43 aniversario de este acontecimiento hist\u00f3rico. \u00a0 &#13; La actividad, que se realiz\u00f3 en el lobby de la [&hellip;]<\/p>\n","protected":false},"author":3,"featured_media":0,"comment_status":"open","ping_status":"open","sticky":false,"template":"","format":"standard","meta":{"footnotes":""},"categories":[21],"tags":[],"class_list":["post-71060","post","type-post","status-publish","format-standard","hentry","category-cultura"],"_links":{"self":[{"href":"https:\/\/diariodominicano.com\/index.php?rest_route=\/wp\/v2\/posts\/71060","targetHints":{"allow":["GET"]}}],"collection":[{"href":"https:\/\/diariodominicano.com\/index.php?rest_route=\/wp\/v2\/posts"}],"about":[{"href":"https:\/\/diariodominicano.com\/index.php?rest_route=\/wp\/v2\/types\/post"}],"author":[{"embeddable":true,"href":"https:\/\/diariodominicano.com\/index.php?rest_route=\/wp\/v2\/users\/3"}],"replies":[{"embeddable":true,"href":"https:\/\/diariodominicano.com\/index.php?rest_route=%2Fwp%2Fv2%2Fcomments&post=71060"}],"version-history":[{"count":0,"href":"https:\/\/diariodominicano.com\/index.php?rest_route=\/wp\/v2\/posts\/71060\/revisions"}],"wp:attachment":[{"href":"https:\/\/diariodominicano.com\/index.php?rest_route=%2Fwp%2Fv2%2Fmedia&parent=71060"}],"wp:term":[{"taxonomy":"category","embeddable":true,"href":"https:\/\/diariodominicano.com\/index.php?rest_route=%2Fwp%2Fv2%2Fcategories&post=71060"},{"taxonomy":"post_tag","embeddable":true,"href":"https:\/\/diariodominicano.com\/index.php?rest_route=%2Fwp%2Fv2%2Ftags&post=71060"}],"curies":[{"name":"wp","href":"https:\/\/api.w.org\/{rel}","templated":true}]}}