{"id":71059,"date":"2008-04-29T22:46:45","date_gmt":"2008-04-29T22:46:45","guid":{"rendered":"http:\/\/diariodominicano.ddns.net\/?p=71059"},"modified":"2008-04-29T22:46:45","modified_gmt":"2008-04-29T22:46:45","slug":"periodista-jose-carvajal-pondra-en-circulacion-el-libro-cuentos-fantasticos-de-juan-bosch-en-nueva-york","status":"publish","type":"post","link":"https:\/\/diariodominicano.com\/?p=71059","title":{"rendered":"Periodista Jos\u00e9 Carvajal: Pondr\u00e1 en circulaci\u00f3n el libro \u201cCuentos fant\u00e1sticos de Juan Bosch\u201d, en Nueva York"},"content":{"rendered":"<p><body><\/p>\n<p align=\"justify\"><span class=\"titulogrande1\">Periodista  Jos\u00e9 Carvajal: Pondr\u00e1 en  circulaci\u00f3n el libro \u201cCuentos fant\u00e1sticos de Juan Bosch\u201d, en Nueva York<\/span><br \/>&#13;<br \/>\n  <br \/>&#13;<br \/>\n  <span class=\"text1noticias\"><strong>Nueva York.- <\/strong>La Licda. Jacqueline G\u00fcilamo, invita a todos los amantes de la cultura y la  literatura a un gran encuentro con el periodista Jos\u00e9 Carvajal, quien pondr\u00e1 en  circulaci\u00f3n la obra <strong>Cuentos fant\u00e1sticos de Juan Bosch, <\/strong>el pr\u00f3ximo jueves primero en esta ciudad de Nueva York. <\/span><\/p>\n<p>&#13;<\/p>\n<p align=\"justify\" class=\"text1noticias\">Est\u00e1 antolog\u00eda fue preparada minuciosamente por el escritor y  periodista Jos\u00e9 Carvajal, <strong>Cuentos  fant\u00e1sticos de Juan Bosch,<\/strong> que coloca a este maestro del cuento  hispanoamericano en el contexto de la literatura universal. <\/p>\n<p>&#13;<\/p>\n<p align=\"justify\" class=\"text1noticias\">La Licda. Jacqueline G\u00fcilamo,  expres\u00f3\u00a0 este libro del periodista  Carvajal, incluye siete cuentos y el famoso ensayo <strong>Apuntes sobre el arte de escribir cuentos<\/strong>, que sali\u00f3 de un  seminario dictado por Bosch en 1958 en Caracas y en el que estuvo participando  Gabriel Garc\u00eda M\u00e1rquez, ahora premio Nobel de Literatura.<\/p>\n<p>&#13;<\/p>\n<p align=\"justify\" class=\"text1noticias\">Este libro  acaba de salir bajo el sello Isla Books Publishing, que tiene su sede principal  en Miami, Florida. El mismo incluye \u201cApuntes sobre el arte de escribir  cuentos\u201d, este \u00faltimo producto de un cursillo que el autor dominicano imparti\u00f3  en 1958 en la Universidad Central de Venezuela y donde particip\u00f3 el ahora  premio Nobel colombiano Gabriel Garc\u00eda M\u00e1rquez.<br \/>&#13;<br \/>\n    <br \/>&#13;<br \/>\n    De acuerdo con la Coordinadora  Estatal de Cultura del PLD, la presentaci\u00f3n del libro se llevar\u00e1 a cabo el  jueves 1 de mayo, a partir de las 7 de la noche, en R\u00edo II Gallery, ubicada en  el 583 Riverside Drive, esquina calle 135 (S\u00e9ptimo piso), en Manhattan.<br \/>&#13;<br \/>\n    <br \/>&#13;<br \/>\n    Los cuentos incluidos son \u201cLa  bella alma de don Dami\u00e1n\u201d, \u201cLos \u00faltimos monstruos\u201d, \u201cEl difundo estaba vivo\u201d,  \u201cLa mancha indeleble\u201d, \u201cEl socio\u201d, \u201cDos pesos de agua\u201d y \u201cCuento de Navidad\u201d.<br \/>&#13;<br \/>\n    <br \/>&#13;<br \/>\n    Cuentista, novelista, ensayista y  fundador de los dos principales partidos pol\u00edticos dominicanos, Juan Bosch  naci\u00f3 en 1909 y muri\u00f3 en 2001, dejando un legado intelectual sin precedentes en  la historia de la literatura dominicana.<br \/>&#13;<br \/>\n    <br \/>&#13;<br \/>\n    Entre las obras de ficci\u00f3n de  Bosch destacan \u201cCuentos escritos antes del exilio\u201d, \u201cCuentos escritos en el  exilio\u201d y \u201cM\u00e1s cuentos escritos en el exilio\u201d, adem\u00e1s de las novelas \u201cLa  Ma\u00f1osa\u201d y \u201cEl oro y la paz\u201d.<br \/>&#13;<br \/>\n    <br \/>&#13;<br \/>\n    La Sra. G\u00fcilamo destac\u00f3 la  capacidad del escritor y periodista Jos\u00e9 Carvajal, quien\u00a0 ha publicado novela, cuento y poes\u00eda, adem\u00e1s  de contar con una exitosa carrera period\u00edstica que inici\u00f3 a mediados de los  ochenta como corresponsal del diario El Nacional, en Nueva York, adem\u00e1s es en  la actualidad el presidente de la Filial del Colegio Dominicano de Periodistas,  CDP, en la Florida.<br \/>&#13;<br \/>\n    <br \/>&#13;<br \/>\n    Desde que se traslad\u00f3 a Miami en  1994, Carvajal ha trabajado para las agencias de noticias United Press  Internacional (UPI) y Reuters, la cadena televisiva CBS, Noticiero Univisi\u00f3n y  el diario El Nuevo Herald. Tambi\u00e9n fund\u00f3 y dirigi\u00f3 por ocho a\u00f1os la Agencia  Internacional de Noticias Literarias Librusa.<\/p>\n<p>&#13;<\/p>\n<h6> 2008-04-29 22:46:45 <\/h6>\n<p><!--\n<link rel=\"stylesheet\" href=\"css\/bootstrap.min.css\">\n\n\n<ul class=\"pagination\">\n\t    \n\t\n\n<li >\n\t<a href='?page_no=22736'>Previous<\/a>\n\t<\/li>\n\n\n       \n    \n\n<li><a href='?page_no=1'>1<\/a><\/li>\n\n\n\n<li><a href='?page_no=2'>2<\/a><\/li>\n\n\n\n<li><a>...<\/a><\/li>\n\n\n\n<li><a href='?page_no=22735'>22735<\/a><\/li>\n\n\n\n<li><a href='?page_no=22736'>22736<\/a><\/li>\n\n\n\n<li class='active'><a>22737<\/a><\/li>\n\n\n\n<li><a href='?page_no=22738'>22738<\/a><\/li>\n\n\n\n<li><a href='?page_no=22739'>22739<\/a><\/li>\n\n\n\n<li><a>...<\/a><\/li>\n\n\n\n<li><a href='?page_no=22911'>22911<\/a><\/li>\n\n\n\n<li><a href='?page_no=22912'>22912<\/a><\/li>\n\n    \n\t\n\n<li >\n\t<a href='?page_no=22738'>Next<\/a>\n\t<\/li>\n\n\n    \n\n<li><a href='?page_no=22912'>Last &rsaquo;&rsaquo;<\/a><\/li>\n\n<\/ul>\n\n\n--><br \/>\n<\/body><\/p>\n","protected":false},"excerpt":{"rendered":"<p>Periodista Jos\u00e9 Carvajal: Pondr\u00e1 en circulaci\u00f3n el libro \u201cCuentos fant\u00e1sticos de Juan Bosch\u201d, en Nueva York&#13; &#13; Nueva York.- La Licda. Jacqueline G\u00fcilamo, invita a todos los amantes de la cultura y la literatura a un gran encuentro con el periodista Jos\u00e9 Carvajal, quien pondr\u00e1 en circulaci\u00f3n la obra Cuentos fant\u00e1sticos de Juan Bosch, el [&hellip;]<\/p>\n","protected":false},"author":3,"featured_media":0,"comment_status":"open","ping_status":"open","sticky":false,"template":"","format":"standard","meta":{"footnotes":""},"categories":[21],"tags":[],"class_list":["post-71059","post","type-post","status-publish","format-standard","hentry","category-cultura"],"_links":{"self":[{"href":"https:\/\/diariodominicano.com\/index.php?rest_route=\/wp\/v2\/posts\/71059","targetHints":{"allow":["GET"]}}],"collection":[{"href":"https:\/\/diariodominicano.com\/index.php?rest_route=\/wp\/v2\/posts"}],"about":[{"href":"https:\/\/diariodominicano.com\/index.php?rest_route=\/wp\/v2\/types\/post"}],"author":[{"embeddable":true,"href":"https:\/\/diariodominicano.com\/index.php?rest_route=\/wp\/v2\/users\/3"}],"replies":[{"embeddable":true,"href":"https:\/\/diariodominicano.com\/index.php?rest_route=%2Fwp%2Fv2%2Fcomments&post=71059"}],"version-history":[{"count":0,"href":"https:\/\/diariodominicano.com\/index.php?rest_route=\/wp\/v2\/posts\/71059\/revisions"}],"wp:attachment":[{"href":"https:\/\/diariodominicano.com\/index.php?rest_route=%2Fwp%2Fv2%2Fmedia&parent=71059"}],"wp:term":[{"taxonomy":"category","embeddable":true,"href":"https:\/\/diariodominicano.com\/index.php?rest_route=%2Fwp%2Fv2%2Fcategories&post=71059"},{"taxonomy":"post_tag","embeddable":true,"href":"https:\/\/diariodominicano.com\/index.php?rest_route=%2Fwp%2Fv2%2Ftags&post=71059"}],"curies":[{"name":"wp","href":"https:\/\/api.w.org\/{rel}","templated":true}]}}