{"id":71058,"date":"2008-04-29T22:50:25","date_gmt":"2008-04-29T22:50:25","guid":{"rendered":"http:\/\/diariodominicano.ddns.net\/?p=71058"},"modified":"2008-04-29T22:50:25","modified_gmt":"2008-04-29T22:50:25","slug":"expertos-internacionales-elogian-labor-de-las-escuelas-libres-en-capotillo-y-guachupita","status":"publish","type":"post","link":"https:\/\/diariodominicano.com\/?p=71058","title":{"rendered":"Expertos internacionales elogian labor de las Escuelas Libres en Capotillo y Guachupita"},"content":{"rendered":"<p><body><\/p>\n<p align=\"justify\" class=\"titulogrande1\"><strong>Expertos  internacionales elogian labor de las \u00a0Escuelas  Libres \u00a0en \u00a0Capotillo y Guachupita<\/strong><\/p>\n<p>&#13;<\/p>\n<p align=\"justify\" class=\"text1noticias\"><strong>La valoraci\u00f3n de los distinguidos expertos ser\u00e1 dada a conocer  de forma extensiva en un video que ser\u00e1 exhibido en el pabell\u00f3n de cultura de la XI Feria Internacional  del Libro, el pr\u00f3ximo s\u00e1bado 3 a  las 4 de la tarde.<\/strong><\/p>\n<p>&#13;<\/p>\n<p align=\"justify\" class=\"text1noticias\"><strong><img loading=\"lazy\" decoding=\"async\" src=\"http:\/\/localhost:8080\/img\/bailes.jpg\" width=\"375\" height=\"1882\" hspace=\"4\" align=\"left\" \/>Santo Domingo.-<\/strong> Expertos  internacionales de administraci\u00f3n coincidieron en reconocer el trabajo  desplegado por la   Secretar\u00eda de Estado de Cultura en los barrios de Capotillo y  Guachupita\u00a0 a trav\u00e9s del Sistema Nacional  de Escuelas Libres.<\/p>\n<p>&#13;<\/p>\n<p align=\"justify\" class=\"text1noticias\"> Reunidos  en la Universidad Aut\u00f3noma  de Santo Domingo para tratar diversos t\u00f3picos relacionados con su \u00e1rea, los  expertos quedaron impresionados con una vistosa presentaci\u00f3n de bienvenida que  para ellos hicieran los ni\u00f1os y j\u00f3venes de las escuelas libres de Capotillo y  Guachupita en el Auditorio Manuel del Cabral de la alta casa de estudios, donde  mostraron diversas facetas de la cultura dominicana.<\/p>\n<p>&#13;<\/p>\n<p align=\"justify\" class=\"text1noticias\">Tras  ver el espect\u00e1culo, Ciriaco Ram\u00edrez, profesor de Administraci\u00f3n Estrat\u00e9gica de la UASD, expres\u00f3: \u201cFue muy  impresionante esa presentaci\u00f3n, una experiencia demostrativa de que en los  barrios marginados hay no s\u00f3lo cosas negativas, sino, que la cultura est\u00e1 bien  enraizada\u201d. <\/p>\n<p>&#13;<\/p>\n<p align=\"justify\" class=\"text1noticias\">Margarita  G\u00f3mez Mat\u00edas, representante de la Universidad de Baja California, manifest\u00f3 que la  presentaci\u00f3n de los ni\u00f1os de Guachupita y Capotillo hab\u00eda sido una demostraci\u00f3n  de que la pobreza no es un impedimento para estar a nivel de los grandes foros  internacionales, mientras que la catedr\u00e1tica dominicana Clara Benedicto dijo  sentirse orgullosa del trabajo que por el rescate de nuestra identidad y el  rescate de nuestra ni\u00f1ez y juventud, est\u00e1 haciendo la Secretar\u00eda de Cultura  en los barrios y municipios.<\/p>\n<p>&#13;<\/p>\n<p align=\"justify\" class=\"text1noticias\">\u201cNo  se me hab\u00eda ocurrido a m\u00ed que Cultura\u00a0hab\u00eda calado tan hondo en nuestros barrios, en nuestra juventud y\u00a0 espero que se contin\u00faen abriendo m\u00e1s escuelas  libres en todo el pa\u00eds\u201d, concluy\u00f3 diciendo la experta universitaria.<\/p>\n<p>&#13;<\/p>\n<p align=\"justify\" class=\"text1noticias\">Lu\u00eds  Calder\u00f3n Aguirre, representante de M\u00e9xico ante el referido c\u00f3nclave  internacional manifest\u00f3 que \u201chaber  compartido con ustedes este maravilloso espect\u00e1culo fue algo trascendental.  Tanto en mi pa\u00eds como en \u00e9ste, la ni\u00f1ez es el futuro y este espect\u00e1culo nos  vino a demostrar que a\u00fan tenemos esperanza, fue algo maravilloso\u201d.<\/p>\n<p>&#13;<\/p>\n<p align=\"justify\" class=\"text1noticias\">En  igual sentido hablaron Yolanda Varela, de Venezuela;\u00a0 Pedro Musa Vel\u00e1squez, Presidente de la Alianza Internacional  de Hombres y Mujeres Empresarias, as\u00ed como Sobeida Minaya, entre otros.<\/p>\n<p>&#13;<\/p>\n<p align=\"justify\" class=\"text1noticias\"><strong>Una mirada a la cultura del  barrio<\/strong><\/p>\n<p>&#13;<\/p>\n<p align=\"justify\" class=\"text1noticias\"> Por  su lado, Angel Mej\u00eda, Director del Sistema Nacional de Escuelas Libres, dijo  que adem\u00e1s de reunir las opiniones de 12 expertos, el video sobre Guachupita y  Capotillo a exhibirse en la XI Feria  Internacional del Libro de Santo Domingo, representa una mirada cultural hacia  el interior de dichos barrios, con im\u00e1genes reveladoras de lo que est\u00e1  ocurriendo all\u00ed desde que la   Secretar\u00eda de Estado de Cultura pusiera en funcionamiento el  programa de las Escuelas Libres, \u00a0el cual  viene funcionando desde inicios de la presente gesti\u00f3n en 48 comunidades del  pa\u00eds.<\/p>\n<p>&#13;<\/p>\n<p align=\"justify\" class=\"text1noticias\">\u201cSer\u00e1  una buena oportunidad para que los amantes de la cultura conozcan de cerca una  experiencia concreta de la cultura como instrumento al servicio del desarrollo  comunitario\u201d, puntualiz\u00f3.<\/p>\n<p>&#13;<\/p>\n<h6> 2008-04-29 22:50:25 <\/h6>\n<p><!--\n<link rel=\"stylesheet\" href=\"css\/bootstrap.min.css\">\n\n\n<ul class=\"pagination\">\n\t    \n\t\n\n<li >\n\t<a href='?page_no=22735'>Previous<\/a>\n\t<\/li>\n\n\n       \n    \n\n<li><a href='?page_no=1'>1<\/a><\/li>\n\n\n\n<li><a href='?page_no=2'>2<\/a><\/li>\n\n\n\n<li><a>...<\/a><\/li>\n\n\n\n<li><a href='?page_no=22734'>22734<\/a><\/li>\n\n\n\n<li><a href='?page_no=22735'>22735<\/a><\/li>\n\n\n\n<li class='active'><a>22736<\/a><\/li>\n\n\n\n<li><a href='?page_no=22737'>22737<\/a><\/li>\n\n\n\n<li><a href='?page_no=22738'>22738<\/a><\/li>\n\n\n\n<li><a>...<\/a><\/li>\n\n\n\n<li><a href='?page_no=22911'>22911<\/a><\/li>\n\n\n\n<li><a href='?page_no=22912'>22912<\/a><\/li>\n\n    \n\t\n\n<li >\n\t<a href='?page_no=22737'>Next<\/a>\n\t<\/li>\n\n\n    \n\n<li><a href='?page_no=22912'>Last &rsaquo;&rsaquo;<\/a><\/li>\n\n<\/ul>\n\n\n--><br \/>\n<\/body><\/p>\n","protected":false},"excerpt":{"rendered":"<p>Expertos internacionales elogian labor de las \u00a0Escuelas Libres \u00a0en \u00a0Capotillo y Guachupita &#13; La valoraci\u00f3n de los distinguidos expertos ser\u00e1 dada a conocer de forma extensiva en un video que ser\u00e1 exhibido en el pabell\u00f3n de cultura de la XI Feria Internacional del Libro, el pr\u00f3ximo s\u00e1bado 3 a las 4 de la tarde. &#13; [&hellip;]<\/p>\n","protected":false},"author":3,"featured_media":0,"comment_status":"open","ping_status":"open","sticky":false,"template":"","format":"standard","meta":{"footnotes":""},"categories":[21],"tags":[],"class_list":["post-71058","post","type-post","status-publish","format-standard","hentry","category-cultura"],"_links":{"self":[{"href":"https:\/\/diariodominicano.com\/index.php?rest_route=\/wp\/v2\/posts\/71058","targetHints":{"allow":["GET"]}}],"collection":[{"href":"https:\/\/diariodominicano.com\/index.php?rest_route=\/wp\/v2\/posts"}],"about":[{"href":"https:\/\/diariodominicano.com\/index.php?rest_route=\/wp\/v2\/types\/post"}],"author":[{"embeddable":true,"href":"https:\/\/diariodominicano.com\/index.php?rest_route=\/wp\/v2\/users\/3"}],"replies":[{"embeddable":true,"href":"https:\/\/diariodominicano.com\/index.php?rest_route=%2Fwp%2Fv2%2Fcomments&post=71058"}],"version-history":[{"count":0,"href":"https:\/\/diariodominicano.com\/index.php?rest_route=\/wp\/v2\/posts\/71058\/revisions"}],"wp:attachment":[{"href":"https:\/\/diariodominicano.com\/index.php?rest_route=%2Fwp%2Fv2%2Fmedia&parent=71058"}],"wp:term":[{"taxonomy":"category","embeddable":true,"href":"https:\/\/diariodominicano.com\/index.php?rest_route=%2Fwp%2Fv2%2Fcategories&post=71058"},{"taxonomy":"post_tag","embeddable":true,"href":"https:\/\/diariodominicano.com\/index.php?rest_route=%2Fwp%2Fv2%2Ftags&post=71058"}],"curies":[{"name":"wp","href":"https:\/\/api.w.org\/{rel}","templated":true}]}}