{"id":71057,"date":"2008-04-30T17:27:41","date_gmt":"2008-04-30T17:27:41","guid":{"rendered":"http:\/\/diariodominicano.ddns.net\/?p=71057"},"modified":"2008-04-30T17:27:41","modified_gmt":"2008-04-30T17:27:41","slug":"espana-presenta-aula-virtual-en-salon-internacional-libro-en-ginebra","status":"publish","type":"post","link":"https:\/\/diariodominicano.com\/?p=71057","title":{"rendered":"Espa\u00f1a presenta aula virtual en Sal\u00f3n Internacional Libro en Ginebra"},"content":{"rendered":"<p><body><\/p>\n<p align=\"justify\"><span class=\"titulogrande1\">Espa\u00f1a presenta aula virtual en Sal\u00f3n Internacional Libro en  Ginebra<\/span><br \/>&#13;<br \/>\n  <br \/>&#13;<br \/>\n    <span class=\"text1noticias\">La iniciativa busca facilitar el aprendizaje del espa\u00f1ol a  trav\u00e9s de internet. <\/span><\/p>\n<p>&#13;<\/p>\n<p align=\"justify\" class=\"text1noticias\"><img loading=\"lazy\" decoding=\"async\" src=\"http:\/\/localhost:8080\/img\/ginebra.jpg\" width=\"375\" height=\"270\" hspace=\"4\" align=\"left\" \/>El Sal\u00f3n Internacional del Libro y de la Prensa de Ginebra  abri\u00f3 hoy sus puertas y durante los cinco d\u00edas que durar\u00e1 el evento el invitado  de honor ser\u00e1 Egipto, mientras que Espa\u00f1a presentar\u00e1 este viernes el aula  virtual del espa\u00f1ol, que permitir\u00e1 aprender ese idioma por internet.<br \/>&#13;<br \/>\n  <br \/>&#13;<br \/>\n  En este primer d\u00eda, la entrada del p\u00fablico es gratuita. Se  espera que hasta el domingo el total de visitantes alcancen los 100.000.<br \/>&#13;<br \/>\n  <br \/>&#13;<br \/>\n  Egipto es el invitado especial en esta 22 edici\u00f3n del Sal\u00f3n  del Libro y la Prensa, de modo que se ha previsto la participaci\u00f3n de una  decena de escritores de ese pa\u00eds en varias conferencias que se han organizado.<br \/>&#13;<br \/>\n  <br \/>&#13;<br \/>\n  Asimismo, se presenta una exposici\u00f3n titulada \u00abTesoros de  los Faraones\u00bb, dedicada a famosos soberanos egipcios (Akenant\u00f3n, Nefertiti  y Toutankamon), con r\u00e9plicas de obras de arte conservadas en el Museo del  Cairo, mientras que en una \u00abantec\u00e1mara\u00bb se ha reunido una selecci\u00f3n  de piezas antiguas de coleccionistas suizos.<br \/>&#13;<br \/>\n  <br \/>&#13;<br \/>\n  Por su parte, la Embajada de Espa\u00f1a en Berna y el Instituto  Cervantes presentar\u00e1n un entorno did\u00e1ctico que ofrece cursos para aprender  espa\u00f1ol por internet mediante varias alternativas.<br \/>&#13;<br \/>\n  <br \/>&#13;<br \/>\n  La presencia espa\u00f1ola en este sal\u00f3n tambi\u00e9n se manifestar\u00e1 a  trav\u00e9s de una conferencia coloquio del escritor alicantino Vicente Molina Fox,  ganador del Premio Nacional de Narrativa 2007.<br \/>&#13;<br \/>\n  <br \/>&#13;<br \/>\n  Su intervenci\u00f3n ser\u00e1 el viernes y girar\u00e1 en torno a su  \u00faltimo libro \u00abEl Abrecartas\u00bb, recreaci\u00f3n epistolar de la historia de  Espa\u00f1a y que se inspir\u00f3 en un viaje que realiz\u00f3 a Suiza para conocer el mundo  de la emigraci\u00f3n espa\u00f1ola en este pa\u00eds.<br \/>&#13;<br \/>\n  <br \/>&#13;<br \/>\n  El sal\u00f3n tiene lugar en el complejo de exposiciones Palexpo  sobre una superficie de 35.000 metros cuadrados, el doble que en su edici\u00f3n  anterior, y alberga actividades especiales como el Sal\u00f3n del Libro de \u00c1frica,  al que asistir\u00e1 el Premio Nobel de Literatura 1986, el nigeriano Wole Soyinka.<br \/>&#13;<br \/>\n  <br \/>&#13;<br \/>\n  EFE<\/p>\n<p>&#13;<\/p>\n<h6> 2008-04-30 17:27:41 <\/h6>\n<p><!--\n<link rel=\"stylesheet\" href=\"css\/bootstrap.min.css\">\n\n\n<ul class=\"pagination\">\n\t    \n\t\n\n<li >\n\t<a href='?page_no=22734'>Previous<\/a>\n\t<\/li>\n\n\n       \n    \n\n<li><a href='?page_no=1'>1<\/a><\/li>\n\n\n\n<li><a href='?page_no=2'>2<\/a><\/li>\n\n\n\n<li><a>...<\/a><\/li>\n\n\n\n<li><a href='?page_no=22733'>22733<\/a><\/li>\n\n\n\n<li><a href='?page_no=22734'>22734<\/a><\/li>\n\n\n\n<li class='active'><a>22735<\/a><\/li>\n\n\n\n<li><a href='?page_no=22736'>22736<\/a><\/li>\n\n\n\n<li><a href='?page_no=22737'>22737<\/a><\/li>\n\n\n\n<li><a>...<\/a><\/li>\n\n\n\n<li><a href='?page_no=22911'>22911<\/a><\/li>\n\n\n\n<li><a href='?page_no=22912'>22912<\/a><\/li>\n\n    \n\t\n\n<li >\n\t<a href='?page_no=22736'>Next<\/a>\n\t<\/li>\n\n\n    \n\n<li><a href='?page_no=22912'>Last &rsaquo;&rsaquo;<\/a><\/li>\n\n<\/ul>\n\n\n--><br \/>\n<\/body><\/p>\n","protected":false},"excerpt":{"rendered":"<p>Espa\u00f1a presenta aula virtual en Sal\u00f3n Internacional Libro en Ginebra&#13; &#13; La iniciativa busca facilitar el aprendizaje del espa\u00f1ol a trav\u00e9s de internet. &#13; El Sal\u00f3n Internacional del Libro y de la Prensa de Ginebra abri\u00f3 hoy sus puertas y durante los cinco d\u00edas que durar\u00e1 el evento el invitado de honor ser\u00e1 Egipto, mientras [&hellip;]<\/p>\n","protected":false},"author":3,"featured_media":0,"comment_status":"open","ping_status":"open","sticky":false,"template":"","format":"standard","meta":{"footnotes":""},"categories":[21],"tags":[],"class_list":["post-71057","post","type-post","status-publish","format-standard","hentry","category-cultura"],"_links":{"self":[{"href":"https:\/\/diariodominicano.com\/index.php?rest_route=\/wp\/v2\/posts\/71057","targetHints":{"allow":["GET"]}}],"collection":[{"href":"https:\/\/diariodominicano.com\/index.php?rest_route=\/wp\/v2\/posts"}],"about":[{"href":"https:\/\/diariodominicano.com\/index.php?rest_route=\/wp\/v2\/types\/post"}],"author":[{"embeddable":true,"href":"https:\/\/diariodominicano.com\/index.php?rest_route=\/wp\/v2\/users\/3"}],"replies":[{"embeddable":true,"href":"https:\/\/diariodominicano.com\/index.php?rest_route=%2Fwp%2Fv2%2Fcomments&post=71057"}],"version-history":[{"count":0,"href":"https:\/\/diariodominicano.com\/index.php?rest_route=\/wp\/v2\/posts\/71057\/revisions"}],"wp:attachment":[{"href":"https:\/\/diariodominicano.com\/index.php?rest_route=%2Fwp%2Fv2%2Fmedia&parent=71057"}],"wp:term":[{"taxonomy":"category","embeddable":true,"href":"https:\/\/diariodominicano.com\/index.php?rest_route=%2Fwp%2Fv2%2Fcategories&post=71057"},{"taxonomy":"post_tag","embeddable":true,"href":"https:\/\/diariodominicano.com\/index.php?rest_route=%2Fwp%2Fv2%2Ftags&post=71057"}],"curies":[{"name":"wp","href":"https:\/\/api.w.org\/{rel}","templated":true}]}}