{"id":71055,"date":"2008-04-30T17:32:34","date_gmt":"2008-04-30T17:32:34","guid":{"rendered":"http:\/\/diariodominicano.ddns.net\/?p=71055"},"modified":"2008-04-30T17:32:34","modified_gmt":"2008-04-30T17:32:34","slug":"tailandia-sera-sede-de-los-premios-de-cine-de-bollywood","status":"publish","type":"post","link":"https:\/\/diariodominicano.com\/?p=71055","title":{"rendered":"Tailandia ser\u00e1 sede de los premios de cine de Bollywood"},"content":{"rendered":"<p><body><\/p>\n<p align=\"justify\"><span class=\"titulogrande1\">Tailandia ser\u00e1 sede de los premios de cine de Bollywood <\/span><br \/>&#13;<br \/>\n  <br \/>&#13;<br \/>\n    <span class=\"text1noticias\">En junio se realizar\u00e1 el evento que eligir\u00e1\u00a0a lo mejor  de la industria cinematogr\u00e1fica india. \u00a0 <\/span><\/p>\n<p>&#13;<\/p>\n<p align=\"justify\" class=\"text1noticias\">Tailandia ser\u00e1 la sede en junio de los premios de la  Academia Internacional de Cine India (IIFA), evento que comenzar\u00e1 con el  estreno de la pel\u00edcula Sarkar Raj, anunciaron hoy los organizadores.<br \/>&#13;<br \/>\n  <br \/>&#13;<br \/>\n  La decisi\u00f3n busca acercar a ambas naciones y estrechar los lazos culturales. El  festival de Bangkok comenzar\u00e1 el 6 de junio con\u00a0la cinta\u00a0india  protagonizada por el astro Amitabh Bachchan y otros miembros de su familia de  actores, y terminar\u00e1 el d\u00eda 8 con el anuncio de los premios de la IIFA.<br \/>&#13;<br \/>\n  <br \/>&#13;<br \/>\n  Se espera que el evento atraiga a Bangkok a los fan\u00e1ticos de las pel\u00edculas de  Bollywood -nombre\u00a0con que es conocida la industria\u00a0cinematogr\u00e1fica  india-\u00a0de todo el mundo y aumente los negocios bilaterales entre ambas  naciones, que firmaron un tratado de libre comercio.<br \/>&#13;<br \/>\n  <br \/>&#13;<br \/>\n  dpa<\/p>\n<p>&#13;<\/p>\n<h6> 2008-04-30 17:32:34 <\/h6>\n<p><!--\n<link rel=\"stylesheet\" href=\"css\/bootstrap.min.css\">\n\n\n<ul class=\"pagination\">\n\t    \n\t\n\n<li >\n\t<a href='?page_no=22732'>Previous<\/a>\n\t<\/li>\n\n\n       \n    \n\n<li><a href='?page_no=1'>1<\/a><\/li>\n\n\n\n<li><a href='?page_no=2'>2<\/a><\/li>\n\n\n\n<li><a>...<\/a><\/li>\n\n\n\n<li><a href='?page_no=22731'>22731<\/a><\/li>\n\n\n\n<li><a href='?page_no=22732'>22732<\/a><\/li>\n\n\n\n<li class='active'><a>22733<\/a><\/li>\n\n\n\n<li><a href='?page_no=22734'>22734<\/a><\/li>\n\n\n\n<li><a href='?page_no=22735'>22735<\/a><\/li>\n\n\n\n<li><a>...<\/a><\/li>\n\n\n\n<li><a href='?page_no=22911'>22911<\/a><\/li>\n\n\n\n<li><a href='?page_no=22912'>22912<\/a><\/li>\n\n    \n\t\n\n<li >\n\t<a href='?page_no=22734'>Next<\/a>\n\t<\/li>\n\n\n    \n\n<li><a href='?page_no=22912'>Last &rsaquo;&rsaquo;<\/a><\/li>\n\n<\/ul>\n\n\n--><br \/>\n<\/body><\/p>\n","protected":false},"excerpt":{"rendered":"<p>Tailandia ser\u00e1 sede de los premios de cine de Bollywood &#13; &#13; En junio se realizar\u00e1 el evento que eligir\u00e1\u00a0a lo mejor de la industria cinematogr\u00e1fica india. \u00a0 &#13; Tailandia ser\u00e1 la sede en junio de los premios de la Academia Internacional de Cine India (IIFA), evento que comenzar\u00e1 con el estreno de la pel\u00edcula [&hellip;]<\/p>\n","protected":false},"author":3,"featured_media":0,"comment_status":"open","ping_status":"open","sticky":false,"template":"","format":"standard","meta":{"footnotes":""},"categories":[21],"tags":[],"class_list":["post-71055","post","type-post","status-publish","format-standard","hentry","category-cultura"],"_links":{"self":[{"href":"https:\/\/diariodominicano.com\/index.php?rest_route=\/wp\/v2\/posts\/71055","targetHints":{"allow":["GET"]}}],"collection":[{"href":"https:\/\/diariodominicano.com\/index.php?rest_route=\/wp\/v2\/posts"}],"about":[{"href":"https:\/\/diariodominicano.com\/index.php?rest_route=\/wp\/v2\/types\/post"}],"author":[{"embeddable":true,"href":"https:\/\/diariodominicano.com\/index.php?rest_route=\/wp\/v2\/users\/3"}],"replies":[{"embeddable":true,"href":"https:\/\/diariodominicano.com\/index.php?rest_route=%2Fwp%2Fv2%2Fcomments&post=71055"}],"version-history":[{"count":0,"href":"https:\/\/diariodominicano.com\/index.php?rest_route=\/wp\/v2\/posts\/71055\/revisions"}],"wp:attachment":[{"href":"https:\/\/diariodominicano.com\/index.php?rest_route=%2Fwp%2Fv2%2Fmedia&parent=71055"}],"wp:term":[{"taxonomy":"category","embeddable":true,"href":"https:\/\/diariodominicano.com\/index.php?rest_route=%2Fwp%2Fv2%2Fcategories&post=71055"},{"taxonomy":"post_tag","embeddable":true,"href":"https:\/\/diariodominicano.com\/index.php?rest_route=%2Fwp%2Fv2%2Ftags&post=71055"}],"curies":[{"name":"wp","href":"https:\/\/api.w.org\/{rel}","templated":true}]}}