{"id":71054,"date":"2008-04-30T17:34:34","date_gmt":"2008-04-30T17:34:34","guid":{"rendered":"http:\/\/diariodominicano.ddns.net\/?p=71054"},"modified":"2008-04-30T17:34:34","modified_gmt":"2008-04-30T17:34:34","slug":"vargas-llosa-honoris-causa-por-la-universidad-de-alicante","status":"publish","type":"post","link":"https:\/\/diariodominicano.com\/?p=71054","title":{"rendered":"Vargas Llosa, honoris causa por la Universidad de Alicante"},"content":{"rendered":"<p><body><\/p>\n<p align=\"justify\"><strong class=\"titulogrande1\">Vargas Llosa, honoris causa por la Universidad de Alicante<\/strong><br \/>&#13;<br \/>\n  <br \/>&#13;<br \/>\n    <span class=\"text1noticias\">El escritor hispano-peruano ha sido distinguido por su papel al frente de  la Fundaci\u00f3n Biblioteca Virtual Miguel de Cervantes <br \/>&#13;<br \/>\n    <br \/>&#13;<br \/>\n    <strong>EFE<\/strong> &#8211; Alicante &#8211; 29\/04\/2008 <\/span><\/p>\n<p>&#13;<\/p>\n<p align=\"justify\" class=\"text1noticias\">El escritor peruano Mario Vargas  Llosa ser\u00e1 investido doctor honoris causa por la Universidad de Alicante, en  reconocimiento a su labor como presidente del consejo cient\u00edfico de la  Fundaci\u00f3n Biblioteca Virtual Miguel de Cervantes, con sede en la instituci\u00f3n docente  alicantina.<br \/>&#13;<br \/>\n  <br \/>&#13;<br \/>\n  El galard\u00f3n, aprobado hoy por el  consejo de gobierno universitario, es consecuencia de la propuesta hecha hace  unos meses por el actual rector, Ignacio Jim\u00e9nez Raneda. No ha trascendido la  fecha de la ceremonia en la que se realizar\u00e1 la investidura.<br \/>&#13;<br \/>\n  <br \/>&#13;<br \/>\n  Vargas Llosa comenz\u00f3 a colaborar  con la Miguel de Cervantes en junio de 2002, tres a\u00f1os despu\u00e9s de su creaci\u00f3n  conjuntamente por la Universidad y el banco Santander.<br \/>&#13;<br \/>\n  <br \/>&#13;<br \/>\n  Nacionalizado espa\u00f1ol en 1993, el  escritor peruano ha conseguido los principales galardones literarios en lengua  espa\u00f1ola, entre ellos el Cervantes, el R\u00f3mulo Gallegos, el Pr\u00edncipe de  Asturias, compartido con Rafael Lapesa, y el Planeta.<br \/>&#13;<br \/>\n  <br \/>&#13;<br \/>\n  En enero de 1996, fue elegido  miembro de la Academia de la Lengua, en la que ingres\u00f3 con un discurso sobre  Azor\u00edn, y ha sido traducido a gran n\u00famero de lenguas. Est\u00e1 considerado una de  las principales figuras literarias del momento, con 18 novelas publicadas y  numerosos ensayos y art\u00edculos period\u00edsticos.<br \/>&#13;<br \/>\n  <br \/>&#13;<br \/>\n  La Biblioteca Virtual Miguel de  Cervantes, inaugurada en julio de 1999, es un amplio proyecto de edici\u00f3n  digital del patrimonio bibliogr\u00e1fico, documental y cr\u00edtico espa\u00f1ol e  hispanoamericano, que pretende potenciar la expansi\u00f3n universal de las culturas  hisp\u00e1nicas a trav\u00e9s de la utilizaci\u00f3n y aplicaci\u00f3n de los medios tecnol\u00f3gicos  m\u00e1s avanzados.<\/p>\n<p>&#13;<\/p>\n<h6> 2008-04-30 17:34:34 <\/h6>\n<p><!--\n<link rel=\"stylesheet\" href=\"css\/bootstrap.min.css\">\n\n\n<ul class=\"pagination\">\n\t    \n\t\n\n<li >\n\t<a href='?page_no=22731'>Previous<\/a>\n\t<\/li>\n\n\n       \n    \n\n<li><a href='?page_no=1'>1<\/a><\/li>\n\n\n\n<li><a href='?page_no=2'>2<\/a><\/li>\n\n\n\n<li><a>...<\/a><\/li>\n\n\n\n<li><a href='?page_no=22730'>22730<\/a><\/li>\n\n\n\n<li><a href='?page_no=22731'>22731<\/a><\/li>\n\n\n\n<li class='active'><a>22732<\/a><\/li>\n\n\n\n<li><a href='?page_no=22733'>22733<\/a><\/li>\n\n\n\n<li><a href='?page_no=22734'>22734<\/a><\/li>\n\n\n\n<li><a>...<\/a><\/li>\n\n\n\n<li><a href='?page_no=22911'>22911<\/a><\/li>\n\n\n\n<li><a href='?page_no=22912'>22912<\/a><\/li>\n\n    \n\t\n\n<li >\n\t<a href='?page_no=22733'>Next<\/a>\n\t<\/li>\n\n\n    \n\n<li><a href='?page_no=22912'>Last &rsaquo;&rsaquo;<\/a><\/li>\n\n<\/ul>\n\n\n--><br \/>\n<\/body><\/p>\n","protected":false},"excerpt":{"rendered":"<p>Vargas Llosa, honoris causa por la Universidad de Alicante&#13; &#13; El escritor hispano-peruano ha sido distinguido por su papel al frente de la Fundaci\u00f3n Biblioteca Virtual Miguel de Cervantes &#13; &#13; EFE &#8211; Alicante &#8211; 29\/04\/2008 &#13; El escritor peruano Mario Vargas Llosa ser\u00e1 investido doctor honoris causa por la Universidad de Alicante, en reconocimiento [&hellip;]<\/p>\n","protected":false},"author":3,"featured_media":0,"comment_status":"open","ping_status":"open","sticky":false,"template":"","format":"standard","meta":{"footnotes":""},"categories":[21],"tags":[],"class_list":["post-71054","post","type-post","status-publish","format-standard","hentry","category-cultura"],"_links":{"self":[{"href":"https:\/\/diariodominicano.com\/index.php?rest_route=\/wp\/v2\/posts\/71054","targetHints":{"allow":["GET"]}}],"collection":[{"href":"https:\/\/diariodominicano.com\/index.php?rest_route=\/wp\/v2\/posts"}],"about":[{"href":"https:\/\/diariodominicano.com\/index.php?rest_route=\/wp\/v2\/types\/post"}],"author":[{"embeddable":true,"href":"https:\/\/diariodominicano.com\/index.php?rest_route=\/wp\/v2\/users\/3"}],"replies":[{"embeddable":true,"href":"https:\/\/diariodominicano.com\/index.php?rest_route=%2Fwp%2Fv2%2Fcomments&post=71054"}],"version-history":[{"count":0,"href":"https:\/\/diariodominicano.com\/index.php?rest_route=\/wp\/v2\/posts\/71054\/revisions"}],"wp:attachment":[{"href":"https:\/\/diariodominicano.com\/index.php?rest_route=%2Fwp%2Fv2%2Fmedia&parent=71054"}],"wp:term":[{"taxonomy":"category","embeddable":true,"href":"https:\/\/diariodominicano.com\/index.php?rest_route=%2Fwp%2Fv2%2Fcategories&post=71054"},{"taxonomy":"post_tag","embeddable":true,"href":"https:\/\/diariodominicano.com\/index.php?rest_route=%2Fwp%2Fv2%2Ftags&post=71054"}],"curies":[{"name":"wp","href":"https:\/\/api.w.org\/{rel}","templated":true}]}}