{"id":71053,"date":"2008-04-30T20:22:12","date_gmt":"2008-04-30T20:22:12","guid":{"rendered":"http:\/\/diariodominicano.ddns.net\/?p=71053"},"modified":"2008-04-30T20:22:12","modified_gmt":"2008-04-30T20:22:12","slug":"vicepresidente-alburquerque-pone-en-circulacion-obra-postuma-de-su-padre","status":"publish","type":"post","link":"https:\/\/diariodominicano.com\/?p=71053","title":{"rendered":"Vicepresidente Alburquerque pone en circulaci\u00f3n Obra P\u00f3stuma de su padre"},"content":{"rendered":"<p><body><\/p>\n<p align=\"justify\"><strong class=\"titulogrande1\">Vicepresidente Alburquerque pone en circulaci\u00f3n Obra P\u00f3stuma de su padre \u00abA\u00f1os Imborrables\u00bb<\/strong><\/p>\n<p>&#13;<\/p>\n<p align=\"justify\" class=\"text1noticias\"><strong><img loading=\"lazy\" decoding=\"async\" src=\"http:\/\/localhost:8080\/img\/vice libro.jpg\" width=\"375\" height=\"2983\" hspace=\"4\" align=\"left\" \/>Santo Domingo.-<\/strong> \u00abEn el a\u00f1o 1955, el propio  dictador envi\u00f3 a un funcionario al hogar de mi padre, a pedirle que se  inscribiera en el Partido Dominicano, y naturalmente la respuesta fue  dr\u00e1sticas. Como tambi\u00e9n pude ver y escuchar cuando fueron al hogar a vender  aquella famosa plaza met\u00e1lica en la que se dec\u00eda: \u00abEn esta casa Trujillo es el jefe\u00bb, escuchar de sus labios decir: \u00abEn esta casa el jefe soy yo\u00bb.<\/p>\n<p>&#13;<\/p>\n<p align=\"justify\" class=\"text1noticias\">Con relatos como el anterior,  basado en la vida del licenciado Rafael Alburquerque Sayas Baz\u00e1n (Chih\u00ed  Alburquerque), que combati\u00f3 con gallard\u00eda la Tiran\u00eda de Rafael Leonidas  Trujillo, durante los 30 a\u00f1os que \u00e9sta subyug\u00f3 al pa\u00eds, el vicepresidente de la  Rep\u00fablica, doctor Rafael Alburquerque (hijo), puso en circulaci\u00f3n la obra  p\u00f3stuma de su padre \u00abA\u00f1os Imborrables\u00bb, en el marco de la XI Feria  Internacional del Libro.<\/p>\n<p>&#13;<\/p>\n<p align=\"justify\" class=\"text1noticias\">El vicepresidente destac\u00f3 que la  obra tiene la finalidad de que las nuevas generaciones que no vieron ese  r\u00e9gimen tengan un testimonio \u00abvivo\u00bb de lo que fue aquella \u00e9poca de  oprobio y dolor para la familia dominicana, a fin de que est\u00e9n alerta para que  no vuelva a repetirse la misma.<\/p>\n<p>&#13;<\/p>\n<p align=\"justify\" class=\"text1noticias\">\u00abHoy ponemos en circulaci\u00f3n  esta obra, donde podr\u00e1n leer su contenido y manifestar con dicho contenido el afianzamiento  del r\u00e9gimen de libertades y democracia que vive la Rep\u00fablica Dominicana\u00bb,  afirm\u00f3 Alburquerque.<\/p>\n<p>&#13;<\/p>\n<p align=\"justify\" class=\"text1noticias\">Tras destacar que la obra recoge  acontecimientos in\u00e9ditos que marcaron la vida de su padre, el vicepresidente  relat\u00f3 que a\u00f1os antes de la muerte de \u00e9ste lo encontr\u00f3 releyendo el legajo de  papeles manuscritos base de la obra, y que al ped\u00edrselo para publicarlos se  neg\u00f3, pero que meses antes de su fallecimiento, en el 2004, cierto d\u00eda que fue  a visitarle le entreg\u00f3 dicho legajo de documentos a manera de regalo.<\/p>\n<p>&#13;<\/p>\n<p align=\"justify\" class=\"text1noticias\">Explic\u00f3 tambi\u00e9n, que \u00abA\u00f1os  Imborrables\u00bb, no es un simple relato de hechos que vivi\u00f3 el autor en la  decidida oposici\u00f3n que siempre hizo al Tirano, con su no asistencia al local  del Partido Dominicano ni a Radio Televisi\u00f3n Dominicana, o la ocasi\u00f3n en que de  marzo del 1960 a mayo del 1961, tiempo que pas\u00f3 detenido en la c\u00e1rcel de la 40,  su casa era constantemente asediada por esbirros de la dictadura.<\/p>\n<p>&#13;<\/p>\n<p align=\"justify\" class=\"text1noticias\">\u00abPara \u00e9l esos eran hechos  sin trascendencia que nunca le merecieron una letra, para \u00e9l (Chichi  Alburquerque), lo que escribi\u00f3 en este legajo de papeles, ya amarillentos por  el tiempo, fueron los acontecimientos que lo marcaron para toda su vida y que a  su vez, marcaron la vida del pa\u00eds y de los hombres y mujeres que como \u00e9l se  dedicaron a enfrentar con gallard\u00eda a la Tiran\u00eda\u00bb, indic\u00f3.<\/p>\n<p>&#13;<\/p>\n<p align=\"justify\" class=\"text1noticias\"> De su lado, el director del  Archivo General de la Naci\u00f3n, historiador Roberto Cass\u00e1, quien edit\u00f3 y prolog\u00f3  la obra, destac\u00f3 que aunque hay muchos escrito sobre la dictadura, dicha obra  recoge aspectos que nunca se hab\u00edan publicado de ese per\u00edodo de la historia  dominicana, y que no s\u00f3lo presenta al autor como un opositor irreductible,  sino, que agrega aqu\u00ed confesiones vivas que contribuyen a entender mejor dicha  \u00e9poca.<\/p>\n<p>&#13;<\/p>\n<p align=\"justify\" class=\"text1noticias\">\u00abEn el libro se encuentra la  doble vertiente de la visualizaci\u00f3n de los rasgos forzosos de la \u00e9poca y de las  acciones en que particip\u00f3 su autor. El licenciado Alburquerque explica aqu\u00ed, de  manera detallada, porqu\u00e9 se hizo un opositor a la tiran\u00eda, ya que antes de  graduarse de abogado en 1931, rechazaba los rasgos desp\u00f3tico del orden, que  desconoc\u00edan los derechos y libertades ciudadanos\u00bb, indic\u00f3.<\/p>\n<p>&#13;<\/p>\n<p align=\"justify\" class=\"text1noticias\">Refiri\u00f3 que dicha obra viene a  ser una s\u00edntesis de una \u00abidentidad ciudadana eminentemente  democr\u00e1tica\u00bb, en respuestas a los perfiles identificados como esenciales  en el orden tir\u00e1nico de la \u00e9poca.<\/p>\n<p>&#13;<\/p>\n<p align=\"justify\" class=\"text1noticias\">\u00abLas informaciones  contenidas en este libro, sin dudas, son de alta relevancia por provenir de un  protagonista de primera l\u00ednea, pero adem\u00e1s, su mirada del trujillato reviste el  mayor valor, porque agrega apreciaciones vivas, que contribuyen a pensar mejor  la especificidad de aquel Orden de Espanto que vivi\u00f3 el pa\u00eds\u00bb, destac\u00f3.<\/p>\n<p>&#13;<\/p>\n<p align=\"justify\" class=\"text1noticias\">Tambi\u00e9n, el doctor Ram\u00f3n Andr\u00e9s  Blanco Fern\u00e1ndez, compa\u00f1ero de lucha del autor de la obra, destac\u00f3 el papel  jugado por \u00e9ste en la lucha antitrujillista de la intelectualidad de aquella  \u00e9poca y el sector liberal-profesional, entre los que se encontraba \u00abChichi  Alburquerque\u00bb, as\u00ed como la amarga experiencias que juntos vivieron cuando  fueron recluidos en el \u00abcentro de torturas de la c\u00e1rcel de la 40\u00bb.<\/p>\n<p>&#13;<\/p>\n<p align=\"justify\" class=\"text1noticias\">\u00abEn este libro, al comienzo  hay un llamado que hace el autor, donde le pide a la juventud que no abandone  jam\u00e1s la lucha, que no renuncie a las libertades p\u00fablicas y la suerte que han  tenido hoy, de vivir en libertad, a esa suerte que han tenido de recibir un  gobierno democr\u00e1tico, en donde pueden elegir y ser elegidos, que jam\u00e1s dejen  que vuelva de nuevo a nuestro pa\u00eds un gobierno tir\u00e1nico\u00bb, exhort\u00f3.<\/p>\n<p>&#13;<\/p>\n<p align=\"justify\" class=\"text1noticias\">En la puesta en circulaci\u00f3n de la  obra estuvieron presentes adem\u00e1s la hermana del vicepresidente, Sor Enma  Alburquerque, do\u00f1a Martha de Alburquerque, Lily Alburquerque, hermana que le  sobrevive al autor, con la edad de 101 a\u00f1os de edad, entre otros invitados  especiales y personalidades. <\/p>\n<p>&#13;<\/p>\n<h6> 2008-04-30 20:22:12 <\/h6>\n<p><!--\n<link rel=\"stylesheet\" href=\"css\/bootstrap.min.css\">\n\n\n<ul class=\"pagination\">\n\t    \n\t\n\n<li >\n\t<a href='?page_no=22730'>Previous<\/a>\n\t<\/li>\n\n\n       \n    \n\n<li><a href='?page_no=1'>1<\/a><\/li>\n\n\n\n<li><a href='?page_no=2'>2<\/a><\/li>\n\n\n\n<li><a>...<\/a><\/li>\n\n\n\n<li><a href='?page_no=22729'>22729<\/a><\/li>\n\n\n\n<li><a href='?page_no=22730'>22730<\/a><\/li>\n\n\n\n<li class='active'><a>22731<\/a><\/li>\n\n\n\n<li><a href='?page_no=22732'>22732<\/a><\/li>\n\n\n\n<li><a href='?page_no=22733'>22733<\/a><\/li>\n\n\n\n<li><a>...<\/a><\/li>\n\n\n\n<li><a href='?page_no=22911'>22911<\/a><\/li>\n\n\n\n<li><a href='?page_no=22912'>22912<\/a><\/li>\n\n    \n\t\n\n<li >\n\t<a href='?page_no=22732'>Next<\/a>\n\t<\/li>\n\n\n    \n\n<li><a href='?page_no=22912'>Last &rsaquo;&rsaquo;<\/a><\/li>\n\n<\/ul>\n\n\n--><br \/>\n<\/body><\/p>\n","protected":false},"excerpt":{"rendered":"<p>Vicepresidente Alburquerque pone en circulaci\u00f3n Obra P\u00f3stuma de su padre \u00abA\u00f1os Imborrables\u00bb &#13; Santo Domingo.- \u00abEn el a\u00f1o 1955, el propio dictador envi\u00f3 a un funcionario al hogar de mi padre, a pedirle que se inscribiera en el Partido Dominicano, y naturalmente la respuesta fue dr\u00e1sticas. Como tambi\u00e9n pude ver y escuchar cuando fueron al [&hellip;]<\/p>\n","protected":false},"author":3,"featured_media":0,"comment_status":"open","ping_status":"open","sticky":false,"template":"","format":"standard","meta":{"footnotes":""},"categories":[21],"tags":[],"class_list":["post-71053","post","type-post","status-publish","format-standard","hentry","category-cultura"],"_links":{"self":[{"href":"https:\/\/diariodominicano.com\/index.php?rest_route=\/wp\/v2\/posts\/71053","targetHints":{"allow":["GET"]}}],"collection":[{"href":"https:\/\/diariodominicano.com\/index.php?rest_route=\/wp\/v2\/posts"}],"about":[{"href":"https:\/\/diariodominicano.com\/index.php?rest_route=\/wp\/v2\/types\/post"}],"author":[{"embeddable":true,"href":"https:\/\/diariodominicano.com\/index.php?rest_route=\/wp\/v2\/users\/3"}],"replies":[{"embeddable":true,"href":"https:\/\/diariodominicano.com\/index.php?rest_route=%2Fwp%2Fv2%2Fcomments&post=71053"}],"version-history":[{"count":0,"href":"https:\/\/diariodominicano.com\/index.php?rest_route=\/wp\/v2\/posts\/71053\/revisions"}],"wp:attachment":[{"href":"https:\/\/diariodominicano.com\/index.php?rest_route=%2Fwp%2Fv2%2Fmedia&parent=71053"}],"wp:term":[{"taxonomy":"category","embeddable":true,"href":"https:\/\/diariodominicano.com\/index.php?rest_route=%2Fwp%2Fv2%2Fcategories&post=71053"},{"taxonomy":"post_tag","embeddable":true,"href":"https:\/\/diariodominicano.com\/index.php?rest_route=%2Fwp%2Fv2%2Ftags&post=71053"}],"curies":[{"name":"wp","href":"https:\/\/api.w.org\/{rel}","templated":true}]}}