{"id":71052,"date":"2008-04-30T21:16:50","date_gmt":"2008-04-30T21:16:50","guid":{"rendered":"http:\/\/diariodominicano.ddns.net\/?p=71052"},"modified":"2008-04-30T21:16:50","modified_gmt":"2008-04-30T21:16:50","slug":"concluye-exitosamente-en-tres-ciudades-tercera-feria-itinerante-del-libro-cubano","status":"publish","type":"post","link":"https:\/\/diariodominicano.com\/?p=71052","title":{"rendered":"Concluye Exitosamente en Tres Ciudades Tercera Feria Itinerante del Libro Cubano"},"content":{"rendered":"<p><body><\/p>\n<p align=\"justify\" class=\"titulogrande1\"><strong>Concluye Exitosamente en Tres  Ciudades Tercera Feria Itinerante del  Libro Cubano<\/strong><\/p>\n<p>&#13;<\/p>\n<p align=\"justify\" class=\"text1noticias\"><strong><img loading=\"lazy\" decoding=\"async\" src=\"http:\/\/localhost:8080\/img\/feria cubana.jpg\" width=\"375\" height=\"502\" hspace=\"4\" align=\"left\" \/>Santo Domingo.-<\/strong> Con la  realizaci\u00f3n de diversas actividades art\u00edsticas y culturales, fue clausurada en  las ciudades de Puerto Plata, La   Vega y San Pedro de Macor\u00eds, la Tercera Feria  Itinerante del Libro Cubano, en la que participan una amplia delegaci\u00f3n de  editores y libreros del hermano pa\u00eds antillano.<\/p>\n<p>&#13;<\/p>\n<p align=\"justify\" class=\"text1noticias\">La Feria Itinerante del Libro Cubano  se inici\u00f3 este a\u00f1o en la ciudad de Puerto Plata con la asistencia de cientos de  personas, quienes participaron en una conferencia magistral que pronunci\u00f3 el ex  guerrillero Claudio Caama\u00f1o, sobre la obra y vida del coronel de abril,  Francisco Alberto Caama\u00f1o De\u00f1\u00f3, en ocasi\u00f3n de un nuevo aniversario de la gesta  heroica de 1965. <\/p>\n<p>&#13;<\/p>\n<p align=\"justify\" class=\"text1noticias\"> Luego fue traslada a la ciudad  de La Vega en  donde el cantautor\u00a0 Ram\u00f3n Leonardo tuvo  una destacada participaci\u00f3n. Tambi\u00e9n actuaron grupos art\u00edsticos y culturales,  fueron proyectados pel\u00edculas y documentales sobre Cuba y se impartieron  conferencias y cursos, entre otras actividades.<\/p>\n<p>&#13;<\/p>\n<p align=\"justify\" class=\"text1noticias\"> A su llegada a la \u201cCiudad Ol\u00edmpica\u201d,  los organizadores del evento encabezados por el embajador de Cuba en el pa\u00eds,  doctor Juan Astiasaran Ceballo, fueron recibidos por el doctor Fausto R. Mej\u00eda,  rector de la Universidad Cat\u00f3lica  Tecnol\u00f3gica del Cibao (UCATECI) y el ingeniero Jes\u00fas M\u00e9ndez Jimini\u00e1n, miembro  de la Academia Dominicana  de Historia.<\/p>\n<p>&#13;<\/p>\n<p align=\"justify\" class=\"text1noticias\">Tambi\u00e9n, la delegaci\u00f3n  particip\u00f3 conjuntamente con el s\u00edndico de La Vega, ingeniero Fausto Ruiz, en el develizamiento  de una tarja a la memoria de Lorenzo Despradel Su\u00e1rez (Muley), ayudante del  general\u00edsimo M\u00e1ximo G\u00f3mez, comandante del Ej\u00e9rcito Libertador de Cuba y en una  ofrenda floral en la Plaza Jos\u00e9  Mart\u00ed de esta ciudad.<\/p>\n<p>&#13;<\/p>\n<p align=\"justify\" class=\"text1noticias\">En San Pedro de Macor\u00eds, la  delegaci\u00f3n cubana, encabezada por el embajador del hermano pa\u00eds, recibi\u00f3 de las  autoridades municipales varios reconocimientos, incluyendo el otorgado por la Sala Capitular del Ayuntamiento  que la declar\u00f3 como visitante y hu\u00e9sped distinguido. <\/p>\n<p>&#13;<\/p>\n<p align=\"justify\" class=\"text1noticias\">En las ciudades donde ha sido  presentada la Tercera   Feria Itinerante del Libro Cubano, dedicada a los cinco  h\u00e9roes cubanos presos en c\u00e1rceles norteamericanas, ha concitado el inter\u00e9s y la  atenci\u00f3n de los mun\u00edcipes, reinando durante su breve estad\u00eda gran regocijo  entre los estudiantes pertenecientes a las diferentes escuelas de esas  comunidades.<\/p>\n<p>&#13;<\/p>\n<h6> 2008-04-30 21:16:50 <\/h6>\n<p><!--\n<link rel=\"stylesheet\" href=\"css\/bootstrap.min.css\">\n\n\n<ul class=\"pagination\">\n\t    \n\t\n\n<li >\n\t<a href='?page_no=22729'>Previous<\/a>\n\t<\/li>\n\n\n       \n    \n\n<li><a href='?page_no=1'>1<\/a><\/li>\n\n\n\n<li><a href='?page_no=2'>2<\/a><\/li>\n\n\n\n<li><a>...<\/a><\/li>\n\n\n\n<li><a href='?page_no=22728'>22728<\/a><\/li>\n\n\n\n<li><a href='?page_no=22729'>22729<\/a><\/li>\n\n\n\n<li class='active'><a>22730<\/a><\/li>\n\n\n\n<li><a href='?page_no=22731'>22731<\/a><\/li>\n\n\n\n<li><a href='?page_no=22732'>22732<\/a><\/li>\n\n\n\n<li><a>...<\/a><\/li>\n\n\n\n<li><a href='?page_no=22911'>22911<\/a><\/li>\n\n\n\n<li><a href='?page_no=22912'>22912<\/a><\/li>\n\n    \n\t\n\n<li >\n\t<a href='?page_no=22731'>Next<\/a>\n\t<\/li>\n\n\n    \n\n<li><a href='?page_no=22912'>Last &rsaquo;&rsaquo;<\/a><\/li>\n\n<\/ul>\n\n\n--><br \/>\n<\/body><\/p>\n","protected":false},"excerpt":{"rendered":"<p>Concluye Exitosamente en Tres Ciudades Tercera Feria Itinerante del Libro Cubano &#13; Santo Domingo.- Con la realizaci\u00f3n de diversas actividades art\u00edsticas y culturales, fue clausurada en las ciudades de Puerto Plata, La Vega y San Pedro de Macor\u00eds, la Tercera Feria Itinerante del Libro Cubano, en la que participan una amplia delegaci\u00f3n de editores y [&hellip;]<\/p>\n","protected":false},"author":3,"featured_media":0,"comment_status":"open","ping_status":"open","sticky":false,"template":"","format":"standard","meta":{"footnotes":""},"categories":[21],"tags":[],"class_list":["post-71052","post","type-post","status-publish","format-standard","hentry","category-cultura"],"_links":{"self":[{"href":"https:\/\/diariodominicano.com\/index.php?rest_route=\/wp\/v2\/posts\/71052","targetHints":{"allow":["GET"]}}],"collection":[{"href":"https:\/\/diariodominicano.com\/index.php?rest_route=\/wp\/v2\/posts"}],"about":[{"href":"https:\/\/diariodominicano.com\/index.php?rest_route=\/wp\/v2\/types\/post"}],"author":[{"embeddable":true,"href":"https:\/\/diariodominicano.com\/index.php?rest_route=\/wp\/v2\/users\/3"}],"replies":[{"embeddable":true,"href":"https:\/\/diariodominicano.com\/index.php?rest_route=%2Fwp%2Fv2%2Fcomments&post=71052"}],"version-history":[{"count":0,"href":"https:\/\/diariodominicano.com\/index.php?rest_route=\/wp\/v2\/posts\/71052\/revisions"}],"wp:attachment":[{"href":"https:\/\/diariodominicano.com\/index.php?rest_route=%2Fwp%2Fv2%2Fmedia&parent=71052"}],"wp:term":[{"taxonomy":"category","embeddable":true,"href":"https:\/\/diariodominicano.com\/index.php?rest_route=%2Fwp%2Fv2%2Fcategories&post=71052"},{"taxonomy":"post_tag","embeddable":true,"href":"https:\/\/diariodominicano.com\/index.php?rest_route=%2Fwp%2Fv2%2Ftags&post=71052"}],"curies":[{"name":"wp","href":"https:\/\/api.w.org\/{rel}","templated":true}]}}