{"id":71051,"date":"2008-04-30T21:20:28","date_gmt":"2008-04-30T21:20:28","guid":{"rendered":"http:\/\/diariodominicano.ddns.net\/?p=71051"},"modified":"2008-04-30T21:20:28","modified_gmt":"2008-04-30T21:20:28","slug":"uasd-conmemorara-60-aniversario-generacion-literaria-del-48","status":"publish","type":"post","link":"https:\/\/diariodominicano.com\/?p=71051","title":{"rendered":"UASD conmemorar\u00e1 60 aniversario Generaci\u00f3n Literaria del 48"},"content":{"rendered":"<p><body><\/p>\n<p align=\"center\" class=\"titulogrande1\"><strong>UASD  conmemorar\u00e1 60 aniversario Generaci\u00f3n  Literaria del 48<\/strong><\/p>\n<p>&#13;<\/p>\n<p align=\"justify\" class=\"text1noticias\"><strong>Santo Domingo.- <\/strong>La Universidad Aut\u00f3noma de Santo Domingo  conmemorar\u00e1 el 60 aniversario de la Generaci\u00f3n del 48 en la literatura dominicana y  pondr\u00e1\u00a0 en circulaci\u00f3n el libro \u201cComic:  Caperucita de Ida y Vuelta\u201d, de Marcio Veloz Maggiolo y Tom\u00e1s Castro Burdiez.<\/p>\n<p>&#13;<\/p>\n<p align=\"justify\" class=\"text1noticias\"> En el acto, que\u00a0 ser\u00e1  realizado en el stand de la UASD,  en la X1 Feria  Internacional del Libro, este viernes a partir de las 6:00 de la tarde, se har\u00e1  tambi\u00e9n un reconocimiento especial a los escritores V\u00edctor Villegas, Lupo  Hern\u00e1ndez Rueda y Alberto Pe\u00f1a Lebr\u00f3n, sobrevivientes de esa \u00e9poca.<\/p>\n<p>&#13;<\/p>\n<p align=\"justify\" class=\"text1noticias\"> El homenaje ser\u00e1 una especie de pe\u00f1a literaria, donde se  intercambiar\u00e1n ideas y se pondr\u00e1 a disposici\u00f3n del p\u00fablico una colecci\u00f3n de  botones conmemorativos en honor a los 10 miembros originales de la Generaci\u00f3n del 48, que  son Abelardo Vicioso, Rafael Valera Ben\u00edtez, Rafael Lara Cintr\u00f3n, M\u00e1ximo Avil\u00e9s  Blonda, Juan Carlos Jim\u00e9nez, Abel Fern\u00e1ndez Mej\u00eda, Luis Alfredo Torres. Hern\u00e1ndez  Rueda, Pe\u00f1a Lebr\u00f3n y Villegas.<\/p>\n<p>&#13;<\/p>\n<p align=\"justify\" class=\"text1noticias\">La obra sobre comic  est\u00e1 ilustrada por 20 artistas, la mayor\u00eda son estudiantes de la carrera de  Dise\u00f1o de la universidad Primada de Am\u00e9rica.<\/p>\n<p>&#13;<\/p>\n<p align=\"justify\" class=\"text1noticias\"> La academia de estudios superiores del Estado convoca a  profesores, estudiantes, escritores y p\u00fablico en general a que asistan a tan  importante evento en el \u00e1rea de las universidades de la Feria del Libro, donde est\u00e1  ubicada la caseta de la UASD.<\/p>\n<p>&#13;<\/p>\n<p align=\"justify\" class=\"text1noticias\">La actividad es  organizada por la vicerrector\u00eda de Extensi\u00f3n de la universidad estatal y la Fundaci\u00f3n EDUCARTE,  que dirige Tom\u00e1s Castro Burdiez.<\/p>\n<p>&#13;<\/p>\n<h6> 2008-04-30 21:20:28 <\/h6>\n<p><!--\n<link rel=\"stylesheet\" href=\"css\/bootstrap.min.css\">\n\n\n<ul class=\"pagination\">\n\t    \n\t\n\n<li >\n\t<a href='?page_no=22728'>Previous<\/a>\n\t<\/li>\n\n\n       \n    \n\n<li><a href='?page_no=1'>1<\/a><\/li>\n\n\n\n<li><a href='?page_no=2'>2<\/a><\/li>\n\n\n\n<li><a>...<\/a><\/li>\n\n\n\n<li><a href='?page_no=22727'>22727<\/a><\/li>\n\n\n\n<li><a href='?page_no=22728'>22728<\/a><\/li>\n\n\n\n<li class='active'><a>22729<\/a><\/li>\n\n\n\n<li><a href='?page_no=22730'>22730<\/a><\/li>\n\n\n\n<li><a href='?page_no=22731'>22731<\/a><\/li>\n\n\n\n<li><a>...<\/a><\/li>\n\n\n\n<li><a href='?page_no=22911'>22911<\/a><\/li>\n\n\n\n<li><a href='?page_no=22912'>22912<\/a><\/li>\n\n    \n\t\n\n<li >\n\t<a href='?page_no=22730'>Next<\/a>\n\t<\/li>\n\n\n    \n\n<li><a href='?page_no=22912'>Last &rsaquo;&rsaquo;<\/a><\/li>\n\n<\/ul>\n\n\n--><br \/>\n<\/body><\/p>\n","protected":false},"excerpt":{"rendered":"<p>UASD conmemorar\u00e1 60 aniversario Generaci\u00f3n Literaria del 48 &#13; Santo Domingo.- La Universidad Aut\u00f3noma de Santo Domingo conmemorar\u00e1 el 60 aniversario de la Generaci\u00f3n del 48 en la literatura dominicana y pondr\u00e1\u00a0 en circulaci\u00f3n el libro \u201cComic: Caperucita de Ida y Vuelta\u201d, de Marcio Veloz Maggiolo y Tom\u00e1s Castro Burdiez. &#13; En el acto, que\u00a0 [&hellip;]<\/p>\n","protected":false},"author":3,"featured_media":0,"comment_status":"open","ping_status":"open","sticky":false,"template":"","format":"standard","meta":{"footnotes":""},"categories":[21],"tags":[],"class_list":["post-71051","post","type-post","status-publish","format-standard","hentry","category-cultura"],"_links":{"self":[{"href":"https:\/\/diariodominicano.com\/index.php?rest_route=\/wp\/v2\/posts\/71051","targetHints":{"allow":["GET"]}}],"collection":[{"href":"https:\/\/diariodominicano.com\/index.php?rest_route=\/wp\/v2\/posts"}],"about":[{"href":"https:\/\/diariodominicano.com\/index.php?rest_route=\/wp\/v2\/types\/post"}],"author":[{"embeddable":true,"href":"https:\/\/diariodominicano.com\/index.php?rest_route=\/wp\/v2\/users\/3"}],"replies":[{"embeddable":true,"href":"https:\/\/diariodominicano.com\/index.php?rest_route=%2Fwp%2Fv2%2Fcomments&post=71051"}],"version-history":[{"count":0,"href":"https:\/\/diariodominicano.com\/index.php?rest_route=\/wp\/v2\/posts\/71051\/revisions"}],"wp:attachment":[{"href":"https:\/\/diariodominicano.com\/index.php?rest_route=%2Fwp%2Fv2%2Fmedia&parent=71051"}],"wp:term":[{"taxonomy":"category","embeddable":true,"href":"https:\/\/diariodominicano.com\/index.php?rest_route=%2Fwp%2Fv2%2Fcategories&post=71051"},{"taxonomy":"post_tag","embeddable":true,"href":"https:\/\/diariodominicano.com\/index.php?rest_route=%2Fwp%2Fv2%2Ftags&post=71051"}],"curies":[{"name":"wp","href":"https:\/\/api.w.org\/{rel}","templated":true}]}}