{"id":71050,"date":"2008-04-30T22:10:10","date_gmt":"2008-04-30T22:10:10","guid":{"rendered":"http:\/\/diariodominicano.ddns.net\/?p=71050"},"modified":"2008-04-30T22:10:10","modified_gmt":"2008-04-30T22:10:10","slug":"muere-sixto-minier-capitan-de-los-congos-del-espiritu-santo-de-villa-mella","status":"publish","type":"post","link":"https:\/\/diariodominicano.com\/?p=71050","title":{"rendered":"Muere Sixto Minier, capit\u00e1n de los Congos del Esp\u00edritu Santo, de Villa Mella"},"content":{"rendered":"<p><body><\/p>\n<p class=\"titulogrande1\">Muere  Sixto Minier, capit\u00e1n de los Congos del Esp\u00edritu Santo, de Villa Mella<\/p>\n<p>&#13;<\/p>\n<p align=\"justify\" class=\"text1noticias\"><strong>SANTO DOMINGO.-<\/strong> Muri\u00f3 a la  edad de 88 a\u00f1os uno de los m\u00e1s destacado congueros en Villa Mella, Sixto  Minier, tras padecer durante meses de c\u00e1ncer de pr\u00f3stata.<\/p>\n<p>&#13;<\/p>\n<p align=\"justify\" class=\"text1noticias\">Los restos del legendario  capit\u00e1n de la Cofrad\u00eda  de los Congos del Esp\u00edritu Santo, designada por la UNESCO como Patrimonio Oral  de la humanidad, ser\u00e1n llevados al Museo del Hombre Dominicano y luego al  Ayuntamiento de Santo Domingo Norte, seg\u00fan se inform\u00f3.<\/p>\n<p>&#13;<\/p>\n<p align=\"justify\" class=\"text1noticias\">Folkloristas consultados  dijeron que con casi nueve d\u00e9cadas de vida y con problemas de audici\u00f3n Minier  falleci\u00f3 siendo un sin\u00f3nimo de tradici\u00f3n, creencia y perseverancia que mantuvo  viva la historia negra de la Rep\u00fablica Dominicana.<\/p>\n<p>&#13;<\/p>\n<p align=\"justify\" class=\"text1noticias\">Se dijo que gustaba de  ense\u00f1ar el ritmo de los congos a sus nietos y bisnietos, y a todo aquel que  fuera de la comunidad de Mata los Indios de Villa Mella que mostrara un inter\u00e9s  sincero por la m\u00fasica y danza de los congos.<\/p>\n<p>&#13;<\/p>\n<p align=\"justify\" class=\"text1noticias\">El capit\u00e1n de la cofrad\u00eda de  los Congos del Esp\u00edritu Santo confeccionaba el mismo los instrumentos  utilizados por la hermandad, oficio que aprendi\u00f3 de su abuela a la edad de 12  a\u00f1os.<\/p>\n<p>&#13;<\/p>\n<h6> 2008-04-30 22:10:10 <\/h6>\n<p><!--\n<link rel=\"stylesheet\" href=\"css\/bootstrap.min.css\">\n\n\n<ul class=\"pagination\">\n\t    \n\t\n\n<li >\n\t<a href='?page_no=22727'>Previous<\/a>\n\t<\/li>\n\n\n       \n    \n\n<li><a href='?page_no=1'>1<\/a><\/li>\n\n\n\n<li><a href='?page_no=2'>2<\/a><\/li>\n\n\n\n<li><a>...<\/a><\/li>\n\n\n\n<li><a href='?page_no=22726'>22726<\/a><\/li>\n\n\n\n<li><a href='?page_no=22727'>22727<\/a><\/li>\n\n\n\n<li class='active'><a>22728<\/a><\/li>\n\n\n\n<li><a href='?page_no=22729'>22729<\/a><\/li>\n\n\n\n<li><a href='?page_no=22730'>22730<\/a><\/li>\n\n\n\n<li><a>...<\/a><\/li>\n\n\n\n<li><a href='?page_no=22911'>22911<\/a><\/li>\n\n\n\n<li><a href='?page_no=22912'>22912<\/a><\/li>\n\n    \n\t\n\n<li >\n\t<a href='?page_no=22729'>Next<\/a>\n\t<\/li>\n\n\n    \n\n<li><a href='?page_no=22912'>Last &rsaquo;&rsaquo;<\/a><\/li>\n\n<\/ul>\n\n\n--><br \/>\n<\/body><\/p>\n","protected":false},"excerpt":{"rendered":"<p>Muere Sixto Minier, capit\u00e1n de los Congos del Esp\u00edritu Santo, de Villa Mella &#13; SANTO DOMINGO.- Muri\u00f3 a la edad de 88 a\u00f1os uno de los m\u00e1s destacado congueros en Villa Mella, Sixto Minier, tras padecer durante meses de c\u00e1ncer de pr\u00f3stata. &#13; Los restos del legendario capit\u00e1n de la Cofrad\u00eda de los Congos del [&hellip;]<\/p>\n","protected":false},"author":3,"featured_media":0,"comment_status":"open","ping_status":"open","sticky":false,"template":"","format":"standard","meta":{"footnotes":""},"categories":[21],"tags":[],"class_list":["post-71050","post","type-post","status-publish","format-standard","hentry","category-cultura"],"_links":{"self":[{"href":"https:\/\/diariodominicano.com\/index.php?rest_route=\/wp\/v2\/posts\/71050","targetHints":{"allow":["GET"]}}],"collection":[{"href":"https:\/\/diariodominicano.com\/index.php?rest_route=\/wp\/v2\/posts"}],"about":[{"href":"https:\/\/diariodominicano.com\/index.php?rest_route=\/wp\/v2\/types\/post"}],"author":[{"embeddable":true,"href":"https:\/\/diariodominicano.com\/index.php?rest_route=\/wp\/v2\/users\/3"}],"replies":[{"embeddable":true,"href":"https:\/\/diariodominicano.com\/index.php?rest_route=%2Fwp%2Fv2%2Fcomments&post=71050"}],"version-history":[{"count":0,"href":"https:\/\/diariodominicano.com\/index.php?rest_route=\/wp\/v2\/posts\/71050\/revisions"}],"wp:attachment":[{"href":"https:\/\/diariodominicano.com\/index.php?rest_route=%2Fwp%2Fv2%2Fmedia&parent=71050"}],"wp:term":[{"taxonomy":"category","embeddable":true,"href":"https:\/\/diariodominicano.com\/index.php?rest_route=%2Fwp%2Fv2%2Fcategories&post=71050"},{"taxonomy":"post_tag","embeddable":true,"href":"https:\/\/diariodominicano.com\/index.php?rest_route=%2Fwp%2Fv2%2Ftags&post=71050"}],"curies":[{"name":"wp","href":"https:\/\/api.w.org\/{rel}","templated":true}]}}