{"id":71047,"date":"2008-05-01T19:18:53","date_gmt":"2008-05-01T19:18:53","guid":{"rendered":"http:\/\/diariodominicano.ddns.net\/?p=71047"},"modified":"2008-05-01T19:18:53","modified_gmt":"2008-05-01T19:18:53","slug":"nadine-gordimer-ira-a-la-feria-del-libro-de-jerusalen-pese-a-las-presiones-propalestinas","status":"publish","type":"post","link":"https:\/\/diariodominicano.com\/?p=71047","title":{"rendered":"Nadine Gordimer ir\u00e1 a la feria del libro de Jerusal\u00e9n pese a las presiones propalestinas"},"content":{"rendered":"<p><body><\/p>\n<p align=\"justify\"><strong class=\"titulogrande1\">Nadine Gordimer ir\u00e1 a la feria del libro de Jerusal\u00e9n pese a las presiones  propalestinas<\/strong><br \/>&#13;<br \/>\n  <br \/>&#13;<br \/>\n    <span class=\"text1noticias\">La Nobel surafricana afirma que su decisi\u00f3n de acudir no merma su lucha  contra el \u00abapartheid\u00bb israel\u00ed <br \/>&#13;<br \/>\n    <br \/>&#13;<br \/>\n    <strong>EFE<\/strong> &#8211; Jerusal\u00e9n &#8211; 30\/04\/2008 <\/span><\/p>\n<p>&#13;<\/p>\n<p align=\"justify\" class=\"text1noticias\"><img loading=\"lazy\" decoding=\"async\" src=\"http:\/\/localhost:8080\/img\/nadine.jpg\" width=\"375\" height=\"510\" hspace=\"4\" align=\"left\" \/>La escritora surafricana y Premio  Nobel de Literatura Nadine Gordimer acudir\u00e1 el pr\u00f3ximo mayo a un festival  literario en Jerusal\u00e9n, pese a las presiones que ha recibido de grupos  pro-palestinos para que cancelara su asistencia. En un comunicado recogido este  mi\u00e9rcoles por el diario <em>Haaretz<\/em>, Gordimer subraya que su decisi\u00f3n de  asistir al evento no deber\u00eda generar dudas entre sus \u00abcamaradas\u00bb  sobre su \u00absolidaridad con la lucha -nuestra lucha- contra el  apartheid\u00bb.<br \/>&#13;<br \/>\n  <br \/>&#13;<br \/>\n  Diversos colectivos favorables a boicotear  a Israel como expresi\u00f3n de rechazo a su pol\u00edtica ante los palestinos hab\u00edan  exhortado a Gordimer a declinar la invitaci\u00f3n para denunciar el \u00abapartheid  israel\u00ed\u00bb al igual que hizo en su momento con la segregaci\u00f3n racial en su  pa\u00eds natal. Pero Gordimer argument\u00f3 que la oferta no proviene del Gobierno  israel\u00ed, sino de Mishkenot Shaananim, un centro ubicado en la parte jud\u00eda de la  ciudad que organiza exposiciones y charlas, entre otras actividades.<br \/>&#13;<br \/>\n  <br \/>&#13;<br \/>\n  Adem\u00e1s, considera que el festival  busca \u00abafirmar cr\u00edticamente que la \u00fanica soluci\u00f3n para que haya paz y  justicia es que ambas partes se hablen\u00bb, por muy \u00abviolenta, amarga y  terrible\u00bb que sea la distancia ideol\u00f3gica y el conflicto entre ambos.  Gordimer subraya asimismo que aprovechar\u00e1 el viaje para visitar la ciudad  cisjordana de Ramala y para reunirse en la parte \u00e1rabe de Jerusal\u00e9n con  estudiantes de la Universidad de Al-Quds.<br \/>&#13;<br \/>\n  <br \/>&#13;<br \/>\n  Cr\u00edtica habitual de las  actuaciones de Israel, la escritora aboga por que el movimiento islamista Ham\u00e1s  sea integrado como parte de la soluci\u00f3n al conflicto palestino-israel\u00ed, en vez  de ser boicoteado, como hace actualmente la comunidad internacional.<br \/>&#13;<br \/>\n  <br \/>&#13;<br \/>\n\u00abHar\u00e9 lo posible para  abanderar los principios y las pr\u00e1cticas que he mantenido y sigo manteniendo en  mi pa\u00eds\u00bb, concluye el texto. El primer festival internacional de  escritores de Jerusal\u00e9n tendr\u00e1 lugar del 11 al 15 de mayo y contar\u00e1 con la  presencia de unos quince escritores extranjeros y unos cuarenta israel\u00edes.<br \/>&#13;<br \/>\n<br \/>&#13;<br \/>\nEntre los for\u00e1neos figura el  argentino Guillermo Mart\u00ednez, mientras que del lado israel\u00ed destacan Amos Oz y  David Grossman. El novelista espa\u00f1ol Javier Cercas aparec\u00eda en los primeros  borradores del programa de participantes, pero su nombre no se incluye en el  listado final hecho p\u00fablico la semana pasada. Consultados por Efe, los organizadores  del evento aseguraron desconocer los motivos de la ausencia de Cercas, autor de  la exitosa <em>Soldados de Salamina<\/em>.<\/p>\n<p>&#13;<\/p>\n<h6> 2008-05-01 19:18:53 <\/h6>\n<p><!--\n<link rel=\"stylesheet\" href=\"css\/bootstrap.min.css\">\n\n\n<ul class=\"pagination\">\n\t    \n\t\n\n<li >\n\t<a href='?page_no=22724'>Previous<\/a>\n\t<\/li>\n\n\n       \n    \n\n<li><a href='?page_no=1'>1<\/a><\/li>\n\n\n\n<li><a href='?page_no=2'>2<\/a><\/li>\n\n\n\n<li><a>...<\/a><\/li>\n\n\n\n<li><a href='?page_no=22723'>22723<\/a><\/li>\n\n\n\n<li><a href='?page_no=22724'>22724<\/a><\/li>\n\n\n\n<li class='active'><a>22725<\/a><\/li>\n\n\n\n<li><a href='?page_no=22726'>22726<\/a><\/li>\n\n\n\n<li><a href='?page_no=22727'>22727<\/a><\/li>\n\n\n\n<li><a>...<\/a><\/li>\n\n\n\n<li><a href='?page_no=22911'>22911<\/a><\/li>\n\n\n\n<li><a href='?page_no=22912'>22912<\/a><\/li>\n\n    \n\t\n\n<li >\n\t<a href='?page_no=22726'>Next<\/a>\n\t<\/li>\n\n\n    \n\n<li><a href='?page_no=22912'>Last &rsaquo;&rsaquo;<\/a><\/li>\n\n<\/ul>\n\n\n--><br \/>\n<\/body><\/p>\n","protected":false},"excerpt":{"rendered":"<p>Nadine Gordimer ir\u00e1 a la feria del libro de Jerusal\u00e9n pese a las presiones propalestinas&#13; &#13; La Nobel surafricana afirma que su decisi\u00f3n de acudir no merma su lucha contra el \u00abapartheid\u00bb israel\u00ed &#13; &#13; EFE &#8211; Jerusal\u00e9n &#8211; 30\/04\/2008 &#13; La escritora surafricana y Premio Nobel de Literatura Nadine Gordimer acudir\u00e1 el pr\u00f3ximo mayo [&hellip;]<\/p>\n","protected":false},"author":3,"featured_media":0,"comment_status":"open","ping_status":"open","sticky":false,"template":"","format":"standard","meta":{"footnotes":""},"categories":[21],"tags":[],"class_list":["post-71047","post","type-post","status-publish","format-standard","hentry","category-cultura"],"_links":{"self":[{"href":"https:\/\/diariodominicano.com\/index.php?rest_route=\/wp\/v2\/posts\/71047","targetHints":{"allow":["GET"]}}],"collection":[{"href":"https:\/\/diariodominicano.com\/index.php?rest_route=\/wp\/v2\/posts"}],"about":[{"href":"https:\/\/diariodominicano.com\/index.php?rest_route=\/wp\/v2\/types\/post"}],"author":[{"embeddable":true,"href":"https:\/\/diariodominicano.com\/index.php?rest_route=\/wp\/v2\/users\/3"}],"replies":[{"embeddable":true,"href":"https:\/\/diariodominicano.com\/index.php?rest_route=%2Fwp%2Fv2%2Fcomments&post=71047"}],"version-history":[{"count":0,"href":"https:\/\/diariodominicano.com\/index.php?rest_route=\/wp\/v2\/posts\/71047\/revisions"}],"wp:attachment":[{"href":"https:\/\/diariodominicano.com\/index.php?rest_route=%2Fwp%2Fv2%2Fmedia&parent=71047"}],"wp:term":[{"taxonomy":"category","embeddable":true,"href":"https:\/\/diariodominicano.com\/index.php?rest_route=%2Fwp%2Fv2%2Fcategories&post=71047"},{"taxonomy":"post_tag","embeddable":true,"href":"https:\/\/diariodominicano.com\/index.php?rest_route=%2Fwp%2Fv2%2Ftags&post=71047"}],"curies":[{"name":"wp","href":"https:\/\/api.w.org\/{rel}","templated":true}]}}