{"id":71046,"date":"2008-05-01T19:22:02","date_gmt":"2008-05-01T19:22:02","guid":{"rendered":"http:\/\/diariodominicano.ddns.net\/?p=71046"},"modified":"2008-05-01T19:22:02","modified_gmt":"2008-05-01T19:22:02","slug":"murio-sixto-minier-una-perdida-para-la-cultura","status":"publish","type":"post","link":"https:\/\/diariodominicano.com\/?p=71046","title":{"rendered":"Muri\u00f3 Sixto Minier una p\u00e9rdida para la cultura"},"content":{"rendered":"<p><body><\/p>\n<p class=\"titulogrande1\">Muri\u00f3  Sixto Minier una p\u00e9rdida para la cultura<\/p>\n<p>&#13;<\/p>\n<p align=\"justify\" class=\"text1noticias\">Iniciativas. El alcalde del Ayuntamiento de Santo  Domingo Norte anunci\u00f3 que se designar\u00e1 una calle de Villa Mella con el nombre y  se construir\u00e1 un museo para preservar su legado<\/p>\n<p>&#13;<\/p>\n<p align=\"justify\" class=\"text1noticias\"><strong><img loading=\"lazy\" decoding=\"async\" src=\"http:\/\/localhost:8080\/img\/sixto.jpg\" width=\"375\" height=\"498\" hspace=\"4\" align=\"left\" \/>SANTO DOMINGO.- <\/strong>Con el toque  del tambor, de las maracas y los palos, como \u00e9l quer\u00eda, as\u00ed fue sepultado ayer  Sixto Minier, el capit\u00e1n de la Cofrad\u00eda del Esp\u00edritu Santo de los Congos de  Villa Mella, declarada por la Unesco como Patrimonio Oral e Inmaterial de la  Humanidad en el 2001.<\/p>\n<p>&#13;<\/p>\n<p align=\"justify\" class=\"text1noticias\">El deceso ocurri\u00f3 en su  residencia en el sector Mata los Indios, a los 88 a\u00f1os donde vivi\u00f3 toda su  vida, a causa de un c\u00e1ncer de pr\u00f3stata y problemas renales. <\/p>\n<p>&#13;<\/p>\n<p align=\"justify\" class=\"text1noticias\">Minier fue sepultado, bajo  los llantos de familiares y amigos y con el toque de la pieza Kalunga (la m\u00e1s  sagrada del repertorio de los Congos), a las seis de la tarde de ayer en el  cementerio municipal de Villa Mella, donde asistieron diversas figuras de la  vida cultural, como Rold\u00e1n M\u00e1rmol, Dagoberto Tejeda y Xiomarita P\u00e9rez.<br \/>&#13;<br \/>\n  <br \/>&#13;<br \/>\n  Previo a su entierro, sus restos fueron trasladados desde su residencia al  Ayuntamiento de Santo Domingo Norte, donde el s\u00edndico Jes\u00fas F\u00e9liz encabez\u00f3 un  acto de honor.<br \/>&#13;<br \/>\n  <br \/>&#13;<br \/>\n\u201cLa muerte de Sixto Minier enluta a todos los mun\u00edcipes de Santo Domingo Norte  y a toda la sociedad cultural del pa\u00eds y del mundo. Su muerte es un duro golpe  a la producci\u00f3n y preservaci\u00f3n de las tradiciones culturales\u201d, manifest\u00f3 F\u00e9liz.<br \/>&#13;<br \/>\n  <br \/>&#13;<br \/>\n  El alcalde inform\u00f3 que una de las calles de Villa Mella ser\u00e1 designada con el  nombre de Sixto Minier y que se avanzar\u00e1 en la construcci\u00f3n de un museo para  expandir su legado cultural en su pueblo natal. <br \/>&#13;<br \/>\n  <br \/>&#13;<br \/>\n\u201cEl Capit\u00e1n de la Cofrad\u00eda de los Congos nos deja en un momento en que Cultura,  la Unesco y los miembros de la Cofrad\u00eda del Esp\u00edritu Santo llevan a cabo un  plan de acci\u00f3n para la salvaguardia de esta expresi\u00f3n cultural&#8217;\u2019, expres\u00f3 el  secretario de Cultura, Jos\u00e9 Rafael Lantigua. <br \/>&#13;<br \/>\n  <br \/>&#13;<br \/>\n  Para Rold\u00e1n, Minier seguir\u00e1 siendo un s\u00edmbolo y una leyenda no solo para los  congos de Villa Mella, sino para la cultura nacional. <br \/>&#13;<br \/>\n  <br \/>&#13;<br \/>\n  El reconocido m\u00fasico form\u00f3 parte de la cofrad\u00eda desde su adolescencia, cuando  su madre se la entreg\u00f3 a los 14 a\u00f1os. <\/p>\n<p>&#13;<\/p>\n<p align=\"justify\" class=\"text1noticias\">Desde entonces celebr\u00f3 con  sus instrumentos todas las fiestas del Esp\u00edritu Santo en Villa Mella y  recorri\u00f3, con sus congueros, todos sus parajes ejecutando en ceremonias  funerarias \u201cLos 21 toques de la Cofrad\u00eda\u201d. <br \/>&#13;<br \/>\n  <br \/>&#13;<br \/>\n  Ahora, tras su muerte, la cofrad\u00eda deber\u00e1 escoger al sucesor que continuar\u00e1  expandiendo el legado cultural.<\/p>\n<p>&#13;<\/p>\n<p align=\"justify\" class=\"text1noticias\"><strong>Su trabajo  fue homenajeado fuera de RD<\/strong><\/p>\n<p>&#13;<\/p>\n<p align=\"justify\" class=\"text1noticias\">A Sixto Minier se le hicieron  en vida varios reconocimientos, entre ellos: en la ciudad de Nueva York fue  honrado \u201cpor su contribuci\u00f3n a preservar la herencia africana en Rep\u00fablica  Dominicana\u201d (2001); el Gobierno lo reconoci\u00f3 como \u201cpatrimonio viviente del  folklore dominicano\u201d (2002); la Universidad Aut\u00f3noma de Santo Domingo le hizo  un homenaje\u00a0 por haber sido proclamada la Cofrad\u00eda como Patrimonio de la  Humanidad (2003).<br \/>&#13;<br \/>\n  <br \/>&#13;<br \/>\n  El Caribe<\/p>\n<p>&#13;<\/p>\n<h6> 2008-05-01 19:22:02 <\/h6>\n<p><!--\n<link rel=\"stylesheet\" href=\"css\/bootstrap.min.css\">\n\n\n<ul class=\"pagination\">\n\t    \n\t\n\n<li >\n\t<a href='?page_no=22723'>Previous<\/a>\n\t<\/li>\n\n\n       \n    \n\n<li><a href='?page_no=1'>1<\/a><\/li>\n\n\n\n<li><a href='?page_no=2'>2<\/a><\/li>\n\n\n\n<li><a>...<\/a><\/li>\n\n\n\n<li><a href='?page_no=22722'>22722<\/a><\/li>\n\n\n\n<li><a href='?page_no=22723'>22723<\/a><\/li>\n\n\n\n<li class='active'><a>22724<\/a><\/li>\n\n\n\n<li><a href='?page_no=22725'>22725<\/a><\/li>\n\n\n\n<li><a href='?page_no=22726'>22726<\/a><\/li>\n\n\n\n<li><a>...<\/a><\/li>\n\n\n\n<li><a href='?page_no=22911'>22911<\/a><\/li>\n\n\n\n<li><a href='?page_no=22912'>22912<\/a><\/li>\n\n    \n\t\n\n<li >\n\t<a href='?page_no=22725'>Next<\/a>\n\t<\/li>\n\n\n    \n\n<li><a href='?page_no=22912'>Last &rsaquo;&rsaquo;<\/a><\/li>\n\n<\/ul>\n\n\n--><br \/>\n<\/body><\/p>\n","protected":false},"excerpt":{"rendered":"<p>Muri\u00f3 Sixto Minier una p\u00e9rdida para la cultura &#13; Iniciativas. El alcalde del Ayuntamiento de Santo Domingo Norte anunci\u00f3 que se designar\u00e1 una calle de Villa Mella con el nombre y se construir\u00e1 un museo para preservar su legado &#13; SANTO DOMINGO.- Con el toque del tambor, de las maracas y los palos, como \u00e9l [&hellip;]<\/p>\n","protected":false},"author":3,"featured_media":0,"comment_status":"open","ping_status":"open","sticky":false,"template":"","format":"standard","meta":{"footnotes":""},"categories":[21],"tags":[],"class_list":["post-71046","post","type-post","status-publish","format-standard","hentry","category-cultura"],"_links":{"self":[{"href":"https:\/\/diariodominicano.com\/index.php?rest_route=\/wp\/v2\/posts\/71046","targetHints":{"allow":["GET"]}}],"collection":[{"href":"https:\/\/diariodominicano.com\/index.php?rest_route=\/wp\/v2\/posts"}],"about":[{"href":"https:\/\/diariodominicano.com\/index.php?rest_route=\/wp\/v2\/types\/post"}],"author":[{"embeddable":true,"href":"https:\/\/diariodominicano.com\/index.php?rest_route=\/wp\/v2\/users\/3"}],"replies":[{"embeddable":true,"href":"https:\/\/diariodominicano.com\/index.php?rest_route=%2Fwp%2Fv2%2Fcomments&post=71046"}],"version-history":[{"count":0,"href":"https:\/\/diariodominicano.com\/index.php?rest_route=\/wp\/v2\/posts\/71046\/revisions"}],"wp:attachment":[{"href":"https:\/\/diariodominicano.com\/index.php?rest_route=%2Fwp%2Fv2%2Fmedia&parent=71046"}],"wp:term":[{"taxonomy":"category","embeddable":true,"href":"https:\/\/diariodominicano.com\/index.php?rest_route=%2Fwp%2Fv2%2Fcategories&post=71046"},{"taxonomy":"post_tag","embeddable":true,"href":"https:\/\/diariodominicano.com\/index.php?rest_route=%2Fwp%2Fv2%2Ftags&post=71046"}],"curies":[{"name":"wp","href":"https:\/\/api.w.org\/{rel}","templated":true}]}}