{"id":71043,"date":"2008-05-02T17:37:11","date_gmt":"2008-05-02T17:37:11","guid":{"rendered":"http:\/\/diariodominicano.ddns.net\/?p=71043"},"modified":"2008-05-02T17:37:11","modified_gmt":"2008-05-02T17:37:11","slug":"mexico-celebra-los-70-anos-del-escritor-carlos-monsivais","status":"publish","type":"post","link":"https:\/\/diariodominicano.com\/?p=71043","title":{"rendered":"M\u00e9xico celebra los 70 a\u00f1os del escritor Carlos Monsiv\u00e1is"},"content":{"rendered":"<p><body><\/p>\n<p align=\"justify\"><span class=\"titulogrande1\">M\u00e9xico celebra los 70 a\u00f1os del escritor Carlos Monsiv\u00e1is<\/span><br \/>&#13;<br \/>\n  <br \/>&#13;<br \/>\n    <strong>Para conmemorarlo se preparan en la capital azteca nuevas  publicaciones y diversas actividades en su honor.<\/strong><\/p>\n<p>&#13;<\/p>\n<p align=\"justify\" class=\"text1noticias\"><img loading=\"lazy\" decoding=\"async\" src=\"http:\/\/localhost:8080\/img\/monsivais.jpg\" width=\"375\" height=\"270\" hspace=\"4\" align=\"left\" \/>El escritor Carlos Monsiv\u00e1is llega el 4 de mayo pr\u00f3ximo a  sus siete d\u00e9cadas de vida reconocido como uno de los grandes intelectuales y  principales cr\u00edticos del M\u00e9xico contempor\u00e1neo.<br \/>&#13;<br \/>\n  <br \/>&#13;<br \/>\n      Para celebrarlo, en la Ciudad de M\u00e9xico, donde naci\u00f3 en 1938, se preparan  nuevas publicaciones y diversas actividades en su honor. En pocos d\u00edas su  imagen, frases y an\u00e9cdotas inundar\u00e1n la urbe de la que ha sido \u00abcronista  indispensable\u00bb por d\u00e9cadas.<br \/>&#13;<br \/>\n  <br \/>&#13;<br \/>\n  Con un peculiar estilo lleno de humor e iron\u00eda, Monsiv\u00e1is ha sido \u00abpiedra  en el zapato de la vida en M\u00e9xico desde los a\u00f1os 50\u00bb y autor \u00abdel  an\u00e1lisis pol\u00edtico de nuestra cotidiana realidad\u00bb, dijo de \u00e9l la periodista  y escritora Elena Poniatowska.<br \/>&#13;<br \/>\n  <br \/>&#13;<br \/>\n  Monsiv\u00e1is, apegado a la izquierda, es uno de los pocos intelectuales respetados  por pol\u00edticos y sectores de todas las facciones pol\u00edticas del pa\u00eds. Escribe y  opina lo mismo sobre arte, cine y pol\u00edtica que literatura, cultura medi\u00e1tica o  la idiosincrasia del mexicano.<br \/>&#13;<br \/>\n  <br \/>&#13;<br \/>\n  Su obra literaria comprende m\u00e1s de 60 trabajos, pero su testimonio oral y  period\u00edstico es imposible de cuantificar porque \u00absiempre tiene una  respuesta a cuanto nos sucede\u00bb, seg\u00fan Paco Ignacio Taibo II, escritor y  director del festival Semana Negra de Gij\u00f3n.<br \/>&#13;<br \/>\n  <br \/>&#13;<br \/>\n  Pero en ocasiones, \u00abhablar de todo\u00bb lo hace blanco de cr\u00edticas, como  hace unas semanas cuando particip\u00f3 en un debate sobre f\u00fatbol, tema del que  confes\u00f3 no saber mucho.<br \/>&#13;<br \/>\n  <br \/>&#13;<br \/>\n  De car\u00e1cter exc\u00e9ntrico, Monsiv\u00e1is rechaza los honores, pero no se salva de  ellos y entre los galardones recibidos cuenta el premio Pr\u00edncipe Klaus de  Cultura en Holanda y la medalla Gabriela Mistral 2001, concedida por el  gobierno chileno.<br \/>&#13;<br \/>\n  <br \/>&#13;<br \/>\n  Desde los cinco a\u00f1os vive en la misma casa sencilla, ubicada al suroeste de la  capital mexicana, rodeado de monta\u00f1as de libros y de sus gatos \u00abRosa  Luxemburgo\u00bb, \u00abAnsia de militancia\u00bb, \u00abEva Si\u00f3n\u00bb,  \u00abFetiche de peluche\u00bb, \u00abFray Gatolom\u00e9 de las bardas\u00bb y  \u00abChocorrol\u00bb.<br \/>&#13;<br \/>\n  <br \/>&#13;<br \/>\n  El autor de A Ustedes les Consta y Nuevo Catecismo para Indios Remisos une a su  pasi\u00f3n por la escritura la de coleccionista. As\u00ed durante 40 a\u00f1os, adquiri\u00f3  juguetes, carteles, fotograf\u00edas, cuadros, esculturas y otras antig\u00fcedades,  t\u00edpicas de la cultura popular mexicana a la que siempre ha enaltecido.<br \/>&#13;<br \/>\n  <br \/>&#13;<br \/>\n  De esa pasi\u00f3n, que lo ha llevado a acumular m\u00e1s de 10.000 objetos, naci\u00f3 en  2006 el Museo del Estanquillo, alojado en un bello y legendario edificio del  Centro Hist\u00f3rico de la capital, muy cerca de los salones de baile, cantinas o  pulquer\u00edas sobre los que ha escrito.<br \/>&#13;<br \/>\n  <br \/>&#13;<br \/>\n  Monsiv\u00e1is, Premio FIL de Literatura (ex Premio Juan Rulfo) 2006, ha apoyado a  lo largo de su vida las causas que buscan la equidad, asistiendo a marchas en  pro de los derechos femeninos o de los sectores marginados de la sociedad.<br \/>&#13;<br \/>\n  <br \/>&#13;<br \/>\n  Tambi\u00e9n ha resaltado en una biograf\u00eda la personalidad de Frida Kahlo, \u00edcono del  feminismo, y entabl\u00f3 una estrecha amistad con la actriz Mar\u00eda F\u00e9lix y la  compositora Consuelo Vel\u00e1squez.<br \/>&#13;<br \/>\n  <br \/>&#13;<br \/>\n  Otros de sus grandes amigos son los escritores Jos\u00e9 Emilio Pacheco, con quien  dirigi\u00f3 la revista cultural \u00abEstaciones\u00bb, y Sergio Pitol, a quien  conoci\u00f3 cuando era estudiante en la facultad de Filosof\u00eda y Letras en la  Universidad Nacional Aut\u00f3noma de M\u00e9xico.<br \/>&#13;<br \/>\n  <br \/>&#13;<br \/>\n  Pitol, Premio Cervantes 2005, lo llama \u00abun incomparable historiador de las  mentalidades, un ensayista intensamente receptivo y agudo, y el documentador de  la fecund\u00edsima fauna de nuestra imbecilidad nacional\u00bb.<br \/>&#13;<br \/>\n  <br \/>&#13;<br \/>\n  El \u00fanico Nobel de Literatura mexicano, Octavio Paz, atribuy\u00f3 a Monsiv\u00e1is la  creaci\u00f3n de un nuevo g\u00e9nero literario, la cr\u00f3nica- ensayo. Aunque compartieron  amistad y largas charlas, ambos personajes discrepaban en torno a la izquierda  latinoamericana.<br \/>&#13;<br \/>\n  <br \/>&#13;<br \/>\n  \u00abUn nuevo lenguaje aparece en Monsiv\u00e1is, el lenguaje de un muchacho  callejero de la Ciudad de M\u00e9xico. Un muchacho inteligent\u00edsimo que ha le\u00eddo  todos los libros, todos los c\u00f3mics, ha visto todas las pel\u00edculas\u00bb, dijo  Paz sobre el autor de No sin Nosotros y de la columna Por mi Madre, Bohemios.\u00a0<br \/>&#13;<br \/>\n  <br \/>&#13;<br \/>\n  dpa<\/p>\n<p>&#13;<\/p>\n<h6> 2008-05-02 17:37:11 <\/h6>\n<p><!--\n<link rel=\"stylesheet\" href=\"css\/bootstrap.min.css\">\n\n\n<ul class=\"pagination\">\n\t    \n\t\n\n<li >\n\t<a href='?page_no=22720'>Previous<\/a>\n\t<\/li>\n\n\n       \n    \n\n<li><a href='?page_no=1'>1<\/a><\/li>\n\n\n\n<li><a href='?page_no=2'>2<\/a><\/li>\n\n\n\n<li><a>...<\/a><\/li>\n\n\n\n<li><a href='?page_no=22719'>22719<\/a><\/li>\n\n\n\n<li><a href='?page_no=22720'>22720<\/a><\/li>\n\n\n\n<li class='active'><a>22721<\/a><\/li>\n\n\n\n<li><a href='?page_no=22722'>22722<\/a><\/li>\n\n\n\n<li><a href='?page_no=22723'>22723<\/a><\/li>\n\n\n\n<li><a>...<\/a><\/li>\n\n\n\n<li><a href='?page_no=22911'>22911<\/a><\/li>\n\n\n\n<li><a href='?page_no=22912'>22912<\/a><\/li>\n\n    \n\t\n\n<li >\n\t<a href='?page_no=22722'>Next<\/a>\n\t<\/li>\n\n\n    \n\n<li><a href='?page_no=22912'>Last &rsaquo;&rsaquo;<\/a><\/li>\n\n<\/ul>\n\n\n--><br \/>\n<\/body><\/p>\n","protected":false},"excerpt":{"rendered":"<p>M\u00e9xico celebra los 70 a\u00f1os del escritor Carlos Monsiv\u00e1is&#13; &#13; Para conmemorarlo se preparan en la capital azteca nuevas publicaciones y diversas actividades en su honor. &#13; El escritor Carlos Monsiv\u00e1is llega el 4 de mayo pr\u00f3ximo a sus siete d\u00e9cadas de vida reconocido como uno de los grandes intelectuales y principales cr\u00edticos del M\u00e9xico [&hellip;]<\/p>\n","protected":false},"author":3,"featured_media":0,"comment_status":"open","ping_status":"open","sticky":false,"template":"","format":"standard","meta":{"footnotes":""},"categories":[21],"tags":[],"class_list":["post-71043","post","type-post","status-publish","format-standard","hentry","category-cultura"],"_links":{"self":[{"href":"https:\/\/diariodominicano.com\/index.php?rest_route=\/wp\/v2\/posts\/71043","targetHints":{"allow":["GET"]}}],"collection":[{"href":"https:\/\/diariodominicano.com\/index.php?rest_route=\/wp\/v2\/posts"}],"about":[{"href":"https:\/\/diariodominicano.com\/index.php?rest_route=\/wp\/v2\/types\/post"}],"author":[{"embeddable":true,"href":"https:\/\/diariodominicano.com\/index.php?rest_route=\/wp\/v2\/users\/3"}],"replies":[{"embeddable":true,"href":"https:\/\/diariodominicano.com\/index.php?rest_route=%2Fwp%2Fv2%2Fcomments&post=71043"}],"version-history":[{"count":0,"href":"https:\/\/diariodominicano.com\/index.php?rest_route=\/wp\/v2\/posts\/71043\/revisions"}],"wp:attachment":[{"href":"https:\/\/diariodominicano.com\/index.php?rest_route=%2Fwp%2Fv2%2Fmedia&parent=71043"}],"wp:term":[{"taxonomy":"category","embeddable":true,"href":"https:\/\/diariodominicano.com\/index.php?rest_route=%2Fwp%2Fv2%2Fcategories&post=71043"},{"taxonomy":"post_tag","embeddable":true,"href":"https:\/\/diariodominicano.com\/index.php?rest_route=%2Fwp%2Fv2%2Ftags&post=71043"}],"curies":[{"name":"wp","href":"https:\/\/api.w.org\/{rel}","templated":true}]}}