{"id":71042,"date":"2008-05-02T17:39:30","date_gmt":"2008-05-02T17:39:30","guid":{"rendered":"http:\/\/diariodominicano.ddns.net\/?p=71042"},"modified":"2008-05-02T17:39:30","modified_gmt":"2008-05-02T17:39:30","slug":"dedican-en-guatemala-ciclo-de-cine-a-antiterroristas-cubanos","status":"publish","type":"post","link":"https:\/\/diariodominicano.com\/?p=71042","title":{"rendered":"Dedican en Guatemala ciclo de cine a antiterroristas cubanos"},"content":{"rendered":"<p><body><\/p>\n<p align=\"justify\"><span class=\"titulogrande1\"><strong>Dedican en Guatemala ciclo de cine a  antiterroristas cubanos<\/strong> <\/span><br \/>&#13;<br \/>\n  <br \/>&#13;<br \/>\n    <span class=\"text1noticias\"><strong>Guatemala.-<\/strong> Con la proyecci\u00f3n  del documental Ivette y del filme La casa de enfrente contin\u00faa en Guatemala un  ciclo de cine dedicado a los cinco antiterroristas cubanos presos injustamente  en Estados Unidos.<br \/>&#13;<br \/>\n    <br \/>&#13;<br \/>\n    Ivette, dirigido por la cubana  Lourdes de los Santos, tiene como protagonista a la hija m\u00e1s peque\u00f1a de Ren\u00e9  Gonz\u00e1lez, quien junto a Gerardo Hern\u00e1ndez, Antonio Guerrero, Fernando Gonz\u00e1lez  y Ram\u00f3n Laba\u00f1ino, llevan casi una d\u00e9cada en c\u00e1rceles norteamericanas.<br \/>&#13;<br \/>\n    <br \/>&#13;<br \/>\n    Mientras La casa de enfrente,  realizada por el guatemalteco El\u00edas Jim\u00e9nez, egresado de la escuela de cine de  La Habana, es una pel\u00edcula que narra aspectos poco difundidos de la realidad  actual de este pa\u00eds.<br \/>&#13;<br \/>\n    <br \/>&#13;<br \/>\n    La muestra de cine, que comenz\u00f3 el  26 de marzo y se extender\u00e1 hasta noviembre, est\u00e1 dedicada a los cinco cubanos  presos en Estados Unidos por alertar a su pa\u00eds sobre actos terroristas de  grupos anticubanos radicados en Miami.<br \/>&#13;<br \/>\n    <br \/>&#13;<br \/>\n    Los Cinco, como se les conoce  mundialmente, fueron detenidos en 1998, sometidos a un proceso plagado de  irregularidades y condenados a severas penas que van desde doble cadena  perpetua hasta 15 a\u00f1os de prisi\u00f3n.<br \/>&#13;<br \/>\n    <br \/>&#13;<br \/>\n    En homenaje a estos cubanos se  efectuar\u00e1 cada mes el ciclo de cine, que prev\u00e9 la exhibici\u00f3n de pel\u00edculas como  Las Cruces, Poblado Pr\u00f3ximo, El Silencio del Neto, Desaparici\u00f3n forzada en  Guatemala y Donde acaban los caminos.<br \/>&#13;<br \/>\n    <br \/>&#13;<br \/>\n    <strong>(PL)<\/strong><\/span><\/p>\n<p>&#13;<\/p>\n<h6> 2008-05-02 17:39:30 <\/h6>\n<p><!--\n<link rel=\"stylesheet\" href=\"css\/bootstrap.min.css\">\n\n\n<ul class=\"pagination\">\n\t    \n\t\n\n<li >\n\t<a href='?page_no=22719'>Previous<\/a>\n\t<\/li>\n\n\n       \n    \n\n<li><a href='?page_no=1'>1<\/a><\/li>\n\n\n\n<li><a href='?page_no=2'>2<\/a><\/li>\n\n\n\n<li><a>...<\/a><\/li>\n\n\n\n<li><a href='?page_no=22718'>22718<\/a><\/li>\n\n\n\n<li><a href='?page_no=22719'>22719<\/a><\/li>\n\n\n\n<li class='active'><a>22720<\/a><\/li>\n\n\n\n<li><a href='?page_no=22721'>22721<\/a><\/li>\n\n\n\n<li><a href='?page_no=22722'>22722<\/a><\/li>\n\n\n\n<li><a>...<\/a><\/li>\n\n\n\n<li><a href='?page_no=22911'>22911<\/a><\/li>\n\n\n\n<li><a href='?page_no=22912'>22912<\/a><\/li>\n\n    \n\t\n\n<li >\n\t<a href='?page_no=22721'>Next<\/a>\n\t<\/li>\n\n\n    \n\n<li><a href='?page_no=22912'>Last &rsaquo;&rsaquo;<\/a><\/li>\n\n<\/ul>\n\n\n--><br \/>\n<\/body><\/p>\n","protected":false},"excerpt":{"rendered":"<p>Dedican en Guatemala ciclo de cine a antiterroristas cubanos &#13; &#13; Guatemala.- Con la proyecci\u00f3n del documental Ivette y del filme La casa de enfrente contin\u00faa en Guatemala un ciclo de cine dedicado a los cinco antiterroristas cubanos presos injustamente en Estados Unidos.&#13; &#13; Ivette, dirigido por la cubana Lourdes de los Santos, tiene como [&hellip;]<\/p>\n","protected":false},"author":3,"featured_media":0,"comment_status":"open","ping_status":"open","sticky":false,"template":"","format":"standard","meta":{"footnotes":""},"categories":[21],"tags":[],"class_list":["post-71042","post","type-post","status-publish","format-standard","hentry","category-cultura"],"_links":{"self":[{"href":"https:\/\/diariodominicano.com\/index.php?rest_route=\/wp\/v2\/posts\/71042","targetHints":{"allow":["GET"]}}],"collection":[{"href":"https:\/\/diariodominicano.com\/index.php?rest_route=\/wp\/v2\/posts"}],"about":[{"href":"https:\/\/diariodominicano.com\/index.php?rest_route=\/wp\/v2\/types\/post"}],"author":[{"embeddable":true,"href":"https:\/\/diariodominicano.com\/index.php?rest_route=\/wp\/v2\/users\/3"}],"replies":[{"embeddable":true,"href":"https:\/\/diariodominicano.com\/index.php?rest_route=%2Fwp%2Fv2%2Fcomments&post=71042"}],"version-history":[{"count":0,"href":"https:\/\/diariodominicano.com\/index.php?rest_route=\/wp\/v2\/posts\/71042\/revisions"}],"wp:attachment":[{"href":"https:\/\/diariodominicano.com\/index.php?rest_route=%2Fwp%2Fv2%2Fmedia&parent=71042"}],"wp:term":[{"taxonomy":"category","embeddable":true,"href":"https:\/\/diariodominicano.com\/index.php?rest_route=%2Fwp%2Fv2%2Fcategories&post=71042"},{"taxonomy":"post_tag","embeddable":true,"href":"https:\/\/diariodominicano.com\/index.php?rest_route=%2Fwp%2Fv2%2Ftags&post=71042"}],"curies":[{"name":"wp","href":"https:\/\/api.w.org\/{rel}","templated":true}]}}