{"id":71041,"date":"2008-05-02T22:02:40","date_gmt":"2008-05-02T22:02:40","guid":{"rendered":"http:\/\/diariodominicano.ddns.net\/?p=71041"},"modified":"2008-05-02T22:02:40","modified_gmt":"2008-05-02T22:02:40","slug":"la-feria-del-libro-sera-clausurada-el-domingo-podria-seguir-abierta-el-lunes","status":"publish","type":"post","link":"https:\/\/diariodominicano.com\/?p=71041","title":{"rendered":"La Feria del Libro ser\u00e1 clausurada el domingo; podr\u00eda seguir abierta el lunes"},"content":{"rendered":"<p><body><\/p>\n<p class=\"titulogrande1\"><strong>La Feria del Libro ser\u00e1 clausurada el domingo;  podr\u00eda seguir abierta el lunes<\/strong><\/p>\n<p>&#13;<\/p>\n<p align=\"justify\" class=\"text1noticias\"><strong>SANTO  DOMINGO<\/strong>.- El  secretario de Cultura, Jos\u00e9 Rafael Lantigua, afirm\u00f3 que el acto oficial de  clausura de la Feria  del Libro ser\u00e1 este domingo a las 8:00\u00a0 de la noche en el Teatro Nacional,  aunque no descarta extenderla por un d\u00eda m\u00e1s.<br \/>&#13;<br \/>\n  <br \/>&#13;<br \/>\n  Lantigua  defini\u00f3 como \u00ab\u00e9xito rotundo\u00bb lo que ha sido la XI Primera Feria  Internacional del Libro que cuenta con 657\u00a0 exhibidores. <br \/>&#13;<br \/>\n  <br \/>&#13;<br \/>\n  Aunque el  evento podr\u00eda ser extendido, debido a que el pr\u00f3ximo lunes es feriado, Lantigua  aclara que el acto de clausura encabezado por el Presidente de la Rep\u00fablica, ser\u00e1 el  domingo en Sala Eduardo Brito del Teatro Nacional.<br \/>&#13;<br \/>\n  <br \/>&#13;<br \/>\n  El n\u00famero  de visitantes al evento cultural, sobre todo de estudiantes provoc\u00f3 que  se\u00a0 que contratara \u00a0un personal  adicional.<br \/>&#13;<br \/>\n  <br \/>&#13;<br \/>\n  Variedades  de libros y expositores, precios bajos, el Metro y los m\u00e1s de 13 millones de  bonos que concedi\u00f3 la   Loter\u00eda Nacional a estudiantes, fueron parte de los elementos  que contribuyeron al \u00e9xito del evento.<br \/>&#13;<br \/>\n  <br \/>&#13;<br \/>\n  La queja  tradicional de los visitantes a la feria, han sido los parqueos, se cobran  hasta 150 pesos en los alrededores por una o dos horas.<br \/>&#13;<br \/>\n  <br \/>&#13;<br \/>\n  Vendedores  y compradores se mostraron complacidos, quienes no dudaron en aprovechar las  personas que visitan la feria y coparon sus alrededores.<br \/>&#13;<br \/>\n  <br \/>&#13;<br \/>\n  El  personal de seguridad colocado en la entrada tenido que emplearse a fondo. A  muchas personas incluyendo estudiantes les han sido incautados bebidas alcoh\u00f3licas,  pistolas de juguetes, armas blancas y otros objetos de peligro.<\/p>\n<p>&#13;<\/p>\n<h6> 2008-05-02 22:02:40 <\/h6>\n<p><!--\n<link rel=\"stylesheet\" href=\"css\/bootstrap.min.css\">\n\n\n<ul class=\"pagination\">\n\t    \n\t\n\n<li >\n\t<a href='?page_no=22718'>Previous<\/a>\n\t<\/li>\n\n\n       \n    \n\n<li><a href='?page_no=1'>1<\/a><\/li>\n\n\n\n<li><a href='?page_no=2'>2<\/a><\/li>\n\n\n\n<li><a>...<\/a><\/li>\n\n\n\n<li><a href='?page_no=22717'>22717<\/a><\/li>\n\n\n\n<li><a href='?page_no=22718'>22718<\/a><\/li>\n\n\n\n<li class='active'><a>22719<\/a><\/li>\n\n\n\n<li><a href='?page_no=22720'>22720<\/a><\/li>\n\n\n\n<li><a href='?page_no=22721'>22721<\/a><\/li>\n\n\n\n<li><a>...<\/a><\/li>\n\n\n\n<li><a href='?page_no=22911'>22911<\/a><\/li>\n\n\n\n<li><a href='?page_no=22912'>22912<\/a><\/li>\n\n    \n\t\n\n<li >\n\t<a href='?page_no=22720'>Next<\/a>\n\t<\/li>\n\n\n    \n\n<li><a href='?page_no=22912'>Last &rsaquo;&rsaquo;<\/a><\/li>\n\n<\/ul>\n\n\n--><br \/>\n<\/body><\/p>\n","protected":false},"excerpt":{"rendered":"<p>La Feria del Libro ser\u00e1 clausurada el domingo; podr\u00eda seguir abierta el lunes &#13; SANTO DOMINGO.- El secretario de Cultura, Jos\u00e9 Rafael Lantigua, afirm\u00f3 que el acto oficial de clausura de la Feria del Libro ser\u00e1 este domingo a las 8:00\u00a0 de la noche en el Teatro Nacional, aunque no descarta extenderla por un d\u00eda [&hellip;]<\/p>\n","protected":false},"author":3,"featured_media":0,"comment_status":"open","ping_status":"open","sticky":false,"template":"","format":"standard","meta":{"footnotes":""},"categories":[21],"tags":[],"class_list":["post-71041","post","type-post","status-publish","format-standard","hentry","category-cultura"],"_links":{"self":[{"href":"https:\/\/diariodominicano.com\/index.php?rest_route=\/wp\/v2\/posts\/71041","targetHints":{"allow":["GET"]}}],"collection":[{"href":"https:\/\/diariodominicano.com\/index.php?rest_route=\/wp\/v2\/posts"}],"about":[{"href":"https:\/\/diariodominicano.com\/index.php?rest_route=\/wp\/v2\/types\/post"}],"author":[{"embeddable":true,"href":"https:\/\/diariodominicano.com\/index.php?rest_route=\/wp\/v2\/users\/3"}],"replies":[{"embeddable":true,"href":"https:\/\/diariodominicano.com\/index.php?rest_route=%2Fwp%2Fv2%2Fcomments&post=71041"}],"version-history":[{"count":0,"href":"https:\/\/diariodominicano.com\/index.php?rest_route=\/wp\/v2\/posts\/71041\/revisions"}],"wp:attachment":[{"href":"https:\/\/diariodominicano.com\/index.php?rest_route=%2Fwp%2Fv2%2Fmedia&parent=71041"}],"wp:term":[{"taxonomy":"category","embeddable":true,"href":"https:\/\/diariodominicano.com\/index.php?rest_route=%2Fwp%2Fv2%2Fcategories&post=71041"},{"taxonomy":"post_tag","embeddable":true,"href":"https:\/\/diariodominicano.com\/index.php?rest_route=%2Fwp%2Fv2%2Ftags&post=71041"}],"curies":[{"name":"wp","href":"https:\/\/api.w.org\/{rel}","templated":true}]}}