{"id":71039,"date":"2008-05-03T23:24:21","date_gmt":"2008-05-03T23:24:21","guid":{"rendered":"http:\/\/diariodominicano.ddns.net\/?p=71039"},"modified":"2008-05-03T23:24:21","modified_gmt":"2008-05-03T23:24:21","slug":"realizan-primer-concierto-de-musica-clasica-en-arabia-saudita","status":"publish","type":"post","link":"https:\/\/diariodominicano.com\/?p=71039","title":{"rendered":"Realizan primer concierto de m\u00fasica cl\u00e1sica en Arabia Saudita"},"content":{"rendered":"<p><body><\/p>\n<p align=\"justify\"><span class=\"titulogrande1\">Realizan primer concierto de m\u00fasica cl\u00e1sica en Arabia  Saudita<\/span><br \/>&#13;<br \/>\n  <br \/>&#13;<br \/>\n    <strong>El evento podr\u00eda ser una ventana a que este reino musulm\u00e1n  estricto se comience a abrir al resto del mundo. <\/strong><\/p>\n<p>&#13;<\/p>\n<p align=\"justify\" class=\"text1noticias\">Un cuarteto alem\u00e1n ofreci\u00f3 la primera funci\u00f3n de m\u00fasica  cl\u00e1sica europea en un lugar p\u00fablico de Arabia Saudita ante un p\u00fablico de  varones y mujeres.\u00a0<br \/>&#13;<br \/>\n  <br \/>&#13;<br \/>\n  El concierto, efectuado el viernes por la noche en un centro cultural del  gobierno, quebrando muchos tab\u00faes en un pa\u00eds donde est\u00e1 proscrita la m\u00fasica en  p\u00fablico y donde los sexos est\u00e1n segregados hasta en las filas de los  restaurantes de comida r\u00e1pida.\u00a0<br \/>&#13;<br \/>\n  <br \/>&#13;<br \/>\n  La actuaci\u00f3n podr\u00eda ser una ventana a que este reino musulm\u00e1n estricto se  comience a abrir al resto del mundo. <br \/>&#13;<br \/>\n  <br \/>&#13;<br \/>\n  Hace unas pocas semanas el rey Abdula hizo un llamado sin precedente a un  di\u00e1logo interreligioso que incluya cristianos y jud\u00edos, primera propuesta de  ese tipo en un r\u00e9gimen que proh\u00edbe los servicios religiosos y los s\u00edmbolos no  musulmanes.\u00a0<br \/>&#13;<br \/>\n  <br \/>&#13;<br \/>\n  \u00abEl concierto fue un indicio de que las cosas est\u00e1n cambiando r\u00e1pidamente  aqu\u00ed\u00bb, dijo el embajador J\u00fcrgen Krieghoff, cuya embajada patrocin\u00f3 la  funci\u00f3n, parte de una serie de programas que celebra las primeras semanas  culturales alemanas en Arabia Saudita.<br \/>&#13;<br \/>\n  <br \/>&#13;<br \/>\n  \u00abEvidentemente el gobierno ha decidido que un m\u00ednimo de apertura en  nuestra nueva econom\u00eda mundial y en nuestro mundo basado en la informaci\u00f3n es  necesario para nosotros y tambi\u00e9n para el buen entendimiento entre  culturas\u00bb, agreg\u00f3.\u00a0<br \/>&#13;<br \/>\n  <br \/>&#13;<br \/>\n  Los conciertos p\u00fablicos son pr\u00e1cticamente desconocidos en el reino. Las  embajadas y consulados extranjeros suelen traer grupos musicales, pero tocan en  las residencias de las embajadas o en complejos donde residen extranjeros_ y  las funciones no est\u00e1n abiertas al p\u00fablico.\u00a0<br \/>&#13;<br \/>\n  <br \/>&#13;<br \/>\n  Pero en los dos \u00faltimos meses se ha producido un marcado aunque discreto  aumento en las actividades culturales saud\u00edes. Se ofrecieron lecturas y un par  de funciones segregadas de m\u00fasica folcl\u00f3rica durante la feria del libro de  Riad.\u00a0<br \/>&#13;<br \/>\n  <br \/>&#13;<br \/>\n  AP <\/p>\n<p>&#13;<\/p>\n<h6> 2008-05-03 23:24:21 <\/h6>\n<p><!--\n<link rel=\"stylesheet\" href=\"css\/bootstrap.min.css\">\n\n\n<ul class=\"pagination\">\n\t    \n\t\n\n<li >\n\t<a href='?page_no=22716'>Previous<\/a>\n\t<\/li>\n\n\n       \n    \n\n<li><a href='?page_no=1'>1<\/a><\/li>\n\n\n\n<li><a href='?page_no=2'>2<\/a><\/li>\n\n\n\n<li><a>...<\/a><\/li>\n\n\n\n<li><a href='?page_no=22715'>22715<\/a><\/li>\n\n\n\n<li><a href='?page_no=22716'>22716<\/a><\/li>\n\n\n\n<li class='active'><a>22717<\/a><\/li>\n\n\n\n<li><a href='?page_no=22718'>22718<\/a><\/li>\n\n\n\n<li><a href='?page_no=22719'>22719<\/a><\/li>\n\n\n\n<li><a>...<\/a><\/li>\n\n\n\n<li><a href='?page_no=22911'>22911<\/a><\/li>\n\n\n\n<li><a href='?page_no=22912'>22912<\/a><\/li>\n\n    \n\t\n\n<li >\n\t<a href='?page_no=22718'>Next<\/a>\n\t<\/li>\n\n\n    \n\n<li><a href='?page_no=22912'>Last &rsaquo;&rsaquo;<\/a><\/li>\n\n<\/ul>\n\n\n--><br \/>\n<\/body><\/p>\n","protected":false},"excerpt":{"rendered":"<p>Realizan primer concierto de m\u00fasica cl\u00e1sica en Arabia Saudita&#13; &#13; El evento podr\u00eda ser una ventana a que este reino musulm\u00e1n estricto se comience a abrir al resto del mundo. &#13; Un cuarteto alem\u00e1n ofreci\u00f3 la primera funci\u00f3n de m\u00fasica cl\u00e1sica europea en un lugar p\u00fablico de Arabia Saudita ante un p\u00fablico de varones y [&hellip;]<\/p>\n","protected":false},"author":3,"featured_media":0,"comment_status":"open","ping_status":"open","sticky":false,"template":"","format":"standard","meta":{"footnotes":""},"categories":[21],"tags":[],"class_list":["post-71039","post","type-post","status-publish","format-standard","hentry","category-cultura"],"_links":{"self":[{"href":"https:\/\/diariodominicano.com\/index.php?rest_route=\/wp\/v2\/posts\/71039","targetHints":{"allow":["GET"]}}],"collection":[{"href":"https:\/\/diariodominicano.com\/index.php?rest_route=\/wp\/v2\/posts"}],"about":[{"href":"https:\/\/diariodominicano.com\/index.php?rest_route=\/wp\/v2\/types\/post"}],"author":[{"embeddable":true,"href":"https:\/\/diariodominicano.com\/index.php?rest_route=\/wp\/v2\/users\/3"}],"replies":[{"embeddable":true,"href":"https:\/\/diariodominicano.com\/index.php?rest_route=%2Fwp%2Fv2%2Fcomments&post=71039"}],"version-history":[{"count":0,"href":"https:\/\/diariodominicano.com\/index.php?rest_route=\/wp\/v2\/posts\/71039\/revisions"}],"wp:attachment":[{"href":"https:\/\/diariodominicano.com\/index.php?rest_route=%2Fwp%2Fv2%2Fmedia&parent=71039"}],"wp:term":[{"taxonomy":"category","embeddable":true,"href":"https:\/\/diariodominicano.com\/index.php?rest_route=%2Fwp%2Fv2%2Fcategories&post=71039"},{"taxonomy":"post_tag","embeddable":true,"href":"https:\/\/diariodominicano.com\/index.php?rest_route=%2Fwp%2Fv2%2Ftags&post=71039"}],"curies":[{"name":"wp","href":"https:\/\/api.w.org\/{rel}","templated":true}]}}