{"id":71037,"date":"2008-05-04T22:46:00","date_gmt":"2008-05-04T22:46:00","guid":{"rendered":"http:\/\/diariodominicano.ddns.net\/?p=71037"},"modified":"2008-05-04T22:46:00","modified_gmt":"2008-05-04T22:46:00","slug":"empaquetaran-cabeza-de-marx-por-su-190-cumpleanos","status":"publish","type":"post","link":"https:\/\/diariodominicano.com\/?p=71037","title":{"rendered":"Empaquetar\u00e1n cabeza de Marx por su 190 cumplea\u00f1os"},"content":{"rendered":"<p><body><\/p>\n<p align=\"justify\"><span class=\"titulogrande1\"><strong>Empaquetar\u00e1n cabeza de Marx por su 190 cumplea\u00f1os<\/strong><\/span><br \/>&#13;<br \/>\n    <span class=\"text1noticias\"><br \/>&#13;<br \/>\nCubrir\u00e1n estudiantes de arte la escultura de 13 metros  de altura del fil\u00f3sofo, que se encuentra en la ciudad de Chemnitz, como parte  de un proyecto bautizado como `Temporary Museum of Modern Marx\u00b4 <\/span><\/p>\n<p>&#13;<\/p>\n<p align=\"justify\" class=\"text1noticias\">EFE<br \/>&#13;<br \/>\n  <br \/>&#13;<br \/>\n  El Universal<br \/>&#13;<br \/>\n  <br \/>&#13;<br \/>\n  Berl\u00edn<br \/>&#13;<br \/>\n  <br \/>&#13;<br \/>\n  Domingo 04 de mayo de 2008<br \/>&#13;<br \/>\n  <br \/>&#13;<br \/>\n  <img loading=\"lazy\" decoding=\"async\" src=\"http:\/\/localhost:8080\/img\/marx.jpg\" width=\"375\" height=\"464\" hspace=\"4\" align=\"left\" \/>Estudiantes de arte  alemanes y austr\u00edacos \u00abempaquetar\u00e1n\u00bb la cabeza de Karl Marx, con  ocasi\u00f3n del 190 aniversario del nacimiento del fil\u00f3sofo el 5 de mayo, en la  ciudad de Chemnitz, bautizada como Karl-Marx-Stadt por la extinta Rep\u00fablica  Democr\u00e1tica Alemana (RDA). <br \/>&#13;<br \/>\n  <br \/>&#13;<br \/>\n  La gran escultura que conserva la ciudad, de m\u00e1s de 13 metros de altura y  emplazada en su mayor avenida, quedar\u00e1 cubierta temporalmente con un cubo  blanco de 17 x 12 x 30 metros. <br \/>&#13;<br \/>\n  <br \/>&#13;<br \/>\n  Los trabajos para el embalaje se iniciar\u00e1n tras una lectura del  \u00abManifiesto comunista\u00bb que tendr\u00e1 lugar ma\u00f1ana, aniversario del  nacimiento, en la que participar\u00e1n autoridades y personalidades del mundo  cultural local. <br \/>&#13;<br \/>\n  <br \/>&#13;<br \/>\n  Se espera que el embalaje est\u00e9 listo para su inauguraci\u00f3n el 7 de junio, de  manera que la cabeza quedar\u00e1 encorsetada en su cubo hasta finales de agosto,  cuando se dar\u00e1 por terminada la experiencia art\u00edstica. <br \/>&#13;<br \/>\n  <br \/>&#13;<br \/>\n  En este periodo, la Nueva Galer\u00eda Sajona de Chemnitz, organizadora de la  iniciativa, invita a los j\u00f3venes de la ciudad y visitantes a reflexionar sobre  la obra y pervivencia del pensamiento de Marx. <br \/>&#13;<br \/>\n  <br \/>&#13;<br \/>\n  El proyecto ha sido bautizado como \u00abTemporary Musum of Modern  Marx\u00bb y su ejecuci\u00f3n corre a cargo de un grupo de universitarios  austr\u00edacos y alemanes. <br \/>&#13;<br \/>\n  <br \/>&#13;<br \/>\n  Mientras duren los trabajos, la cabeza del pensador estar\u00e1 rodeada de un  sistema de andamiajes y escalas que permitir\u00e1 a los estudiantes que trabajan en  \u00e9l mirar \u00aba los ojos\u00bb a Marx, seg\u00fan los planes de su director,  Mathias Lindner. <br \/>&#13;<br \/>\n  <br \/>&#13;<br \/>\n  Karl Marx, nacido en Trier en 1818 y muerto en Londres en 1883, nunca  estuvo en la ciudad alemana que llev\u00f3 su nombre y, seg\u00fan los historiadores, su  \u00fanico v\u00ednculo conocido con la regi\u00f3n fue la correspondencia mantenida con unos  mineros de la zona, en 1867. <br \/>&#13;<br \/>\n  <br \/>&#13;<br \/>\n  Sin embargo, en 1953 la c\u00fapula de la RDA decidi\u00f3 darle el nombre de  Karl-Marx-Stadt a la localidad, cuyo centro qued\u00f3 destrozado por los bombardeos  de la Segunda Guerra Mundial y que hoy presenta el desabrido estilo  arquitect\u00f3nico caracter\u00edstico de las ciudades obreras comunistas. <br \/>&#13;<br \/>\n  <br \/>&#13;<br \/>\n  All\u00ed se emplaz\u00f3 la escultura de Marx, fundida en bronce y formada por la  cabeza, de siete metros, sobre un pedestal de 4.5 metros en el que se lee en  cuatro idiomas la frase \u00abProletarios del mundo, un\u00edos\u00bb, hasta  alcanzar una altura total superior a 13 metros. <br \/>&#13;<br \/>\n  <br \/>&#13;<br \/>\n  La estatua es el principal atractivo tur\u00edstico de la ciudad sajona, de 250  mil habitantes, que tras la reunificaci\u00f3n recuper\u00f3 el nombre de Chemnitz. <br \/>&#13;<br \/>\n  <br \/>&#13;<br \/>\n  cvtp <\/p>\n<p>&#13;<\/p>\n<h6> 2008-05-04 22:46:00 <\/h6>\n<p><!--\n<link rel=\"stylesheet\" href=\"css\/bootstrap.min.css\">\n\n\n<ul class=\"pagination\">\n\t    \n\t\n\n<li >\n\t<a href='?page_no=22714'>Previous<\/a>\n\t<\/li>\n\n\n       \n    \n\n<li><a href='?page_no=1'>1<\/a><\/li>\n\n\n\n<li><a href='?page_no=2'>2<\/a><\/li>\n\n\n\n<li><a>...<\/a><\/li>\n\n\n\n<li><a href='?page_no=22713'>22713<\/a><\/li>\n\n\n\n<li><a href='?page_no=22714'>22714<\/a><\/li>\n\n\n\n<li class='active'><a>22715<\/a><\/li>\n\n\n\n<li><a href='?page_no=22716'>22716<\/a><\/li>\n\n\n\n<li><a href='?page_no=22717'>22717<\/a><\/li>\n\n\n\n<li><a>...<\/a><\/li>\n\n\n\n<li><a href='?page_no=22911'>22911<\/a><\/li>\n\n\n\n<li><a href='?page_no=22912'>22912<\/a><\/li>\n\n    \n\t\n\n<li >\n\t<a href='?page_no=22716'>Next<\/a>\n\t<\/li>\n\n\n    \n\n<li><a href='?page_no=22912'>Last &rsaquo;&rsaquo;<\/a><\/li>\n\n<\/ul>\n\n\n--><br \/>\n<\/body><\/p>\n","protected":false},"excerpt":{"rendered":"<p>Empaquetar\u00e1n cabeza de Marx por su 190 cumplea\u00f1os&#13; &#13; Cubrir\u00e1n estudiantes de arte la escultura de 13 metros de altura del fil\u00f3sofo, que se encuentra en la ciudad de Chemnitz, como parte de un proyecto bautizado como `Temporary Museum of Modern Marx\u00b4 &#13; EFE&#13; &#13; El Universal&#13; &#13; Berl\u00edn&#13; &#13; Domingo 04 de mayo de [&hellip;]<\/p>\n","protected":false},"author":3,"featured_media":0,"comment_status":"open","ping_status":"open","sticky":false,"template":"","format":"standard","meta":{"footnotes":""},"categories":[21],"tags":[],"class_list":["post-71037","post","type-post","status-publish","format-standard","hentry","category-cultura"],"_links":{"self":[{"href":"https:\/\/diariodominicano.com\/index.php?rest_route=\/wp\/v2\/posts\/71037","targetHints":{"allow":["GET"]}}],"collection":[{"href":"https:\/\/diariodominicano.com\/index.php?rest_route=\/wp\/v2\/posts"}],"about":[{"href":"https:\/\/diariodominicano.com\/index.php?rest_route=\/wp\/v2\/types\/post"}],"author":[{"embeddable":true,"href":"https:\/\/diariodominicano.com\/index.php?rest_route=\/wp\/v2\/users\/3"}],"replies":[{"embeddable":true,"href":"https:\/\/diariodominicano.com\/index.php?rest_route=%2Fwp%2Fv2%2Fcomments&post=71037"}],"version-history":[{"count":0,"href":"https:\/\/diariodominicano.com\/index.php?rest_route=\/wp\/v2\/posts\/71037\/revisions"}],"wp:attachment":[{"href":"https:\/\/diariodominicano.com\/index.php?rest_route=%2Fwp%2Fv2%2Fmedia&parent=71037"}],"wp:term":[{"taxonomy":"category","embeddable":true,"href":"https:\/\/diariodominicano.com\/index.php?rest_route=%2Fwp%2Fv2%2Fcategories&post=71037"},{"taxonomy":"post_tag","embeddable":true,"href":"https:\/\/diariodominicano.com\/index.php?rest_route=%2Fwp%2Fv2%2Ftags&post=71037"}],"curies":[{"name":"wp","href":"https:\/\/api.w.org\/{rel}","templated":true}]}}