{"id":71036,"date":"2008-05-04T22:49:52","date_gmt":"2008-05-04T22:49:52","guid":{"rendered":"http:\/\/diariodominicano.ddns.net\/?p=71036"},"modified":"2008-05-04T22:49:52","modified_gmt":"2008-05-04T22:49:52","slug":"dedican-museo-a-ninos-rusos-fallecidos-en-la-ii-guerra-mundial","status":"publish","type":"post","link":"https:\/\/diariodominicano.com\/?p=71036","title":{"rendered":"Dedican museo a ni\u00f1os rusos fallecidos en la II Guerra Mundial"},"content":{"rendered":"<p><body><\/p>\n<p align=\"justify\"><strong class=\"titulogrande1\">Dedican museo a ni\u00f1os rusos  fallecidos en la II Guerra Mundial<\/strong><br \/>&#13;<br \/>\n    <br \/>&#13;<br \/>\n    <span class=\"text1noticias\">Expondr\u00e1 documentos, fotograf\u00edas y objetos  relacionados con el cerco de Leningrado, ocurrido en agosto de 1941, y en el  que murieron centenares de ni\u00f1os debido al bombardeo nazi en una estaci\u00f3n de  trenes <\/span><\/p>\n<p>&#13;<\/p>\n<p align=\"justify\" class=\"text1noticias\">EFE<br \/>&#13;<br \/>\n  <br \/>&#13;<br \/>\n  El Universal<br \/>&#13;<br \/>\n  <br \/>&#13;<br \/>\n  Mosc\u00fa<br \/>&#13;<br \/>\n  <br \/>&#13;<br \/>\n  Domingo 04 de mayo de 2008<br \/>&#13;<br \/>\n  <br \/>&#13;<br \/>\n  <img loading=\"lazy\" decoding=\"async\" src=\"http:\/\/localhost:8080\/img\/ninos rusos.jpg\" width=\"375\" height=\"296\" hspace=\"4\" align=\"left\" \/>La localidad de  Lychkovo, en la regi\u00f3n rusa de N\u00f3vgorod, acoger\u00e1 ma\u00f1ana, lunes, la inauguraci\u00f3n  oficial de un museo dedicado a los ni\u00f1os que murieron en el cerco de Leningrado  en la II Guerra Mundial, informaron hoy las autoridades locales. <br \/>&#13;<br \/>\n  <br \/>&#13;<br \/>\n\u00abEn el museo, creado durante los \u00faltimos tres a\u00f1os con ayuda de los  habitantes de la regi\u00f3n de N\u00f3vgorod, San Petersburgo y otras ciudades de Rusia,  ser\u00e1n expuestos documentos de archivo, fotograf\u00edas y objetos de tiempos de la  guerra\u00bb , indic\u00f3 un portavoz, citado por la agencia RIA-N\u00f3vosti. <br \/>&#13;<br \/>\n<br \/>&#13;<br \/>\n Se espera que asistan a la ceremonia de inauguraci\u00f3n del nuevo museo  combatientes de la II Guerra Mundial, representantes de las autoridades y  estudiantes, as\u00ed como una delegaci\u00f3n de San Petersburgo (antigua Leningrado).<br \/>&#13;<br \/>\n<br \/>&#13;<br \/>\nSeg\u00fan los archivos, en agosto de 1941, aviones nazis bombardearon en la  estaci\u00f3n de Lychkovo un tren de doce vagones en el que viajaban centenares de  ni\u00f1os procedentes de la sitiada Leningrado que estaban siendo evacuados hacia  el este de Rusia. <br \/>&#13;<br \/>\n<br \/>&#13;<br \/>\nEl tren qued\u00f3 totalmente destruido y murieron varios centenares de menores,  cuya identidad permanece hasta hoy desconocida. Sus restos mortales fueron  sepultados en una fosa com\u00fan en el cementerio de Lychkovo. <br \/>&#13;<br \/>\n<br \/>&#13;<br \/>\nEn oto\u00f1o de 2003, cerca del lugar en el que reposan las v\u00edctimas de la  tragedia, fue colocado un monumento, obra del escultor moscovita Alexander  Burganov. <br \/>&#13;<br \/>\n<br \/>&#13;<br \/>\nA\u00f1o y medio m\u00e1s tarde, en la primavera de 2005, fue inaugurado un complejo  conmemorativo, obra del escultor V\u00edctor Fetisov, originario de Volgogrado (antigua  Stalingrado) , escenario de una de las batallas m\u00e1s cruentas de la II Guerra  Mundial entre el Ej\u00e9rcito Rojo y las tropas nazis. <br \/>&#13;<br \/>\n<br \/>&#13;<br \/>\nAmbos monumentos pudieron realizarse gracias a donaciones procedentes de  pr\u00e1cticamente todas las regiones de Rusia. <br \/>&#13;<br \/>\n<br \/>&#13;<br \/>\nEl Ej\u00e9rcito nazi, que invadi\u00f3 la Uni\u00f3n Sovi\u00e9tica el 22 de junio de 1941,  cerr\u00f3 el cerco en torno a Leningrado el 8 de septiembre del mismo a\u00f1o y lo  mantuvo durante 900 d\u00edas y noches, hasta que el Ej\u00e9rcito Rojo logr\u00f3 romperlo el  27 de enero de 1944. <br \/>&#13;<br \/>\n<br \/>&#13;<br \/>\nDurante el bloqueo y asedio a la ciudad perdieron la vida m\u00e1s de un mill\u00f3n  de civiles.<br \/> &#13;<br \/>\n<br \/>&#13;<br \/>\n  cvtp <\/p>\n<p>&#13;<\/p>\n<h6> 2008-05-04 22:49:52 <\/h6>\n<p><!--\n<link rel=\"stylesheet\" href=\"css\/bootstrap.min.css\">\n\n\n<ul class=\"pagination\">\n\t    \n\t\n\n<li >\n\t<a href='?page_no=22713'>Previous<\/a>\n\t<\/li>\n\n\n       \n    \n\n<li><a href='?page_no=1'>1<\/a><\/li>\n\n\n\n<li><a href='?page_no=2'>2<\/a><\/li>\n\n\n\n<li><a>...<\/a><\/li>\n\n\n\n<li><a href='?page_no=22712'>22712<\/a><\/li>\n\n\n\n<li><a href='?page_no=22713'>22713<\/a><\/li>\n\n\n\n<li class='active'><a>22714<\/a><\/li>\n\n\n\n<li><a href='?page_no=22715'>22715<\/a><\/li>\n\n\n\n<li><a href='?page_no=22716'>22716<\/a><\/li>\n\n\n\n<li><a>...<\/a><\/li>\n\n\n\n<li><a href='?page_no=22911'>22911<\/a><\/li>\n\n\n\n<li><a href='?page_no=22912'>22912<\/a><\/li>\n\n    \n\t\n\n<li >\n\t<a href='?page_no=22715'>Next<\/a>\n\t<\/li>\n\n\n    \n\n<li><a href='?page_no=22912'>Last &rsaquo;&rsaquo;<\/a><\/li>\n\n<\/ul>\n\n\n--><br \/>\n<\/body><\/p>\n","protected":false},"excerpt":{"rendered":"<p>Dedican museo a ni\u00f1os rusos fallecidos en la II Guerra Mundial&#13; &#13; Expondr\u00e1 documentos, fotograf\u00edas y objetos relacionados con el cerco de Leningrado, ocurrido en agosto de 1941, y en el que murieron centenares de ni\u00f1os debido al bombardeo nazi en una estaci\u00f3n de trenes &#13; EFE&#13; &#13; El Universal&#13; &#13; Mosc\u00fa&#13; &#13; Domingo 04 [&hellip;]<\/p>\n","protected":false},"author":3,"featured_media":0,"comment_status":"open","ping_status":"open","sticky":false,"template":"","format":"standard","meta":{"footnotes":""},"categories":[21],"tags":[],"class_list":["post-71036","post","type-post","status-publish","format-standard","hentry","category-cultura"],"_links":{"self":[{"href":"https:\/\/diariodominicano.com\/index.php?rest_route=\/wp\/v2\/posts\/71036","targetHints":{"allow":["GET"]}}],"collection":[{"href":"https:\/\/diariodominicano.com\/index.php?rest_route=\/wp\/v2\/posts"}],"about":[{"href":"https:\/\/diariodominicano.com\/index.php?rest_route=\/wp\/v2\/types\/post"}],"author":[{"embeddable":true,"href":"https:\/\/diariodominicano.com\/index.php?rest_route=\/wp\/v2\/users\/3"}],"replies":[{"embeddable":true,"href":"https:\/\/diariodominicano.com\/index.php?rest_route=%2Fwp%2Fv2%2Fcomments&post=71036"}],"version-history":[{"count":0,"href":"https:\/\/diariodominicano.com\/index.php?rest_route=\/wp\/v2\/posts\/71036\/revisions"}],"wp:attachment":[{"href":"https:\/\/diariodominicano.com\/index.php?rest_route=%2Fwp%2Fv2%2Fmedia&parent=71036"}],"wp:term":[{"taxonomy":"category","embeddable":true,"href":"https:\/\/diariodominicano.com\/index.php?rest_route=%2Fwp%2Fv2%2Fcategories&post=71036"},{"taxonomy":"post_tag","embeddable":true,"href":"https:\/\/diariodominicano.com\/index.php?rest_route=%2Fwp%2Fv2%2Ftags&post=71036"}],"curies":[{"name":"wp","href":"https:\/\/api.w.org\/{rel}","templated":true}]}}