{"id":71033,"date":"2008-05-05T00:18:19","date_gmt":"2008-05-05T00:18:19","guid":{"rendered":"http:\/\/diariodominicano.ddns.net\/?p=71033"},"modified":"2008-05-05T00:18:19","modified_gmt":"2008-05-05T00:18:19","slug":"en-el-cce-presentacion-de-documental-pelo-bueno-pelo-malo-y-coloquios-sobre-genero-e-identidad-cultural","status":"publish","type":"post","link":"https:\/\/diariodominicano.com\/?p=71033","title":{"rendered":"En el CCE Presentaci\u00f3n de Documental \u00abPelo bueno, pelo malo\u00bb y coloquios sobre g\u00e9nero e identidad cultural"},"content":{"rendered":"<p><body><\/p>\n<p align=\"justify\"><span class=\"titulogrande1\"><strong>En el CCE\u00a0Presentaci\u00f3n de Documental \u00abPelo bueno, pelo  malo\u00bb y\u00a0 coloquios sobre g\u00e9nero e identidad cultural<\/strong><\/span><\/p>\n<p>&#13;<\/p>\n<p align=\"justify\" class=\"text1noticias\"><strong><img loading=\"lazy\" decoding=\"async\" src=\"http:\/\/localhost:8080\/img\/panelista.jpg\" width=\"375\" height=\"503\" hspace=\"4\" align=\"left\" \/>SANTO DOMINGO.-<\/strong> Con la  presentaci\u00f3n del documental \u00abPelo bueno, pelo malo\u00bb, producido por el  cineasta espa\u00f1ol Miguel Parra, y el coloquio \u00abg\u00e9nero e identidad  cultural\u00bb, a cargo de las expertas Kelva P\u00e9rez y Eulalia Jim\u00e9nez, y la  soci\u00f3loga Elsa Alc\u00e1ntara, el Centro Cultural de Espa\u00f1a cerr\u00f3 su programaci\u00f3n de  abril, que estuvo cargada de exposiciones, ciclos de cine, conferencias,  talleres y mesas redondas,\u00a0con un el eje com\u00fan de la perspectiva de  g\u00e9nero. <\/p>\n<p>&#13;<\/p>\n<p align=\"justify\" class=\"text1noticias\">La presentaci\u00f3n del documental  estuvo a cargo del director de la instituci\u00f3n cultural, Fernando Rueda, en  tanto que el coloquio fue moderado por Cristina Rico-Bornay. <\/p>\n<p>&#13;<\/p>\n<p align=\"justify\" class=\"text1noticias\">En su intervenci\u00f3n, el cineasta  espa\u00f1ol Miguel Parra resalt\u00f3 su cari\u00f1o al pa\u00eds y la importancia del papel que  debe jugar la mujer dominicana: \u00abconocer la realidad de la Rep\u00fablica Dominicana  y trabajar en el documental ha sido una experiencia dif\u00edcil de olvidar\u00bb. <\/p>\n<p>&#13;<\/p>\n<p align=\"justify\" class=\"text1noticias\">\u00abPelo bueno, pelo malo\u00bb  es una expresi\u00f3n habitual en el lenguaje dominicano. Define el tipo de cabello  (bueno es lacio, malo es rizado).<br \/>&#13;<br \/>\n  <br \/> &#13;<br \/>\nSin embargo, bajo estas expresiones subyacen  ciertas connotaciones raciales y sociol\u00f3gicas, \u00abeste documental resulta de  la observaci\u00f3n de un pueblo querido, el dominicano. Sin el aval de ninguna  productora, pero con el entusiasmo del equipo, este documental se grab\u00f3 en dos  viajes a la isla, espec\u00edficamente en Santo Domingo, Las Terrenas, Palenque y  Saman\u00e1\u00bb. <\/p>\n<p>&#13;<\/p>\n<p align=\"justify\" class=\"text1noticias\">En sus intervenciones y tomando  como modelo el tema \u00a0\u00abg\u00e9nero e identidad cultural\u00bb, las tres  panelistas coincidieron en afirmar que en la Rep\u00fablica Dominicana  existe una situaci\u00f3n compleja que debe ser tomada en cuenta por las  instituciones p\u00fablicas y\u00a0por las pol\u00edticas educativas y culturales del  pa\u00eds. <\/p>\n<p>&#13;<\/p>\n<p align=\"justify\" class=\"text1noticias\">Tanto Kelva P\u00e9rez, como las dem\u00e1s  panelistas trataron sobre las diferencias de g\u00e9nero desde una perspectiva sociocultural, enfocada a los  procesos de socializaci\u00f3n familiar, a la imagen y a las costumbres a trav\u00e9s de  la historia, especialmente del negro africano. <\/p>\n<p>&#13;<\/p>\n<p align=\"justify\" class=\"text1noticias\">Destacaron la importancia del  g\u00e9nero y de la identidad como cuestiones estrat\u00e9gicas y protagonistas en los  procesos de socializaci\u00f3n y de convivencia. <\/p>\n<p>&#13;<\/p>\n<h6> 2008-05-05 00:18:19 <\/h6>\n<p><!--\n<link rel=\"stylesheet\" href=\"css\/bootstrap.min.css\">\n\n\n<ul class=\"pagination\">\n\t    \n\t\n\n<li >\n\t<a href='?page_no=22710'>Previous<\/a>\n\t<\/li>\n\n\n       \n    \n\n<li><a href='?page_no=1'>1<\/a><\/li>\n\n\n\n<li><a href='?page_no=2'>2<\/a><\/li>\n\n\n\n<li><a>...<\/a><\/li>\n\n\n\n<li><a href='?page_no=22709'>22709<\/a><\/li>\n\n\n\n<li><a href='?page_no=22710'>22710<\/a><\/li>\n\n\n\n<li class='active'><a>22711<\/a><\/li>\n\n\n\n<li><a href='?page_no=22712'>22712<\/a><\/li>\n\n\n\n<li><a href='?page_no=22713'>22713<\/a><\/li>\n\n\n\n<li><a>...<\/a><\/li>\n\n\n\n<li><a href='?page_no=22911'>22911<\/a><\/li>\n\n\n\n<li><a href='?page_no=22912'>22912<\/a><\/li>\n\n    \n\t\n\n<li >\n\t<a href='?page_no=22712'>Next<\/a>\n\t<\/li>\n\n\n    \n\n<li><a href='?page_no=22912'>Last &rsaquo;&rsaquo;<\/a><\/li>\n\n<\/ul>\n\n\n--><br \/>\n<\/body><\/p>\n","protected":false},"excerpt":{"rendered":"<p>En el CCE\u00a0Presentaci\u00f3n de Documental \u00abPelo bueno, pelo malo\u00bb y\u00a0 coloquios sobre g\u00e9nero e identidad cultural &#13; SANTO DOMINGO.- Con la presentaci\u00f3n del documental \u00abPelo bueno, pelo malo\u00bb, producido por el cineasta espa\u00f1ol Miguel Parra, y el coloquio \u00abg\u00e9nero e identidad cultural\u00bb, a cargo de las expertas Kelva P\u00e9rez y Eulalia Jim\u00e9nez, y la soci\u00f3loga [&hellip;]<\/p>\n","protected":false},"author":3,"featured_media":0,"comment_status":"open","ping_status":"open","sticky":false,"template":"","format":"standard","meta":{"footnotes":""},"categories":[21],"tags":[],"class_list":["post-71033","post","type-post","status-publish","format-standard","hentry","category-cultura"],"_links":{"self":[{"href":"https:\/\/diariodominicano.com\/index.php?rest_route=\/wp\/v2\/posts\/71033","targetHints":{"allow":["GET"]}}],"collection":[{"href":"https:\/\/diariodominicano.com\/index.php?rest_route=\/wp\/v2\/posts"}],"about":[{"href":"https:\/\/diariodominicano.com\/index.php?rest_route=\/wp\/v2\/types\/post"}],"author":[{"embeddable":true,"href":"https:\/\/diariodominicano.com\/index.php?rest_route=\/wp\/v2\/users\/3"}],"replies":[{"embeddable":true,"href":"https:\/\/diariodominicano.com\/index.php?rest_route=%2Fwp%2Fv2%2Fcomments&post=71033"}],"version-history":[{"count":0,"href":"https:\/\/diariodominicano.com\/index.php?rest_route=\/wp\/v2\/posts\/71033\/revisions"}],"wp:attachment":[{"href":"https:\/\/diariodominicano.com\/index.php?rest_route=%2Fwp%2Fv2%2Fmedia&parent=71033"}],"wp:term":[{"taxonomy":"category","embeddable":true,"href":"https:\/\/diariodominicano.com\/index.php?rest_route=%2Fwp%2Fv2%2Fcategories&post=71033"},{"taxonomy":"post_tag","embeddable":true,"href":"https:\/\/diariodominicano.com\/index.php?rest_route=%2Fwp%2Fv2%2Ftags&post=71033"}],"curies":[{"name":"wp","href":"https:\/\/api.w.org\/{rel}","templated":true}]}}