{"id":71032,"date":"2008-05-05T00:21:25","date_gmt":"2008-05-05T00:21:25","guid":{"rendered":"http:\/\/diariodominicano.ddns.net\/?p=71032"},"modified":"2008-05-05T00:21:25","modified_gmt":"2008-05-05T00:21:25","slug":"embajador-de-espana-ofrece-flores-y-libros-en-feria-del-libro","status":"publish","type":"post","link":"https:\/\/diariodominicano.com\/?p=71032","title":{"rendered":"Embajador de Espa\u00f1a ofrece flores y libros en Feria del Libro"},"content":{"rendered":"<p><body><\/p>\n<p align=\"center\" class=\"titulogrande1\">Embajador de Espa\u00f1a  ofrece flores y libros en Feria del Libro<\/p>\n<p>&#13;<\/p>\n<p align=\"center\"><strong>La   Plaza Europa se convirti\u00f3 en el Diada de Sant Jordi,  celebraci\u00f3n del D\u00eda del Libro<\/strong><\/p>\n<p>&#13;<\/p>\n<p align=\"justify\" class=\"text1noticias\"><strong><img loading=\"lazy\" decoding=\"async\" src=\"http:\/\/localhost:8080\/img\/plaza europa.jpg\" width=\"375\" height=\"446\" hspace=\"4\" align=\"left\" \/>SANTO  DOMINGO.-<\/strong> Dentro del calendario de actividades que est\u00e1 presentando la Plaza Europa en esta  versi\u00f3n n\u00famero 11 de la   Feria Internacional del Libro, el embajador de Espa\u00f1a, Don  Diego Bermejo y el Director del Centro Cultural de Espa\u00f1a celebraron el Diada  de Sant Jordi, D\u00eda Internacional del Libro repartiendo flores rojas y blancas,  as\u00ed como textos educativos de autores espa\u00f1oles.<\/p>\n<p>&#13;<\/p>\n<p align=\"justify\" class=\"text1noticias\">Cientos  de personas se agregaron al Stand espa\u00f1ol para hablar e intercambiar ideas con  el funcionario espa\u00f1ol, as\u00ed como lograr obtener unos de los obsequios que se  estaban distribuyendo.<\/p>\n<p>&#13;<\/p>\n<p align=\"justify\" class=\"text1noticias\">Bermejo,  quien es una figura espa\u00f1ola reconocida por su labor realizada hace unos 5 a\u00f1os  al frente del Consulado espa\u00f1ol, hablo intensamente con el p\u00fablico presente  sobre la celebraci\u00f3n del D\u00eda del Libro en su pa\u00eds de origen, as\u00ed como la  importancia de la lectura en todas sus manifestaciones.<\/p>\n<p>&#13;<\/p>\n<p align=\"justify\" class=\"text1noticias\">Al  referirse al Diada de Sant Jordi, el Embajador \u00a0aclara que la gesta de San Jorge y el Drag\u00f3n  se hizo popular en toda Europa hacia el siglo IX bajo el nombre de  \u00abLeyenda \u00c1urea\u00bb y fue recogida por el arzobispo de G\u00e9nova, Iacopo da  Varazze, m\u00e1s conocido como Iacobus de Voragine, en 1264, en el libro &#8216;Legenda Sanctorum&#8217;.<\/p>\n<p>&#13;<\/p>\n<p align=\"justify\" class=\"text1noticias\">A\u00f1ade  que es dif\u00edcil de entender para quien no lo ha vivido nunca, la fiesta de Sant  Jordi es una jornada festiva y popular en que las paradas de libros, las rosas  y especialmente r\u00edos de gente, toman las calles de todas las localidades  catalanas. \u201cHoy aqu\u00ed en la Feria  del Libro de la   Rep\u00fablica Dominicana estamos celebrando la fiesta de Sant  Jordi igual como en Espa\u00f1a\u201d.<\/p>\n<p>&#13;<\/p>\n<p align=\"justify\" class=\"text1noticias\">Tanto  Bermejo, como el Director del Centro Cultural de Espa\u00f1a, se\u00f1or Fernando Rueda,  aclaran que la celebraci\u00f3n consiste en pasear, comprar una rosa, un libro o las  dos cosas, para regalar a las personas queridas, familiares y amigos. Aunque no  es festivo, Sant Jordi y el paseo obligatorio llenan las calles y plazas  convirtiendo la jornada en una singular fiesta nacional que se celebra en un  d\u00eda laborable.<br \/>&#13;<br \/>\n  <br \/>&#13;<br \/>\n  Resaltan ambos funcionarios, que el origen de esta fiesta tan singular la  encontramos en una mezcla de tradici\u00f3n y costumbres de \u00e9pocas diferentes. Concibe  el hecho de que Sant Jordi sea el patr\u00f3n de Catalu\u00f1a (de forma oficial desde el  a\u00f1o 1456, aunque se le veneraba desde el siglo VIII), con la costumbre, tambi\u00e9n  medieval, de celebrar una feria de rosas o \u00abde los enamorados\u00bb en el  Palacio de la   Generalitat.<\/p>\n<p>&#13;<\/p>\n<p align=\"justify\" class=\"text1noticias\">\u201cLas  mujeres reciben una rosa de de su amado y ellos son recompensados con un libro.<br \/>&#13;<br \/>\n  <br \/>&#13;<br \/>\n  Es  usual regalar la risa a todas aquellas personas que quieres. La historia de la  rosa, esta rodeadas por una aureola de romanticismo que la hace especial, y todo  nace a partir de una leyenda medieval\u201d, manifiesta Bermejo al momento de  regalar a una dama del p\u00fablico la   Rosa y el Libro.<\/p>\n<p>&#13;<\/p>\n<h6> 2008-05-05 00:21:25 <\/h6>\n<p><!--\n<link rel=\"stylesheet\" href=\"css\/bootstrap.min.css\">\n\n\n<ul class=\"pagination\">\n\t    \n\t\n\n<li >\n\t<a href='?page_no=22709'>Previous<\/a>\n\t<\/li>\n\n\n       \n    \n\n<li><a href='?page_no=1'>1<\/a><\/li>\n\n\n\n<li><a href='?page_no=2'>2<\/a><\/li>\n\n\n\n<li><a>...<\/a><\/li>\n\n\n\n<li><a href='?page_no=22708'>22708<\/a><\/li>\n\n\n\n<li><a href='?page_no=22709'>22709<\/a><\/li>\n\n\n\n<li class='active'><a>22710<\/a><\/li>\n\n\n\n<li><a href='?page_no=22711'>22711<\/a><\/li>\n\n\n\n<li><a href='?page_no=22712'>22712<\/a><\/li>\n\n\n\n<li><a>...<\/a><\/li>\n\n\n\n<li><a href='?page_no=22911'>22911<\/a><\/li>\n\n\n\n<li><a href='?page_no=22912'>22912<\/a><\/li>\n\n    \n\t\n\n<li >\n\t<a href='?page_no=22711'>Next<\/a>\n\t<\/li>\n\n\n    \n\n<li><a href='?page_no=22912'>Last &rsaquo;&rsaquo;<\/a><\/li>\n\n<\/ul>\n\n\n--><br \/>\n<\/body><\/p>\n","protected":false},"excerpt":{"rendered":"<p>Embajador de Espa\u00f1a ofrece flores y libros en Feria del Libro &#13; La Plaza Europa se convirti\u00f3 en el Diada de Sant Jordi, celebraci\u00f3n del D\u00eda del Libro &#13; SANTO DOMINGO.- Dentro del calendario de actividades que est\u00e1 presentando la Plaza Europa en esta versi\u00f3n n\u00famero 11 de la Feria Internacional del Libro, el embajador [&hellip;]<\/p>\n","protected":false},"author":3,"featured_media":0,"comment_status":"open","ping_status":"open","sticky":false,"template":"","format":"standard","meta":{"footnotes":""},"categories":[21],"tags":[],"class_list":["post-71032","post","type-post","status-publish","format-standard","hentry","category-cultura"],"_links":{"self":[{"href":"https:\/\/diariodominicano.com\/index.php?rest_route=\/wp\/v2\/posts\/71032","targetHints":{"allow":["GET"]}}],"collection":[{"href":"https:\/\/diariodominicano.com\/index.php?rest_route=\/wp\/v2\/posts"}],"about":[{"href":"https:\/\/diariodominicano.com\/index.php?rest_route=\/wp\/v2\/types\/post"}],"author":[{"embeddable":true,"href":"https:\/\/diariodominicano.com\/index.php?rest_route=\/wp\/v2\/users\/3"}],"replies":[{"embeddable":true,"href":"https:\/\/diariodominicano.com\/index.php?rest_route=%2Fwp%2Fv2%2Fcomments&post=71032"}],"version-history":[{"count":0,"href":"https:\/\/diariodominicano.com\/index.php?rest_route=\/wp\/v2\/posts\/71032\/revisions"}],"wp:attachment":[{"href":"https:\/\/diariodominicano.com\/index.php?rest_route=%2Fwp%2Fv2%2Fmedia&parent=71032"}],"wp:term":[{"taxonomy":"category","embeddable":true,"href":"https:\/\/diariodominicano.com\/index.php?rest_route=%2Fwp%2Fv2%2Fcategories&post=71032"},{"taxonomy":"post_tag","embeddable":true,"href":"https:\/\/diariodominicano.com\/index.php?rest_route=%2Fwp%2Fv2%2Ftags&post=71032"}],"curies":[{"name":"wp","href":"https:\/\/api.w.org\/{rel}","templated":true}]}}