{"id":71030,"date":"2008-05-06T00:45:28","date_gmt":"2008-05-06T00:45:28","guid":{"rendered":"http:\/\/diariodominicano.ddns.net\/?p=71030"},"modified":"2008-05-06T00:45:28","modified_gmt":"2008-05-06T00:45:28","slug":"cinta-sobre-ex-nino-soldado-obtiene-premio-del-publico-en-tribeca","status":"publish","type":"post","link":"https:\/\/diariodominicano.com\/?p=71030","title":{"rendered":"Cinta sobre ex ni\u00f1o soldado obtiene premio del p\u00fablico en Tribeca"},"content":{"rendered":"<p><body><\/p>\n<p align=\"justify\"><span class=\"titulogrande1\">Cinta sobre ex ni\u00f1o soldado obtiene premio del p\u00fablico en  Tribeca <\/span><br \/>&#13;<br \/>\n  <br \/>&#13;<br \/>\n    <strong>El documental\u00a0War Child, que cerr\u00f3 anoche el \u00faltimo d\u00eda  del festival, narra la historia del cantante sudan\u00e9s Emmanuel Jal. <\/strong><\/p>\n<p>&#13;<\/p>\n<p align=\"justify\" class=\"text1noticias\"><img loading=\"lazy\" decoding=\"async\" src=\"http:\/\/localhost:8080\/img\/tribeca.jpg\" width=\"375\" height=\"270\" hspace=\"4\" align=\"left\" \/>War Child, un documental sobre el cantante sudan\u00e9s de hip  hop y ex ni\u00f1o soldado Emmanuel Jal, fue elegido como el gran favorito del  p\u00fablico del Festival de Cine de Tribeca.<br \/>&#13;<br \/>\n  <br \/>&#13;<br \/>\n  La pel\u00edcula recibi\u00f3 el Premio Cadillac dotado con 25.000  d\u00f3lares (unos 16.000 euros) y cerr\u00f3 anoche el encuentro cinematogr\u00e1fico  neoyorquino, que dur\u00f3 en total once d\u00edas.<br \/>&#13;<br \/>\n  <br \/>&#13;<br \/>\n  En sus actuaciones en todo el mundo, Jal siempre llama la  atenci\u00f3n sobre la cat\u00e1strofe humanitaria que viven su pa\u00eds natal y otras zonas  en crisis de \u00c1frica.<br \/>&#13;<br \/>\n  <br \/>&#13;<br \/>\n  El festival entreg\u00f3 sus premios el viernes. Carlos Carcas,  nacido en Miami pero afincado en Espa\u00f1a, se llev\u00f3 el galard\u00f3n al mejor nuevo  realizador de documentales por Old Man Bebo, sobre el legendario m\u00fasico cubano Bebo  Vald\u00e9s.<br \/>&#13;<br \/>\n  <br \/>&#13;<br \/>\n  La sueca Let the Right One In, de Tomas Alfredson y que  narra una historia de vampiros adolescentes, recibi\u00f3 el premio a Mejor  Pel\u00edcula, mientras que Pray the Devil Back to Hell, de Gini Reticker, gan\u00f3 como  Mejor Documental.<br \/>&#13;<br \/>\n  <br \/>&#13;<br \/>\n  Reticker, cuya cinta trata de una activista en Liberia,  afirm\u00f3: \u00abNo puedo decirles lo mucho que esto significa para las mujeres de  Liberia y las mujeres que buscan la paz en todas partes\u00bb.<br \/>&#13;<br \/>\n  <br \/>&#13;<br \/>\n  El jurado Oliver Platt anunci\u00f3 a su vez a H\u00fcseyin Karabey  como el mejor director por My Marlon and Brando. <br \/>&#13;<br \/>\n  <br \/>&#13;<br \/>\n  \u00abQuiero dedicar este  premio a la gente que muri\u00f3 en Irak\u00bb, dijo emocionado Karabey, cuya  pel\u00edcula narra una relaci\u00f3n amorosa en ese pa\u00eds. \u00abQuer\u00edamos contar una de  sus historias\u00bb.<br \/>&#13;<br \/>\n  <br \/>&#13;<br \/>\n  El s\u00e9ptimo festival de Tribeca redujo casi en un cuarto su  oferta de este a\u00f1o con respecto a 2007 y se concentr\u00f3 sobre todo en directores  poco conocidos y en historias relacionadas con los adolescentes en la familia.  El evento exhibi\u00f3\u00a0121 pel\u00edculas y 79 cortos de 41 pa\u00edses.<br \/>&#13;<br \/>\n  <br \/>&#13;<br \/>\n  Seg\u00fan la publicaci\u00f3n The Hollywood Reporter, la parte  comercial del festival fue algo decepcionante en esta edici\u00f3n. El  vicepresidente de Samuel Goldwyn Films, Peter Goldwyn, encargado de las  compras, dijo que la escasa facturaci\u00f3n se debi\u00f3 a la \u00abfalta de propuestas  convincentes\u00bb.<br \/>&#13;<br \/>\n  <br \/>&#13;<br \/>\n  \u00abEste no es un buen a\u00f1o para el cine  independiente\u00bb, dijo a la revista, y a\u00f1adi\u00f3 que la misma tendencia se  constat\u00f3 ya en Toronto y en el Festival de Sundance.<br \/>&#13;<br \/>\n  <br \/>&#13;<br \/>\n  El Festival de Tribeca se cre\u00f3 tras los atentados  terroristas de septiembre de 2001 para ayudar a recuperar el sur de Manhattan.  Seg\u00fan los organizadores, desde entonces atrajo a unos dos millones de cin\u00e9filos  de todo el mundo a Nueva York y supuso para la ciudad ingresos extra por 500  millones de d\u00f3lares. Sus fundadores son el actor Robert De Niro y la productora  Jane Rosenthal. <br \/>&#13;<br \/>\n  <br \/>&#13;<br \/>\n  dpa<\/p>\n<p>&#13;<\/p>\n<h6> 2008-05-06 00:45:28 <\/h6>\n<p><!--\n<link rel=\"stylesheet\" href=\"css\/bootstrap.min.css\">\n\n\n<ul class=\"pagination\">\n\t    \n\t\n\n<li >\n\t<a href='?page_no=22707'>Previous<\/a>\n\t<\/li>\n\n\n       \n    \n\n<li><a href='?page_no=1'>1<\/a><\/li>\n\n\n\n<li><a href='?page_no=2'>2<\/a><\/li>\n\n\n\n<li><a>...<\/a><\/li>\n\n\n\n<li><a href='?page_no=22706'>22706<\/a><\/li>\n\n\n\n<li><a href='?page_no=22707'>22707<\/a><\/li>\n\n\n\n<li class='active'><a>22708<\/a><\/li>\n\n\n\n<li><a href='?page_no=22709'>22709<\/a><\/li>\n\n\n\n<li><a href='?page_no=22710'>22710<\/a><\/li>\n\n\n\n<li><a>...<\/a><\/li>\n\n\n\n<li><a href='?page_no=22911'>22911<\/a><\/li>\n\n\n\n<li><a href='?page_no=22912'>22912<\/a><\/li>\n\n    \n\t\n\n<li >\n\t<a href='?page_no=22709'>Next<\/a>\n\t<\/li>\n\n\n    \n\n<li><a href='?page_no=22912'>Last &rsaquo;&rsaquo;<\/a><\/li>\n\n<\/ul>\n\n\n--><br \/>\n<\/body><\/p>\n","protected":false},"excerpt":{"rendered":"<p>Cinta sobre ex ni\u00f1o soldado obtiene premio del p\u00fablico en Tribeca &#13; &#13; El documental\u00a0War Child, que cerr\u00f3 anoche el \u00faltimo d\u00eda del festival, narra la historia del cantante sudan\u00e9s Emmanuel Jal. &#13; War Child, un documental sobre el cantante sudan\u00e9s de hip hop y ex ni\u00f1o soldado Emmanuel Jal, fue elegido como el gran [&hellip;]<\/p>\n","protected":false},"author":3,"featured_media":0,"comment_status":"open","ping_status":"open","sticky":false,"template":"","format":"standard","meta":{"footnotes":""},"categories":[21],"tags":[],"class_list":["post-71030","post","type-post","status-publish","format-standard","hentry","category-cultura"],"_links":{"self":[{"href":"https:\/\/diariodominicano.com\/index.php?rest_route=\/wp\/v2\/posts\/71030","targetHints":{"allow":["GET"]}}],"collection":[{"href":"https:\/\/diariodominicano.com\/index.php?rest_route=\/wp\/v2\/posts"}],"about":[{"href":"https:\/\/diariodominicano.com\/index.php?rest_route=\/wp\/v2\/types\/post"}],"author":[{"embeddable":true,"href":"https:\/\/diariodominicano.com\/index.php?rest_route=\/wp\/v2\/users\/3"}],"replies":[{"embeddable":true,"href":"https:\/\/diariodominicano.com\/index.php?rest_route=%2Fwp%2Fv2%2Fcomments&post=71030"}],"version-history":[{"count":0,"href":"https:\/\/diariodominicano.com\/index.php?rest_route=\/wp\/v2\/posts\/71030\/revisions"}],"wp:attachment":[{"href":"https:\/\/diariodominicano.com\/index.php?rest_route=%2Fwp%2Fv2%2Fmedia&parent=71030"}],"wp:term":[{"taxonomy":"category","embeddable":true,"href":"https:\/\/diariodominicano.com\/index.php?rest_route=%2Fwp%2Fv2%2Fcategories&post=71030"},{"taxonomy":"post_tag","embeddable":true,"href":"https:\/\/diariodominicano.com\/index.php?rest_route=%2Fwp%2Fv2%2Ftags&post=71030"}],"curies":[{"name":"wp","href":"https:\/\/api.w.org\/{rel}","templated":true}]}}