{"id":71029,"date":"2008-05-06T00:48:37","date_gmt":"2008-05-06T00:48:37","guid":{"rendered":"http:\/\/diariodominicano.ddns.net\/?p=71029"},"modified":"2008-05-06T00:48:37","modified_gmt":"2008-05-06T00:48:37","slug":"bienal-de-venecia-presenta-arquitectura-mas-alla-de-la-construccion","status":"publish","type":"post","link":"https:\/\/diariodominicano.com\/?p=71029","title":{"rendered":"Bienal de Venecia presenta arquitectura m\u00e1s all\u00e1 de la construcci\u00f3n"},"content":{"rendered":"<p><body><\/p>\n<p><span class=\"titulogrande1\">Bienal de Venecia presenta arquitectura m\u00e1s all\u00e1 de la  construcci\u00f3n <\/span><br \/>&#13;<br \/>\n  <br \/>&#13;<br \/>\n    <strong>La muestra incluir\u00e1 varias instalaciones, proyectos en video  y papel y escenarios ut\u00f3picos. <\/strong><\/p>\n<p>&#13;<\/p>\n<p align=\"justify\" class=\"text1noticias\"><img loading=\"lazy\" decoding=\"async\" src=\"http:\/\/localhost:8080\/img\/venecia.jpg\" width=\"375\" height=\"270\" hspace=\"4\" align=\"left\" \/>La und\u00e9cima edici\u00f3n de la Bienal de Venecia se celebrar\u00e1 del  14 de septiembre al 23 de noviembre bajo el t\u00edtulo \u00abOut there:  Architecture beyond building\u00bb (Ah\u00ed fuera: Arquitectura m\u00e1s all\u00e1 de la  construcci\u00f3n), seg\u00fan se anunci\u00f3 hoy durante su presentaci\u00f3n en Roma.<br \/>&#13;<br \/>\n  <br \/>&#13;<br \/>\n  Varias instalaciones, proyectos en video y papel y  escenarios ut\u00f3picos dise\u00f1ados especialmente para la muestra tratar\u00e1n de dar  respuesta a la pregunta central del comisario, Aaron Betzky: \u00ab\u00bfC\u00f3mo  convertir el mundo moderno en nuestro hogar a trav\u00e9s de la arquitectura?\u00bb.<br \/>&#13;<br \/>\n  <br \/>&#13;<br \/>\n  El arquitecto norteamericano, que desde 2006 dirige el  \u00abCincinnati Art Museum\u00bb, es por primera vez comisario de la Bienale.  En 2002 obtuvo el Le\u00f3n de Oro en la octava edici\u00f3n de la muestra por su  direcci\u00f3n del pabell\u00f3n holand\u00e9s.<br \/>&#13;<br \/>\n  <br \/>&#13;<br \/>\n  La exposici\u00f3n har\u00e1 hincapi\u00e9 en un hecho que se da por  supuesto: la arquitectura no es s\u00f3lo la construcci\u00f3n, sino todo lo que afecta a  los edificios y la construcci\u00f3n\u00bb, se\u00f1al\u00f3 durante la presentaci\u00f3n.<br \/>&#13;<br \/>\n  <br \/>&#13;<br \/>\n  Vivimos en un mundo a menudo moderno y abstracto y la  arquitectura puede ayudar a volver a hacerlo \u00abnuestro\u00bb, explic\u00f3. Y al  igual que la arquitectura puede ser una forma de entender el mundo, \u00abquiz\u00e1  tambi\u00e9n puede ayudar a cambiarlo y mejorarlo\u00bb. Precisamente \u00e9se es el tema  de la muestra.<br \/>&#13;<br \/>\n  <br \/>&#13;<br \/>\n  Adem\u00e1s de la exposici\u00f3n de 300 metros de longitud en el  estadio del Arsenale, la muestra tendr\u00e1 otros 65 pabellones en los  \u00abGiardini della Biennale\u00bb. Todo un r\u00e9cord que \u00abhasta ahora no  era imaginable en una bienal de arte\u00bb, opina el director Paolo Baratta. En  ellos se mostrar\u00e1n numerosos proyectos como pel\u00edculas, fotograf\u00edas y gr\u00e1ficos  tridimensionales con el objetivo de que los visitantes participen. <br \/>&#13;<br \/>\n  <br \/>&#13;<br \/>\n  DPA<\/p>\n<p>&#13;<\/p>\n<h6> 2008-05-06 00:48:37 <\/h6>\n<p><!--\n<link rel=\"stylesheet\" href=\"css\/bootstrap.min.css\">\n\n\n<ul class=\"pagination\">\n\t    \n\t\n\n<li >\n\t<a href='?page_no=22706'>Previous<\/a>\n\t<\/li>\n\n\n       \n    \n\n<li><a href='?page_no=1'>1<\/a><\/li>\n\n\n\n<li><a href='?page_no=2'>2<\/a><\/li>\n\n\n\n<li><a>...<\/a><\/li>\n\n\n\n<li><a href='?page_no=22705'>22705<\/a><\/li>\n\n\n\n<li><a href='?page_no=22706'>22706<\/a><\/li>\n\n\n\n<li class='active'><a>22707<\/a><\/li>\n\n\n\n<li><a href='?page_no=22708'>22708<\/a><\/li>\n\n\n\n<li><a href='?page_no=22709'>22709<\/a><\/li>\n\n\n\n<li><a>...<\/a><\/li>\n\n\n\n<li><a href='?page_no=22911'>22911<\/a><\/li>\n\n\n\n<li><a href='?page_no=22912'>22912<\/a><\/li>\n\n    \n\t\n\n<li >\n\t<a href='?page_no=22708'>Next<\/a>\n\t<\/li>\n\n\n    \n\n<li><a href='?page_no=22912'>Last &rsaquo;&rsaquo;<\/a><\/li>\n\n<\/ul>\n\n\n--><br \/>\n<\/body><\/p>\n","protected":false},"excerpt":{"rendered":"<p>Bienal de Venecia presenta arquitectura m\u00e1s all\u00e1 de la construcci\u00f3n &#13; &#13; La muestra incluir\u00e1 varias instalaciones, proyectos en video y papel y escenarios ut\u00f3picos. &#13; La und\u00e9cima edici\u00f3n de la Bienal de Venecia se celebrar\u00e1 del 14 de septiembre al 23 de noviembre bajo el t\u00edtulo \u00abOut there: Architecture beyond building\u00bb (Ah\u00ed fuera: Arquitectura [&hellip;]<\/p>\n","protected":false},"author":3,"featured_media":0,"comment_status":"open","ping_status":"open","sticky":false,"template":"","format":"standard","meta":{"footnotes":""},"categories":[21],"tags":[],"class_list":["post-71029","post","type-post","status-publish","format-standard","hentry","category-cultura"],"_links":{"self":[{"href":"https:\/\/diariodominicano.com\/index.php?rest_route=\/wp\/v2\/posts\/71029","targetHints":{"allow":["GET"]}}],"collection":[{"href":"https:\/\/diariodominicano.com\/index.php?rest_route=\/wp\/v2\/posts"}],"about":[{"href":"https:\/\/diariodominicano.com\/index.php?rest_route=\/wp\/v2\/types\/post"}],"author":[{"embeddable":true,"href":"https:\/\/diariodominicano.com\/index.php?rest_route=\/wp\/v2\/users\/3"}],"replies":[{"embeddable":true,"href":"https:\/\/diariodominicano.com\/index.php?rest_route=%2Fwp%2Fv2%2Fcomments&post=71029"}],"version-history":[{"count":0,"href":"https:\/\/diariodominicano.com\/index.php?rest_route=\/wp\/v2\/posts\/71029\/revisions"}],"wp:attachment":[{"href":"https:\/\/diariodominicano.com\/index.php?rest_route=%2Fwp%2Fv2%2Fmedia&parent=71029"}],"wp:term":[{"taxonomy":"category","embeddable":true,"href":"https:\/\/diariodominicano.com\/index.php?rest_route=%2Fwp%2Fv2%2Fcategories&post=71029"},{"taxonomy":"post_tag","embeddable":true,"href":"https:\/\/diariodominicano.com\/index.php?rest_route=%2Fwp%2Fv2%2Ftags&post=71029"}],"curies":[{"name":"wp","href":"https:\/\/api.w.org\/{rel}","templated":true}]}}