{"id":71028,"date":"2008-05-06T00:51:20","date_gmt":"2008-05-06T00:51:20","guid":{"rendered":"http:\/\/diariodominicano.ddns.net\/?p=71028"},"modified":"2008-05-06T00:51:20","modified_gmt":"2008-05-06T00:51:20","slug":"weimar-dedica-su-primera-bienal-a-la-obra-temprana-de-bach","status":"publish","type":"post","link":"https:\/\/diariodominicano.com\/?p=71028","title":{"rendered":"Weimar dedica su primera bienal a la obra temprana de Bach"},"content":{"rendered":"<p><body><\/p>\n<p align=\"justify\"><span class=\"titulogrande1\">Weimar dedica su primera bienal a la obra temprana de Bach <\/span><br \/>&#13;<br \/>\n  <br \/>&#13;<br \/>\n    <span class=\"text1noticias\">La ciudad alemana donde el\u00a0m\u00fasico\u00a0vivi\u00f3 durante  m\u00e1s tiempo en su vida, rendir\u00e1 un homenaje musical\u00a0al compositor  durante\u00a0el mes de julio.<br \/>&#13;<br \/>\n    <br \/>&#13;<br \/>\n    <img loading=\"lazy\" decoding=\"async\" src=\"http:\/\/localhost:8080\/img\/bach.jpg\" width=\"375\" height=\"270\" hspace=\"4\" align=\"left\" \/>El primer festival de m\u00fasica de Weimar, Alemania, honrar\u00e1 la  llegada de Johann Sebasti\u00e1n Bach\u00a0 (1685-1750) a la ciudad hace 300 a\u00f1os,  con un repertorio centrado en las obras tempranas del compositor.<br \/>&#13;<br \/>\n    <br \/>&#13;<br \/>\n\u00abLa Bienal Bach de Weimar\u00bb, que se celebrar\u00e1 del  11 al 13 de julio, se estrenar\u00e1 con algunas de las piezas para \u00f3rgano y  clavic\u00e9mbalo y las cantatas que Bach compuso durante los a\u00f1os en que residi\u00f3 en  Weimar, entre 1708 y 1717, a donde lleg\u00f3 a los 23 a\u00f1os.<br \/>&#13;<br \/>\n<br \/>&#13;<br \/>\nDesde la Asociaci\u00f3n Bach se\u00f1alaron hoy que, con esta bienal,  Weimar rendir\u00e1 por fin su propio homenaje al m\u00fasico, como ya se hace en otras  ciudades, dado que \u00e9sta era la localidad en la que el m\u00fasico\u00a0vivi\u00f3 m\u00e1s  a\u00f1os.<br \/>&#13;<br \/>\n<br \/>&#13;<br \/>\nDestacaron que el trabajo del compositor ha sido durante  siglos una \u00abinfluencia en la sombra\u00bb para importantes creadores del  \u00e1mbito del arte, la cultura, la ciencia y la pol\u00edtica.<br \/>&#13;<br \/>\n<br \/>&#13;<br \/>\nVarios de los hijos del m\u00fasico, considerado el m\u00e1ximo  exponente del barroco europeo, nacieron en Weimar, entre ellos los tambi\u00e9n  compositores Wilhelm Friedemann y Carl Philipp Emmanuel.<br \/>&#13;<br \/>\n<br \/>&#13;<br \/>\nLa bienal acoger\u00e1 conferencias, exposiciones y conciertos,  inspirados por \u00abel aura vital\u00bb del joven Bach, seg\u00fan la organizaci\u00f3n,  y ser\u00e1 inaugurada en la iglesia de San Pedro y San Pablo de la localidad, con  su pieza \u00abKantate f\u00fcr die Weimarer Schlosskapelle\u00bb.<br \/>&#13;<br \/>\n<br \/>&#13;<br \/>\nSeg\u00fan la organizaci\u00f3n, Bach compuso durante su estancia en  Weimar gran parte de su obra, principalmente piezas para \u00f3rgano y clavic\u00e9mbalo  y m\u00e1s de 30 cantatas, y ejerci\u00f3 como organista real, m\u00fasico de c\u00e1mara y maestro  de conciertos durante esos a\u00f1os.<br \/>&#13;<br \/>\n<br \/>&#13;<br \/>\n\u00abLos hechos demuestran que Bach nunca experiment\u00f3  tanto, ni mir\u00f3 hacia el futuro de forma tan optimista y confiada, como durante  su etapa en Weimar\u00bb, indicaron.<br \/>&#13;<br \/>\n<br \/>&#13;<br \/>\nLa partida de Bach de la ciudad fue problem\u00e1tica ya que el  duque Wilhelm Ernst, para quien trabajaba hasta entonces, no le permit\u00eda  marcharse y le encerr\u00f3 durante cuatro semanas en un calabozo.<br \/>&#13;<br \/>\n<br \/>&#13;<br \/>\nFinalmente, el pr\u00edncipe Leopoldo de Sajonia-K\u00f6ther intervino  y logr\u00f3 que el m\u00fasico fuera liberado para entrar a su servicio. <br \/>&#13;<br \/>\n<br \/>&#13;<br \/>\nEFE<\/span><\/p>\n<p>&#13;<\/p>\n<h6> 2008-05-06 00:51:20 <\/h6>\n<p><!--\n<link rel=\"stylesheet\" href=\"css\/bootstrap.min.css\">\n\n\n<ul class=\"pagination\">\n\t    \n\t\n\n<li >\n\t<a href='?page_no=22705'>Previous<\/a>\n\t<\/li>\n\n\n       \n    \n\n<li><a href='?page_no=1'>1<\/a><\/li>\n\n\n\n<li><a href='?page_no=2'>2<\/a><\/li>\n\n\n\n<li><a>...<\/a><\/li>\n\n\n\n<li><a href='?page_no=22704'>22704<\/a><\/li>\n\n\n\n<li><a href='?page_no=22705'>22705<\/a><\/li>\n\n\n\n<li class='active'><a>22706<\/a><\/li>\n\n\n\n<li><a href='?page_no=22707'>22707<\/a><\/li>\n\n\n\n<li><a href='?page_no=22708'>22708<\/a><\/li>\n\n\n\n<li><a>...<\/a><\/li>\n\n\n\n<li><a href='?page_no=22911'>22911<\/a><\/li>\n\n\n\n<li><a href='?page_no=22912'>22912<\/a><\/li>\n\n    \n\t\n\n<li >\n\t<a href='?page_no=22707'>Next<\/a>\n\t<\/li>\n\n\n    \n\n<li><a href='?page_no=22912'>Last &rsaquo;&rsaquo;<\/a><\/li>\n\n<\/ul>\n\n\n--><br \/>\n<\/body><\/p>\n","protected":false},"excerpt":{"rendered":"<p>Weimar dedica su primera bienal a la obra temprana de Bach &#13; &#13; La ciudad alemana donde el\u00a0m\u00fasico\u00a0vivi\u00f3 durante m\u00e1s tiempo en su vida, rendir\u00e1 un homenaje musical\u00a0al compositor durante\u00a0el mes de julio.&#13; &#13; El primer festival de m\u00fasica de Weimar, Alemania, honrar\u00e1 la llegada de Johann Sebasti\u00e1n Bach\u00a0 (1685-1750) a la ciudad hace 300 [&hellip;]<\/p>\n","protected":false},"author":3,"featured_media":0,"comment_status":"open","ping_status":"open","sticky":false,"template":"","format":"standard","meta":{"footnotes":""},"categories":[21],"tags":[],"class_list":["post-71028","post","type-post","status-publish","format-standard","hentry","category-cultura"],"_links":{"self":[{"href":"https:\/\/diariodominicano.com\/index.php?rest_route=\/wp\/v2\/posts\/71028","targetHints":{"allow":["GET"]}}],"collection":[{"href":"https:\/\/diariodominicano.com\/index.php?rest_route=\/wp\/v2\/posts"}],"about":[{"href":"https:\/\/diariodominicano.com\/index.php?rest_route=\/wp\/v2\/types\/post"}],"author":[{"embeddable":true,"href":"https:\/\/diariodominicano.com\/index.php?rest_route=\/wp\/v2\/users\/3"}],"replies":[{"embeddable":true,"href":"https:\/\/diariodominicano.com\/index.php?rest_route=%2Fwp%2Fv2%2Fcomments&post=71028"}],"version-history":[{"count":0,"href":"https:\/\/diariodominicano.com\/index.php?rest_route=\/wp\/v2\/posts\/71028\/revisions"}],"wp:attachment":[{"href":"https:\/\/diariodominicano.com\/index.php?rest_route=%2Fwp%2Fv2%2Fmedia&parent=71028"}],"wp:term":[{"taxonomy":"category","embeddable":true,"href":"https:\/\/diariodominicano.com\/index.php?rest_route=%2Fwp%2Fv2%2Fcategories&post=71028"},{"taxonomy":"post_tag","embeddable":true,"href":"https:\/\/diariodominicano.com\/index.php?rest_route=%2Fwp%2Fv2%2Ftags&post=71028"}],"curies":[{"name":"wp","href":"https:\/\/api.w.org\/{rel}","templated":true}]}}