{"id":71027,"date":"2008-05-06T17:36:10","date_gmt":"2008-05-06T17:36:10","guid":{"rendered":"http:\/\/diariodominicano.ddns.net\/?p=71027"},"modified":"2008-05-06T17:36:10","modified_gmt":"2008-05-06T17:36:10","slug":"da-garcia-marquez-ultimos-toques-a-proxima-novela","status":"publish","type":"post","link":"https:\/\/diariodominicano.com\/?p=71027","title":{"rendered":"Da Garc\u00eda M\u00e1rquez \u00faltimos toques a pr\u00f3xima novela"},"content":{"rendered":"<p><body><\/p>\n<p align=\"justify\"><strong class=\"titulogrande1\">Da Garc\u00eda M\u00e1rquez \u00faltimos toques a  pr\u00f3xima novela<\/strong><br \/>&#13;<br \/>\n    <br \/>&#13;<br \/>\n    <strong>El autor de <em>Cien a\u00f1os de soledad<\/em> no ha definido  el t\u00edtulo de su pr\u00f3xima obra, revela el director de noticias de Radio Caracol,  Dar\u00edo Arizmendi <\/strong><\/p>\n<p>&#13;<\/p>\n<table border=\"0\" cellspacing=\"0\" cellpadding=\"0\" align=\"right\" width=\"226\">&#13;<\/p>\n<tr>&#13;<\/p>\n<td><\/td>\n<p>&#13;<br \/>\n  <\/tr>\n<p>&#13;<br \/>\n<\/table>\n<p>&#13;<\/p>\n<p align=\"justify\" class=\"text1noticias\">EFE<br \/>&#13;<br \/>\n  <br \/>&#13;<br \/>\n  El Universal<br \/>&#13;<br \/>\n  <br \/>&#13;<br \/>\n  Bogot\u00e1, Colombia<br \/>&#13;<br \/>\n  <br \/>&#13;<br \/>\n  Martes 06 de mayo de 2008<br \/>&#13;<br \/>\n  <br \/>&#13;<br \/>\n  <img loading=\"lazy\" decoding=\"async\" src=\"http:\/\/localhost:8080\/img\/marquez.jpg\" width=\"375\" height=\"464\" hspace=\"4\" align=\"left\" \/>El escritor  colombiano Gabriel Garc\u00eda M\u00e1rquez, Premio Nobel de Literatura en 1982, \u00abda  los \u00faltimos toques\u00bb a una \u00abnovela de amor\u00bb que estar\u00e1 en las  librer\u00edas antes de concluir 2008, revel\u00f3 hoy el director de noticias de Radio  Caracol, Dar\u00edo Arizmendi. <br \/>&#13;<br \/>\n  <br \/>&#13;<br \/>\n  \u00abTuve la fortuna de estar este fin de semana en M\u00e9xico con el escritor  y puedo asegurar que le est\u00e1 dando los \u00faltimos toques a su nueva novela\u00bb ,  de unas 250 p\u00e1ginas, se\u00f1al\u00f3 el periodista, que es muy amigo de Garc\u00eda M\u00e1rquez. <br \/>&#13;<br \/>\n  <br \/>&#13;<br \/>\n  El autor de <em>Cien a\u00f1os de soledad<\/em> y <em>El oto\u00f1o del patriarca<\/em>,  sin embargo, no ha definido el t\u00edtulo de su pr\u00f3xima obra. Como casi siempre,  \u00ablo deja para el final\u00bb , a\u00f1adi\u00f3 Arizmendi.<br \/> &#13;<br \/>\n  <br \/>&#13;<br \/>\n  La obra estuvo \u00aben la nevera\u00bb , dijo el director de noticias de  Caracol, que a\u00f1adi\u00f3 que \u00abescribi\u00f3 un borrador, no le gust\u00f3, luego otro y  otro y lleg\u00f3 hasta a un quinto borrador (&#8230;) Ya est\u00e1 listo(&#8230;)\u00bb . Seg\u00fan  Arizmendi, la novela puede ser publicada en torno a agosto o septiembre  pr\u00f3ximos. <br \/>&#13;<br \/>\n  <br \/>&#13;<br \/>\n  Garc\u00eda M\u00e1rquez cumpli\u00f3 81 a\u00f1os en marzo pasado y tiene a sus lectores  pendientes del segundo tomo de sus memorias. <br \/>&#13;<br \/>\n  <br \/>&#13;<br \/>\nmvc <\/p>\n<p>&#13;<\/p>\n<h6> 2008-05-06 17:36:10 <\/h6>\n<p><!--\n<link rel=\"stylesheet\" href=\"css\/bootstrap.min.css\">\n\n\n<ul class=\"pagination\">\n\t    \n\t\n\n<li >\n\t<a href='?page_no=22704'>Previous<\/a>\n\t<\/li>\n\n\n       \n    \n\n<li><a href='?page_no=1'>1<\/a><\/li>\n\n\n\n<li><a href='?page_no=2'>2<\/a><\/li>\n\n\n\n<li><a>...<\/a><\/li>\n\n\n\n<li><a href='?page_no=22703'>22703<\/a><\/li>\n\n\n\n<li><a href='?page_no=22704'>22704<\/a><\/li>\n\n\n\n<li class='active'><a>22705<\/a><\/li>\n\n\n\n<li><a href='?page_no=22706'>22706<\/a><\/li>\n\n\n\n<li><a href='?page_no=22707'>22707<\/a><\/li>\n\n\n\n<li><a>...<\/a><\/li>\n\n\n\n<li><a href='?page_no=22911'>22911<\/a><\/li>\n\n\n\n<li><a href='?page_no=22912'>22912<\/a><\/li>\n\n    \n\t\n\n<li >\n\t<a href='?page_no=22706'>Next<\/a>\n\t<\/li>\n\n\n    \n\n<li><a href='?page_no=22912'>Last &rsaquo;&rsaquo;<\/a><\/li>\n\n<\/ul>\n\n\n--><br \/>\n<\/body><\/p>\n","protected":false},"excerpt":{"rendered":"<p>Da Garc\u00eda M\u00e1rquez \u00faltimos toques a pr\u00f3xima novela&#13; &#13; El autor de Cien a\u00f1os de soledad no ha definido el t\u00edtulo de su pr\u00f3xima obra, revela el director de noticias de Radio Caracol, Dar\u00edo Arizmendi &#13; &#13; &#13; &#13; &#13; &#13; EFE&#13; &#13; El Universal&#13; &#13; Bogot\u00e1, Colombia&#13; &#13; Martes 06 de mayo de 2008&#13; [&hellip;]<\/p>\n","protected":false},"author":3,"featured_media":0,"comment_status":"open","ping_status":"open","sticky":false,"template":"","format":"standard","meta":{"footnotes":""},"categories":[21],"tags":[],"class_list":["post-71027","post","type-post","status-publish","format-standard","hentry","category-cultura"],"_links":{"self":[{"href":"https:\/\/diariodominicano.com\/index.php?rest_route=\/wp\/v2\/posts\/71027","targetHints":{"allow":["GET"]}}],"collection":[{"href":"https:\/\/diariodominicano.com\/index.php?rest_route=\/wp\/v2\/posts"}],"about":[{"href":"https:\/\/diariodominicano.com\/index.php?rest_route=\/wp\/v2\/types\/post"}],"author":[{"embeddable":true,"href":"https:\/\/diariodominicano.com\/index.php?rest_route=\/wp\/v2\/users\/3"}],"replies":[{"embeddable":true,"href":"https:\/\/diariodominicano.com\/index.php?rest_route=%2Fwp%2Fv2%2Fcomments&post=71027"}],"version-history":[{"count":0,"href":"https:\/\/diariodominicano.com\/index.php?rest_route=\/wp\/v2\/posts\/71027\/revisions"}],"wp:attachment":[{"href":"https:\/\/diariodominicano.com\/index.php?rest_route=%2Fwp%2Fv2%2Fmedia&parent=71027"}],"wp:term":[{"taxonomy":"category","embeddable":true,"href":"https:\/\/diariodominicano.com\/index.php?rest_route=%2Fwp%2Fv2%2Fcategories&post=71027"},{"taxonomy":"post_tag","embeddable":true,"href":"https:\/\/diariodominicano.com\/index.php?rest_route=%2Fwp%2Fv2%2Ftags&post=71027"}],"curies":[{"name":"wp","href":"https:\/\/api.w.org\/{rel}","templated":true}]}}