{"id":71025,"date":"2008-05-06T17:42:40","date_gmt":"2008-05-06T17:42:40","guid":{"rendered":"http:\/\/diariodominicano.ddns.net\/?p=71025"},"modified":"2008-05-06T17:42:40","modified_gmt":"2008-05-06T17:42:40","slug":"inauguran-primera-sala-de-opera-dedicada-al-publico-infantil-aleman","status":"publish","type":"post","link":"https:\/\/diariodominicano.com\/?p=71025","title":{"rendered":"Inauguran primera sala de \u00f3pera dedicada al p\u00fablico infantil alem\u00e1n"},"content":{"rendered":"<p><body><\/p>\n<p align=\"justify\"><span class=\"titulogrande1\">Inauguran primera sala de \u00f3pera dedicada al p\u00fablico infantil  alem\u00e1n <\/span><br \/>&#13;<br \/>\n  <br \/>&#13;<br \/>\n    <strong>La \u00abKinderoper\u00bb inici\u00f3 sus funciones con\u00a0El  Sastrecillo Valiente y est\u00e1 enfocada para una audiencia de entre 6 y 17 a\u00f1os. <\/strong><\/p>\n<p>&#13;<\/p>\n<p align=\"justify\" class=\"text1noticias\"><img loading=\"lazy\" decoding=\"async\" src=\"http:\/\/localhost:8080\/img\/opera infantil.jpg\" width=\"375\" height=\"272\" hspace=\"4\" align=\"left\" \/>La primera sala de \u00f3pera dedicada en exclusiva al p\u00fablico  infantil de Alemania abri\u00f3 hoy sus puertas en Dortmund, al oeste del pa\u00eds, con  la representaci\u00f3n de El Sastrecillo Valiente, de Wolfgang Mitterer.<br \/>&#13;<br \/>\n  <br \/>&#13;<br \/>\n  La reci\u00e9n inaugurada \u00abKinderoper\u00bb es un proyecto  de la Opera de Dortmund, que ha financiado gran parte de los 450.000 euros  (697.000 d\u00f3lares) que ha supuesto el nuevo edificio a trav\u00e9s de las donaciones  de particulares.<br \/>&#13;<br \/>\n  <br \/>&#13;<br \/>\n  La \u00abKinderoper\u00bb, cuyas funciones estar\u00e1n dedicadas  a un p\u00fablico de entre 6 y 17 a\u00f1os, aspira a acercar este g\u00e9nero\u00a0a una  audiencia m\u00e1s joven y cuenta con un escenario de diez metros de ancho, butacas  para cien espectadores y un foso capaz de albergar una orquesta de treinta  m\u00fasicos.<br \/>&#13;<br \/>\n  <br \/>&#13;<br \/>\n  Est\u00e1 previsto que cada a\u00f1o se estrene un nueva producci\u00f3n de  car\u00e1cter infantil y otra destinada a un p\u00fablico juvenil, con unas treinta  representaciones cada una.<br \/>&#13;<br \/>\n  <br \/>&#13;<br \/>\n  La intendente de la Sala de Opera de Dortmund y promotora  del proyecto, Christine Mielitz, explic\u00f3 hoy que el lema de la  \u00abKinderoper\u00bb ser\u00e1 \u00abcon los ni\u00f1os y para los ni\u00f1os\u00bb y que el  escenario de la sala podr\u00e1 emplearse para representaciones escolares.<br \/>&#13;<br \/>\n  <br \/>&#13;<br \/>\n  Mielitz indic\u00f3 que el proyecto incluye incrementar la  participaci\u00f3n de los escolares en el montaje de los espect\u00e1culos, tanto sobre  el escenario como entre bambalinas, para lo que colaborar\u00e1n con colegios y con  la escuela de canto \u00abChorakademie\u00bb de la ciudad, compuesta por  diecisiete coros infantiles.<br \/>&#13;<br \/>\n  <br \/>&#13;<br \/>\n  Este a\u00f1o se representar\u00e1 La Bruja Hilary va a la Opera, de Peter  Lund y para el a\u00f1o que viene est\u00e1 prevista la escenificaci\u00f3n de la versi\u00f3n  musical del cuento Ichbinich (Yosoyyo), de Mira Lobe y Susi Weigl.<br \/>&#13;<br \/>\n  <br \/>&#13;<br \/>\n  La iniciativa de Dortmund supone un paso m\u00e1s para Alemania  en su empe\u00f1o por acercar el l\u00edrico al p\u00fablico infantil, al que numerosos  teatros del pa\u00eds dedican regularmente programas espec\u00edficos. <br \/>&#13;<br \/>\n  <br \/>&#13;<br \/>\n  EFE<\/p>\n<p>&#13;<\/p>\n<h6> 2008-05-06 17:42:40 <\/h6>\n<p><!--\n<link rel=\"stylesheet\" href=\"css\/bootstrap.min.css\">\n\n\n<ul class=\"pagination\">\n\t    \n\t\n\n<li >\n\t<a href='?page_no=22702'>Previous<\/a>\n\t<\/li>\n\n\n       \n    \n\n<li><a href='?page_no=1'>1<\/a><\/li>\n\n\n\n<li><a href='?page_no=2'>2<\/a><\/li>\n\n\n\n<li><a>...<\/a><\/li>\n\n\n\n<li><a href='?page_no=22701'>22701<\/a><\/li>\n\n\n\n<li><a href='?page_no=22702'>22702<\/a><\/li>\n\n\n\n<li class='active'><a>22703<\/a><\/li>\n\n\n\n<li><a href='?page_no=22704'>22704<\/a><\/li>\n\n\n\n<li><a href='?page_no=22705'>22705<\/a><\/li>\n\n\n\n<li><a>...<\/a><\/li>\n\n\n\n<li><a href='?page_no=22911'>22911<\/a><\/li>\n\n\n\n<li><a href='?page_no=22912'>22912<\/a><\/li>\n\n    \n\t\n\n<li >\n\t<a href='?page_no=22704'>Next<\/a>\n\t<\/li>\n\n\n    \n\n<li><a href='?page_no=22912'>Last &rsaquo;&rsaquo;<\/a><\/li>\n\n<\/ul>\n\n\n--><br \/>\n<\/body><\/p>\n","protected":false},"excerpt":{"rendered":"<p>Inauguran primera sala de \u00f3pera dedicada al p\u00fablico infantil alem\u00e1n &#13; &#13; La \u00abKinderoper\u00bb inici\u00f3 sus funciones con\u00a0El Sastrecillo Valiente y est\u00e1 enfocada para una audiencia de entre 6 y 17 a\u00f1os. &#13; La primera sala de \u00f3pera dedicada en exclusiva al p\u00fablico infantil de Alemania abri\u00f3 hoy sus puertas en Dortmund, al oeste del [&hellip;]<\/p>\n","protected":false},"author":3,"featured_media":0,"comment_status":"open","ping_status":"open","sticky":false,"template":"","format":"standard","meta":{"footnotes":""},"categories":[21],"tags":[],"class_list":["post-71025","post","type-post","status-publish","format-standard","hentry","category-cultura"],"_links":{"self":[{"href":"https:\/\/diariodominicano.com\/index.php?rest_route=\/wp\/v2\/posts\/71025","targetHints":{"allow":["GET"]}}],"collection":[{"href":"https:\/\/diariodominicano.com\/index.php?rest_route=\/wp\/v2\/posts"}],"about":[{"href":"https:\/\/diariodominicano.com\/index.php?rest_route=\/wp\/v2\/types\/post"}],"author":[{"embeddable":true,"href":"https:\/\/diariodominicano.com\/index.php?rest_route=\/wp\/v2\/users\/3"}],"replies":[{"embeddable":true,"href":"https:\/\/diariodominicano.com\/index.php?rest_route=%2Fwp%2Fv2%2Fcomments&post=71025"}],"version-history":[{"count":0,"href":"https:\/\/diariodominicano.com\/index.php?rest_route=\/wp\/v2\/posts\/71025\/revisions"}],"wp:attachment":[{"href":"https:\/\/diariodominicano.com\/index.php?rest_route=%2Fwp%2Fv2%2Fmedia&parent=71025"}],"wp:term":[{"taxonomy":"category","embeddable":true,"href":"https:\/\/diariodominicano.com\/index.php?rest_route=%2Fwp%2Fv2%2Fcategories&post=71025"},{"taxonomy":"post_tag","embeddable":true,"href":"https:\/\/diariodominicano.com\/index.php?rest_route=%2Fwp%2Fv2%2Ftags&post=71025"}],"curies":[{"name":"wp","href":"https:\/\/api.w.org\/{rel}","templated":true}]}}