{"id":71024,"date":"2008-05-06T17:45:44","date_gmt":"2008-05-06T17:45:44","guid":{"rendered":"http:\/\/diariodominicano.ddns.net\/?p=71024"},"modified":"2008-05-06T17:45:44","modified_gmt":"2008-05-06T17:45:44","slug":"tension-en-turin-por-inauguracion-de-feria-del-libro-que-homenajea-a-israel","status":"publish","type":"post","link":"https:\/\/diariodominicano.com\/?p=71024","title":{"rendered":"Tensi\u00f3n en Tur\u00edn por inauguraci\u00f3n de Feria del Libro que homenajea a Israel"},"content":{"rendered":"<p><body><\/p>\n<p align=\"justify\"><span class=\"titulogrande1\">Tensi\u00f3n en Tur\u00edn por inauguraci\u00f3n de Feria del Libro que  homenajea a Israel <\/span><br \/>&#13;<br \/>\n  <br \/>&#13;<br \/>\n    <span class=\"text1noticias\">El encuentro es\u00a0acusado de ignorar  el\u00a0\u00absufrimiento palestino\u00bb. La feria rebate diciendo que la  invitada es la literatura,\u00a0con la presencia de\u00a0autores como David  Grossman y\u00a0Amos Oz. <br \/>&#13;<br \/>\n    <br \/>&#13;<br \/>\n    La inauguraci\u00f3n hoy de la Feria del Libro de Tur\u00edn est\u00e1  rodeada de tensi\u00f3n debido al anuncio de grupos de izquierda de que protestar\u00e1n  porque el evento eligi\u00f3 este a\u00f1o a Israel como pa\u00eds invitado.<br \/>&#13;<br \/>\n    <br \/>&#13;<br \/>\n    Las autoridades aumentaron la seguridad en la ciudad del  norte del pa\u00eds y prohibieron a los manifestantes reunirse en el \u00e1rea de  Lingotto, donde se llevar\u00e1 a cabo la feria. Los grupos han convocado una marcha  para el s\u00e1bado.<br \/>&#13;<br \/>\n    <br \/>&#13;<br \/>\n    En una protesta en Tur\u00edn la semana pasada, los participantes  quemaron banderas de Israel y de Estados Unidos para denunciar lo que consideran  como represi\u00f3n del pueblo palestino por parte de los israel\u00edes.<br \/>&#13;<br \/>\n    <br \/>&#13;<br \/>\n    Los grupos de izquierda afirman que al designar a Israel  como pa\u00eds invitado en 2008, los organizadores, incluyendo al gobierno de  centro-izquierda de Tur\u00edn, ignoran el sufrimiento palestino.<br \/>&#13;<br \/>\n    <br \/>&#13;<br \/>\n    La feria rechaza las cr\u00edticas y se\u00f1ala en un comunicado en  su p\u00e1gina web que la invitada de este a\u00f1o es la \u00abliteratura israel\u00ed\u00bb,  con escritores como David Grossman, Amos Oz, Abraham Yehoshua, entre otros,  algunos de los cuales han sido invitados a Italia. Estos escritores  \u00abenfrentan los conflictos y divisiones que aquejan a las sociedades  contempor\u00e1neas y que por 60 a\u00f1os se han reproducido en los territorios en  disputa entre israel\u00edes y palestinos\u00bb.<br \/>&#13;<br \/>\n    <br \/>&#13;<br \/>\n\u00abEl Tur\u00edn democr\u00e1tico debe unirse para ondear la  bandera israel\u00ed\u00bb, afirm\u00f3 Roberto Della Seta, representante del Partido  Democr\u00e1tico, que gobierna en la ciudad.<br \/>&#13;<br \/>\n<br \/>&#13;<br \/>\nEl presidente italiano, Giorgio Napolitano, que inaugurar\u00e1  la feria, tambi\u00e9n se ha visto envuelto en la controversia y advirti\u00f3 acerca del  \u00abpeligro del antisemitismo disfrazado de antisionismo\u00bb, algo que fue  visto por los cr\u00edticos como una acusaci\u00f3n de racismo.<br \/>&#13;<br \/>\n<br \/>&#13;<br \/>\nEl lunes por la tarde, la oficina de Napolitano emiti\u00f3 un  comunicado en el que se asegura que \u00abes completamente falso atribuir al  jefe de Estado la afirmaci\u00f3n de que acusa de antisemitas a todos los que  critican al Estado de Israel\u00bb. <br \/>&#13;<br \/>\n<br \/>&#13;<br \/>\ndpa<\/span><\/p>\n<p>&#13;<\/p>\n<h6> 2008-05-06 17:45:44 <\/h6>\n<p><!--\n<link rel=\"stylesheet\" href=\"css\/bootstrap.min.css\">\n\n\n<ul class=\"pagination\">\n\t    \n\t\n\n<li >\n\t<a href='?page_no=22701'>Previous<\/a>\n\t<\/li>\n\n\n       \n    \n\n<li><a href='?page_no=1'>1<\/a><\/li>\n\n\n\n<li><a href='?page_no=2'>2<\/a><\/li>\n\n\n\n<li><a>...<\/a><\/li>\n\n\n\n<li><a href='?page_no=22700'>22700<\/a><\/li>\n\n\n\n<li><a href='?page_no=22701'>22701<\/a><\/li>\n\n\n\n<li class='active'><a>22702<\/a><\/li>\n\n\n\n<li><a href='?page_no=22703'>22703<\/a><\/li>\n\n\n\n<li><a href='?page_no=22704'>22704<\/a><\/li>\n\n\n\n<li><a>...<\/a><\/li>\n\n\n\n<li><a href='?page_no=22911'>22911<\/a><\/li>\n\n\n\n<li><a href='?page_no=22912'>22912<\/a><\/li>\n\n    \n\t\n\n<li >\n\t<a href='?page_no=22703'>Next<\/a>\n\t<\/li>\n\n\n    \n\n<li><a href='?page_no=22912'>Last &rsaquo;&rsaquo;<\/a><\/li>\n\n<\/ul>\n\n\n--><br \/>\n<\/body><\/p>\n","protected":false},"excerpt":{"rendered":"<p>Tensi\u00f3n en Tur\u00edn por inauguraci\u00f3n de Feria del Libro que homenajea a Israel &#13; &#13; El encuentro es\u00a0acusado de ignorar el\u00a0\u00absufrimiento palestino\u00bb. La feria rebate diciendo que la invitada es la literatura,\u00a0con la presencia de\u00a0autores como David Grossman y\u00a0Amos Oz. &#13; &#13; La inauguraci\u00f3n hoy de la Feria del Libro de Tur\u00edn est\u00e1 rodeada de [&hellip;]<\/p>\n","protected":false},"author":3,"featured_media":0,"comment_status":"open","ping_status":"open","sticky":false,"template":"","format":"standard","meta":{"footnotes":""},"categories":[21],"tags":[],"class_list":["post-71024","post","type-post","status-publish","format-standard","hentry","category-cultura"],"_links":{"self":[{"href":"https:\/\/diariodominicano.com\/index.php?rest_route=\/wp\/v2\/posts\/71024","targetHints":{"allow":["GET"]}}],"collection":[{"href":"https:\/\/diariodominicano.com\/index.php?rest_route=\/wp\/v2\/posts"}],"about":[{"href":"https:\/\/diariodominicano.com\/index.php?rest_route=\/wp\/v2\/types\/post"}],"author":[{"embeddable":true,"href":"https:\/\/diariodominicano.com\/index.php?rest_route=\/wp\/v2\/users\/3"}],"replies":[{"embeddable":true,"href":"https:\/\/diariodominicano.com\/index.php?rest_route=%2Fwp%2Fv2%2Fcomments&post=71024"}],"version-history":[{"count":0,"href":"https:\/\/diariodominicano.com\/index.php?rest_route=\/wp\/v2\/posts\/71024\/revisions"}],"wp:attachment":[{"href":"https:\/\/diariodominicano.com\/index.php?rest_route=%2Fwp%2Fv2%2Fmedia&parent=71024"}],"wp:term":[{"taxonomy":"category","embeddable":true,"href":"https:\/\/diariodominicano.com\/index.php?rest_route=%2Fwp%2Fv2%2Fcategories&post=71024"},{"taxonomy":"post_tag","embeddable":true,"href":"https:\/\/diariodominicano.com\/index.php?rest_route=%2Fwp%2Fv2%2Ftags&post=71024"}],"curies":[{"name":"wp","href":"https:\/\/api.w.org\/{rel}","templated":true}]}}