{"id":71023,"date":"2008-05-06T17:47:59","date_gmt":"2008-05-06T17:47:59","guid":{"rendered":"http:\/\/diariodominicano.ddns.net\/?p=71023"},"modified":"2008-05-06T17:47:59","modified_gmt":"2008-05-06T17:47:59","slug":"artistas-cubanos-en-opera-de-bogota","status":"publish","type":"post","link":"https:\/\/diariodominicano.com\/?p=71023","title":{"rendered":"Artistas cubanos en Opera de Bogot\u00e1"},"content":{"rendered":"<p><body><\/p>\n<p align=\"justify\"><span class=\"titulogrande1\"><strong>Artistas cubanos en Opera de Bogot\u00e1<\/strong><\/span><br \/>&#13;<br \/>\n  <br \/>&#13;<br \/>\n    <span class=\"text1noticias\"><strong>Bogot\u00e1. \u2014<\/strong> Con gran \u00e9xito fue  presentada ese fin de semana en el Teatro de Bellas Artes de esta capital Las  Leandras, con la participaci\u00f3n de una representaci\u00f3n art\u00edstica de la \u00f3pera de  Cuba.<br \/>&#13;<br \/>\n    <br \/>&#13;<br \/>\n    La obra de Francisco Alonso,  considerada una de las joyas del g\u00e9nero chico espa\u00f1ol, fue puesta en escena por  Humberto Lara, de Cuba, y en la misma actuaron solistas y actores cubanos  tambi\u00e9n.<br \/>&#13;<br \/>\n    <br \/>&#13;<br \/>\n    La representaci\u00f3n art\u00edstica de  la Isla est\u00e1 integrada, adem\u00e1s de Lara, director art\u00edstico y actor, por Adolfo  Casas, tenor, Gloria Casas, soprano, Carlos Lara, tenor c\u00f3mico, Lourdes San  Andr\u00e9s, actriz y Jes\u00fas L\u00f3pez, actor y bailar\u00edn.<br \/>&#13;<br \/>\n    <br \/>&#13;<br \/>\n    Los artistas cubanos han actuado  en presentaciones anteriores, en el propio teatro, de La Traviata de Giuseppe  Verdi, en la que tuvieron una destacada participaci\u00f3n la soprano Gloria Casas y  los tenores Adolfo Casas y Carlos Lara.<br \/>&#13;<br \/>\n    <br \/>&#13;<br \/>\n    Tambi\u00e9n en La Leyenda del Beso  de Soutullo y Vert, en la que adem\u00e1s de los solistas participantes se uni\u00f3 la  actriz Lourdes San Andr\u00e9s.<br \/>&#13;<br \/>\n    <br \/>&#13;<br \/>\n    La Leyenda del Beso es un titulo  emblem\u00e1tico que durante m\u00e1s de 15 a\u00f1os viene presentado en Colombia la  Fundaci\u00f3n de Arte L\u00edrico de Bogot\u00e1.<br \/>&#13;<br \/>\n    <br \/>&#13;<br \/>\n    En lo que resta de temporada,  con la participaci\u00f3n de los artistas cubanos tambi\u00e9n subir\u00e1n a escena la \u00f3pera  Carmen de G. Bizet, La Corte del Fara\u00f3n, de Vicente Lle\u00f3, y la coproducci\u00f3n de  la zarzuela cubana Maria la O de Ernesto Lecuona.<br \/>&#13;<br \/>\n    <br \/>&#13;<br \/>\n    La temporada culminar\u00e1 con una  Antolog\u00eda L\u00edrica, en la que se presentar\u00e1n selecciones de la zarzuela cubana  Cecilia Vald\u00e9s de Gonzalo Roig.<br \/>&#13;<br \/>\n    <br \/>&#13;<br \/>\n    <strong>(PL)<\/strong><\/span><\/p>\n<p>&#13;<\/p>\n<h6> 2008-05-06 17:47:59 <\/h6>\n<p><!--\n<link rel=\"stylesheet\" href=\"css\/bootstrap.min.css\">\n\n\n<ul class=\"pagination\">\n\t    \n\t\n\n<li >\n\t<a href='?page_no=22700'>Previous<\/a>\n\t<\/li>\n\n\n       \n    \n\n<li><a href='?page_no=1'>1<\/a><\/li>\n\n\n\n<li><a href='?page_no=2'>2<\/a><\/li>\n\n\n\n<li><a>...<\/a><\/li>\n\n\n\n<li><a href='?page_no=22699'>22699<\/a><\/li>\n\n\n\n<li><a href='?page_no=22700'>22700<\/a><\/li>\n\n\n\n<li class='active'><a>22701<\/a><\/li>\n\n\n\n<li><a href='?page_no=22702'>22702<\/a><\/li>\n\n\n\n<li><a href='?page_no=22703'>22703<\/a><\/li>\n\n\n\n<li><a>...<\/a><\/li>\n\n\n\n<li><a href='?page_no=22911'>22911<\/a><\/li>\n\n\n\n<li><a href='?page_no=22912'>22912<\/a><\/li>\n\n    \n\t\n\n<li >\n\t<a href='?page_no=22702'>Next<\/a>\n\t<\/li>\n\n\n    \n\n<li><a href='?page_no=22912'>Last &rsaquo;&rsaquo;<\/a><\/li>\n\n<\/ul>\n\n\n--><br \/>\n<\/body><\/p>\n","protected":false},"excerpt":{"rendered":"<p>Artistas cubanos en Opera de Bogot\u00e1&#13; &#13; Bogot\u00e1. \u2014 Con gran \u00e9xito fue presentada ese fin de semana en el Teatro de Bellas Artes de esta capital Las Leandras, con la participaci\u00f3n de una representaci\u00f3n art\u00edstica de la \u00f3pera de Cuba.&#13; &#13; La obra de Francisco Alonso, considerada una de las joyas del g\u00e9nero chico [&hellip;]<\/p>\n","protected":false},"author":3,"featured_media":0,"comment_status":"open","ping_status":"open","sticky":false,"template":"","format":"standard","meta":{"footnotes":""},"categories":[21],"tags":[],"class_list":["post-71023","post","type-post","status-publish","format-standard","hentry","category-cultura"],"_links":{"self":[{"href":"https:\/\/diariodominicano.com\/index.php?rest_route=\/wp\/v2\/posts\/71023","targetHints":{"allow":["GET"]}}],"collection":[{"href":"https:\/\/diariodominicano.com\/index.php?rest_route=\/wp\/v2\/posts"}],"about":[{"href":"https:\/\/diariodominicano.com\/index.php?rest_route=\/wp\/v2\/types\/post"}],"author":[{"embeddable":true,"href":"https:\/\/diariodominicano.com\/index.php?rest_route=\/wp\/v2\/users\/3"}],"replies":[{"embeddable":true,"href":"https:\/\/diariodominicano.com\/index.php?rest_route=%2Fwp%2Fv2%2Fcomments&post=71023"}],"version-history":[{"count":0,"href":"https:\/\/diariodominicano.com\/index.php?rest_route=\/wp\/v2\/posts\/71023\/revisions"}],"wp:attachment":[{"href":"https:\/\/diariodominicano.com\/index.php?rest_route=%2Fwp%2Fv2%2Fmedia&parent=71023"}],"wp:term":[{"taxonomy":"category","embeddable":true,"href":"https:\/\/diariodominicano.com\/index.php?rest_route=%2Fwp%2Fv2%2Fcategories&post=71023"},{"taxonomy":"post_tag","embeddable":true,"href":"https:\/\/diariodominicano.com\/index.php?rest_route=%2Fwp%2Fv2%2Ftags&post=71023"}],"curies":[{"name":"wp","href":"https:\/\/api.w.org\/{rel}","templated":true}]}}