{"id":71022,"date":"2008-05-06T23:17:33","date_gmt":"2008-05-06T23:17:33","guid":{"rendered":"http:\/\/diariodominicano.ddns.net\/?p=71022"},"modified":"2008-05-06T23:17:33","modified_gmt":"2008-05-06T23:17:33","slug":"obra-el-angel-de-la-culpa-se-roba-el-show-de-la-feria-del-libro","status":"publish","type":"post","link":"https:\/\/diariodominicano.com\/?p=71022","title":{"rendered":"Obra \u201cEl \u00c1ngel de la Culpa\u201d se roba el show de la Feria del Libro"},"content":{"rendered":"<p><body><\/p>\n<p align=\"justify\"><strong class=\"titulogrande1\">Obra \u201cEl \u00c1ngel de la Culpa\u201d se roba el show de la Feria del Libro<\/strong><br \/>&#13;<br \/>\n  <br \/>&#13;<br \/>\n    <span class=\"text1noticias\"><strong><img loading=\"lazy\" decoding=\"async\" src=\"http:\/\/localhost:8080\/img\/angel culpa.jpg\" width=\"375\" height=\"1290\" hspace=\"4\" align=\"left\" \/>SANTO DOMINGO.- <\/strong>Por el \u00e9xito obtenido en sus dos  presentaciones anteriores la obra teatral \u00a0\u201cEl \u00c1ngel de la culpa\u201d de la autor\u00eda del  teatrista cubano David Ramy, los organizadores de la    XI Feria Internacional del Libro la  presentar\u00e1n por tercera vez en la Sala   Ravelo del Teatro Nacional.<br \/>&#13;<br \/>\n    <br \/>&#13;<br \/>\n    El famoso actor cubano Miguel Ponce y el teatrista  dominicano Jos\u00e9 Alc\u00e1ntara lograron cautivar por espacio de una hora el p\u00fablico  presente, que a casa llena se present\u00f3 la semana pasada.<br \/>&#13;<br \/>\n    <br \/>&#13;<br \/>\n    David Ramy, un famoso actor, reconocido por su magnifica actuaci\u00f3n en los principales  escenarios del\u00a0 mundo, trajo en exclusiva  a la Rep\u00fablica Dominicana  la interesante obra teatral, la cual recientemente fue premiada en Casa de  Teatro.<br \/>&#13;<br \/>\n    <br \/>&#13;<br \/>\n    Por las cr\u00edticas, tanto del p\u00fablico, como de los m\u00e1s  connotados teatristas dominicana la obra \u201cEl \u00c1ngel de la Culpa\u201d ser\u00e1 presentada en  esta semana, como parte del calendario de actividades preparado por los  organizadores de la Fiesta  m\u00e1s importante del Libro del 5 al 9 de mayo en horario de 10:00 de la ma\u00f1ana a  9:00 de la noche. <br \/>&#13;<br \/>\n    <br \/>&#13;<br \/>\n    Durante  una hora y quince minutos, Miguel Ponce se las arregla para hablar sin tregua,  con una voz potente, plena de inflexiones y matices, logrando mantener al  p\u00fablico pendiente de cada gesto, cada palabra, cada movimiento, \u201cutilizando una  t\u00e9cnica di\u00e1fana que subyuga al espectador, una actuaci\u00f3n que posee una carga  feroz. Gracias a esa actuaci\u00f3n, conmueve descubrir en su personaje libidinoso  rastros de un ser que quiso \u00abver el otro lado de la luna\u00bb, afirman  teatrista dominicanos.<br \/>&#13;<br \/>\n    <br \/>&#13;<br \/>\n    En  el texto, verdaderamente un mon\u00f3logo, se desencadena el maremagno de delirios  que provoca el encuentro de dos grandes artistas, el dominicano y el cubano,  logrando Jos\u00e9 Alc\u00e1ntara, actor dominicano,  destacarse y elevar la capacidad art\u00edstica de los actores caribe\u00f1os. <br \/>&#13;<br \/>\n    <br \/>&#13;<br \/>\n    Sin  embargo, el actor dominicano logra conseguir involucrarnos en la tragedia del  personaje del supuesto asesino, solamente con sus acciones, que son reacciones  vitales al actor que lo confronta y a los est\u00edmulos esc\u00e9nicos. Un trabajo digno  de acompa\u00f1ar en escena a un maestro como Ponce.<br \/>&#13;<br \/>\n    <br \/>&#13;<br \/>\n    El  final, que no debe revelarse, es la respuesta a las intrigas, la supuesta  soluci\u00f3n al crimen que abre nuevas interrogantes, el golpetazo que nos deja  exhaustos. No obstante, me resulta burda la forma tan explicativa con que el  autor acomete el interesante desenlace, sobre todo si el escritor nos ha hecho  recorrer un camino de sutiles recovecos de la conciencia.<br \/>&#13;<br \/>\n    <br \/>&#13;<br \/>\n    Una parte emotiva de la obra, fue la magnifica puesta en escena de un tema  musical del grupo Noci-Rosario, con un tema reguetonero, interpretado por  Steven Rosario.<br \/>&#13;<br \/>\n    <br \/>&#13;<br \/>\n  La sipnosis de la obra trata de un crimen, donde un  detective (Miguel Ponce) acude a investigar el asesinato de un hombre mayor en  un apartamento de un barrio residencial donde se halla el presunto asesino (Jos\u00e9  Alc\u00e1ntara), un joven semidesnudo y enmudecido.<\/span><\/p>\n<p>&#13;<\/p>\n<div align=\"justify\">&#13;<br \/>\n  <span class=\"text1noticias\">&#13;<br \/>\n<!--  D([\"mb\",\"u003cspan styleu003d\"font-size:9pt;font-family:Arial\"u003eEn el texto, verdaderamente un mon&oacute;logo del detective, se desencadena el maremagno de delirios que provoca el encuentro. Con crudeza y lenguaje soez, no apto para menores, el investigador enfrentado al muchacho, como ante un espejo, rastrea m&aacute;s muertes y m&aacute;s agravios dejando al descubierto sus propias culpas.u003cspanu003eu003c\/spanu003e u003c\/spanu003eu003c\/pu003ennu003cp styleu003d\"border-right:medium none;padding-right:0cm;border-top:medium none;padding-left:0cm;background:white;padding-bottom:0cm;border-left:medium none;padding-top:0cm;border-bottom:medium none\"u003eu003cspan styleu003d\"font-size:9pt;font-family:Arial\"u003eEl final, que no debe revelarse, es la respuesta a las intrigas, la supuesta soluci&oacute;n al crimen que abre nuevas interrogantes, el golpetazo que nos deja exhaustos. No obstante, me resulta burda la forma tan explicativa con que el autor acomete el interesante desenlace, sobre todo si el escritor nos ha hecho recorrer un camino de sutiles recovecos de la conciencia.u003c\/spanu003eu003c\/pu003ennu003cp styleu003d\"border-right:medium none;padding-right:0cm;border-top:medium none;padding-left:0cm;background:white;padding-bottom:0cm;border-left:medium none;padding-top:0cm;border-bottom:medium none\"u003eu003cspan styleu003d\"font-size:9pt;font-family:Arial\"u003ePonce ha creado un espacio fuera del escenario y ha acomodado al p&uacute;blico alrededor de un peque&ntilde;o semic&iacute;rculo donde va a arder Troya. Pero eso no lo sabemos a&uacute;n, al ver a los dos actores ingresar en el espacio con absoluta resoluci&oacute;n, a plena luz el&eacute;ctrica e iniciar un juego de retru&eacute;canos verbales que desembocar&aacute; en truculenta violencia.u003c\/spanu003eu003c\/pu003ennu003cp styleu003d\"border-right:medium none;padding-right:0cm;border-top:medium none;padding-left:0cm;background:white;padding-bottom:0cm;border-left:medium none;padding-top:0cm;border-bottom:medium none\"u003eu003cspan styleu003d\"font-size:9pt;font-family:Arial\"u003eEl director opta por un montaje minimalista que cuenta s&oacute;lo con dos sillas que los int&eacute;rpretes utilizan continuamente como un juego de estructuras geom&eacute;tricas. La ausencia de objetos permite enfocarse en los dos cuerpos que tenemos delante, y la ausencia total de luminotecnia es un elemento que acrecienta la angustia e incluye de soslayo al espectador en el drama.\",1]  );    \/\/-->&#13;<br \/>\n\u00a0El director opta en la obra, por  un montaje minimalista que cuenta s\u00f3lo con dos sillas que los int\u00e9rpretes  utilizan continuamente como un juego de estructuras geom\u00e9tricas. La ausencia de  objetos permite enfocarse en los dos cuerpos que tenemos delante, y la ausencia  total de luminotecnia es un elemento que acrecienta la angustia e incluye de  soslayo al espectador en el drama. \u00a0\u00a0\u00a0\u00a0\u00a0\u00a0\u00a0\u00a0\u00a0\u00a0\u00a0\u00a0\u00a0\u00a0\u00a0\u00a0 <\/span><\/div>\n<p>&#13;<\/p>\n<h6> 2008-05-06 23:17:33 <\/h6>\n<p><!--\n<link rel=\"stylesheet\" href=\"css\/bootstrap.min.css\">\n\n\n<ul class=\"pagination\">\n\t    \n\t\n\n<li >\n\t<a href='?page_no=22699'>Previous<\/a>\n\t<\/li>\n\n\n       \n    \n\n<li><a href='?page_no=1'>1<\/a><\/li>\n\n\n\n<li><a href='?page_no=2'>2<\/a><\/li>\n\n\n\n<li><a>...<\/a><\/li>\n\n\n\n<li><a href='?page_no=22698'>22698<\/a><\/li>\n\n\n\n<li><a href='?page_no=22699'>22699<\/a><\/li>\n\n\n\n<li class='active'><a>22700<\/a><\/li>\n\n\n\n<li><a href='?page_no=22701'>22701<\/a><\/li>\n\n\n\n<li><a href='?page_no=22702'>22702<\/a><\/li>\n\n\n\n<li><a>...<\/a><\/li>\n\n\n\n<li><a href='?page_no=22911'>22911<\/a><\/li>\n\n\n\n<li><a href='?page_no=22912'>22912<\/a><\/li>\n\n    \n\t\n\n<li >\n\t<a href='?page_no=22701'>Next<\/a>\n\t<\/li>\n\n\n    \n\n<li><a href='?page_no=22912'>Last &rsaquo;&rsaquo;<\/a><\/li>\n\n<\/ul>\n\n\n--><br \/>\n<\/body><\/p>\n","protected":false},"excerpt":{"rendered":"<p>Obra \u201cEl \u00c1ngel de la Culpa\u201d se roba el show de la Feria del Libro&#13; &#13; SANTO DOMINGO.- Por el \u00e9xito obtenido en sus dos presentaciones anteriores la obra teatral \u00a0\u201cEl \u00c1ngel de la culpa\u201d de la autor\u00eda del teatrista cubano David Ramy, los organizadores de la XI Feria Internacional del Libro la presentar\u00e1n por [&hellip;]<\/p>\n","protected":false},"author":3,"featured_media":0,"comment_status":"open","ping_status":"open","sticky":false,"template":"","format":"standard","meta":{"footnotes":""},"categories":[21],"tags":[],"class_list":["post-71022","post","type-post","status-publish","format-standard","hentry","category-cultura"],"_links":{"self":[{"href":"https:\/\/diariodominicano.com\/index.php?rest_route=\/wp\/v2\/posts\/71022","targetHints":{"allow":["GET"]}}],"collection":[{"href":"https:\/\/diariodominicano.com\/index.php?rest_route=\/wp\/v2\/posts"}],"about":[{"href":"https:\/\/diariodominicano.com\/index.php?rest_route=\/wp\/v2\/types\/post"}],"author":[{"embeddable":true,"href":"https:\/\/diariodominicano.com\/index.php?rest_route=\/wp\/v2\/users\/3"}],"replies":[{"embeddable":true,"href":"https:\/\/diariodominicano.com\/index.php?rest_route=%2Fwp%2Fv2%2Fcomments&post=71022"}],"version-history":[{"count":0,"href":"https:\/\/diariodominicano.com\/index.php?rest_route=\/wp\/v2\/posts\/71022\/revisions"}],"wp:attachment":[{"href":"https:\/\/diariodominicano.com\/index.php?rest_route=%2Fwp%2Fv2%2Fmedia&parent=71022"}],"wp:term":[{"taxonomy":"category","embeddable":true,"href":"https:\/\/diariodominicano.com\/index.php?rest_route=%2Fwp%2Fv2%2Fcategories&post=71022"},{"taxonomy":"post_tag","embeddable":true,"href":"https:\/\/diariodominicano.com\/index.php?rest_route=%2Fwp%2Fv2%2Ftags&post=71022"}],"curies":[{"name":"wp","href":"https:\/\/api.w.org\/{rel}","templated":true}]}}