{"id":71021,"date":"2008-05-07T04:02:03","date_gmt":"2008-05-07T04:02:03","guid":{"rendered":"http:\/\/diariodominicano.ddns.net\/?p=71021"},"modified":"2008-05-07T04:02:03","modified_gmt":"2008-05-07T04:02:03","slug":"vargas-llosa-condecorado-con-la-orden-de-las-artes-y-las-letras-de-francia","status":"publish","type":"post","link":"https:\/\/diariodominicano.com\/?p=71021","title":{"rendered":"Vargas Llosa, condecorado con la Orden de las Artes y las Letras de Francia"},"content":{"rendered":"<p><body><\/p>\n<p align=\"justify\"><strong class=\"titulogrande1\">Vargas Llosa, condecorado con la Orden de las Artes y las Letras de Francia<\/strong><br \/>&#13;<br \/>\n  <br \/>&#13;<br \/>\n    <span class=\"text1noticias\">El  escritor peruano ha sido premiado por su obra literaria y sus v\u00ednculos con el  pa\u00eds galo <br \/>&#13;<br \/>\n    <br \/>&#13;<br \/>\n    <strong>NUEVA YORK.- <\/strong>El  escritor peruano Mario Vargas Llosa ha sido distinguido hoy en Nueva York con  la condecoraci\u00f3n de la Orden  de las Artes y Letras en el grado de Comendador de Francia, en reconocimiento a  su obra literaria y por los v\u00ednculos del autor con el pa\u00eds europeo.<br \/>&#13;<br \/>\n    <br \/>&#13;<br \/>\n    Durante la ceremonia, celebrada en la Misi\u00f3n de Francia ante la ONU, se record\u00f3 el momento en  que comenz\u00f3 la \u00abhistoria \u00edntima\u00bb del autor con el pa\u00eds galo, en 1957,  cuando gan\u00f3 un concurso de novela organizado por <em>La Revista Francesa<\/em>,  por un relato titulado <em>Le\u00f3nidas<\/em>, cuyo premio consisti\u00f3 en un viaje a  Par\u00eds. Adem\u00e1s, se ha recordado Vargas Llosa \u00abno ha cesado de defender e  ilustrar el ideal de la literatura como arma de libertad\u00bb.<br \/>&#13;<br \/>\n    <br \/>&#13;<br \/>\n    El embajador de Francia ante la ONU, Jean-Maurice Rippert, ha  destacado los v\u00ednculos del autor con su pa\u00eds, entre ellos, el haber trabajado  para la agencia <em>France Press<\/em> y la Oficina de Radiodifusi\u00f3n y Televisi\u00f3n Francesa.<br \/>&#13;<br \/>\n    <br \/>&#13;<br \/>\n    Tambi\u00e9n ha resaltado su \u00abimaginaci\u00f3n y exuberancia  latinoamericana\u00bb, que han contribuido a la originalidad de sus exitosas  novelas como <em>La Ciudad y los Perros<\/em>, <em>La Guerra del Fin del Mundo<\/em>, <em>La   T\u00eda Julia y el Escribidor<\/em>, <em>Conversaci\u00f3n en la Catedral<\/em> y <em>La Fiesta del Chivo<\/em>,  seg\u00fan un comunicado de prensa distribuido por la embajada peruana ante la ONU.<br \/>&#13;<br \/>\n    <br \/>&#13;<br \/>\nEFE<\/span><\/p>\n<p>&#13;<\/p>\n<h6> 2008-05-07 04:02:03 <\/h6>\n<p><!--\n<link rel=\"stylesheet\" href=\"css\/bootstrap.min.css\">\n\n\n<ul class=\"pagination\">\n\t    \n\t\n\n<li >\n\t<a href='?page_no=22698'>Previous<\/a>\n\t<\/li>\n\n\n       \n    \n\n<li><a href='?page_no=1'>1<\/a><\/li>\n\n\n\n<li><a href='?page_no=2'>2<\/a><\/li>\n\n\n\n<li><a>...<\/a><\/li>\n\n\n\n<li><a href='?page_no=22697'>22697<\/a><\/li>\n\n\n\n<li><a href='?page_no=22698'>22698<\/a><\/li>\n\n\n\n<li class='active'><a>22699<\/a><\/li>\n\n\n\n<li><a href='?page_no=22700'>22700<\/a><\/li>\n\n\n\n<li><a href='?page_no=22701'>22701<\/a><\/li>\n\n\n\n<li><a>...<\/a><\/li>\n\n\n\n<li><a href='?page_no=22911'>22911<\/a><\/li>\n\n\n\n<li><a href='?page_no=22912'>22912<\/a><\/li>\n\n    \n\t\n\n<li >\n\t<a href='?page_no=22700'>Next<\/a>\n\t<\/li>\n\n\n    \n\n<li><a href='?page_no=22912'>Last &rsaquo;&rsaquo;<\/a><\/li>\n\n<\/ul>\n\n\n--><br \/>\n<\/body><\/p>\n","protected":false},"excerpt":{"rendered":"<p>Vargas Llosa, condecorado con la Orden de las Artes y las Letras de Francia&#13; &#13; El escritor peruano ha sido premiado por su obra literaria y sus v\u00ednculos con el pa\u00eds galo &#13; &#13; NUEVA YORK.- El escritor peruano Mario Vargas Llosa ha sido distinguido hoy en Nueva York con la condecoraci\u00f3n de la Orden [&hellip;]<\/p>\n","protected":false},"author":3,"featured_media":0,"comment_status":"open","ping_status":"open","sticky":false,"template":"","format":"standard","meta":{"footnotes":""},"categories":[21],"tags":[],"class_list":["post-71021","post","type-post","status-publish","format-standard","hentry","category-cultura"],"_links":{"self":[{"href":"https:\/\/diariodominicano.com\/index.php?rest_route=\/wp\/v2\/posts\/71021","targetHints":{"allow":["GET"]}}],"collection":[{"href":"https:\/\/diariodominicano.com\/index.php?rest_route=\/wp\/v2\/posts"}],"about":[{"href":"https:\/\/diariodominicano.com\/index.php?rest_route=\/wp\/v2\/types\/post"}],"author":[{"embeddable":true,"href":"https:\/\/diariodominicano.com\/index.php?rest_route=\/wp\/v2\/users\/3"}],"replies":[{"embeddable":true,"href":"https:\/\/diariodominicano.com\/index.php?rest_route=%2Fwp%2Fv2%2Fcomments&post=71021"}],"version-history":[{"count":0,"href":"https:\/\/diariodominicano.com\/index.php?rest_route=\/wp\/v2\/posts\/71021\/revisions"}],"wp:attachment":[{"href":"https:\/\/diariodominicano.com\/index.php?rest_route=%2Fwp%2Fv2%2Fmedia&parent=71021"}],"wp:term":[{"taxonomy":"category","embeddable":true,"href":"https:\/\/diariodominicano.com\/index.php?rest_route=%2Fwp%2Fv2%2Fcategories&post=71021"},{"taxonomy":"post_tag","embeddable":true,"href":"https:\/\/diariodominicano.com\/index.php?rest_route=%2Fwp%2Fv2%2Ftags&post=71021"}],"curies":[{"name":"wp","href":"https:\/\/api.w.org\/{rel}","templated":true}]}}