{"id":71019,"date":"2008-05-07T18:19:40","date_gmt":"2008-05-07T18:19:40","guid":{"rendered":"http:\/\/diariodominicano.ddns.net\/?p=71019"},"modified":"2008-05-07T18:19:40","modified_gmt":"2008-05-07T18:19:40","slug":"el-espanol-pablo-garcia-baena-obtiene-premio-reina-sofia-de-poesia","status":"publish","type":"post","link":"https:\/\/diariodominicano.com\/?p=71019","title":{"rendered":"El espa\u00f1ol Pablo Garc\u00eda Baena obtiene Premio Reina Sof\u00eda de Poes\u00eda"},"content":{"rendered":"<p><body><\/p>\n<p align=\"justify\"><span class=\"titulogrande1\">El espa\u00f1ol Pablo Garc\u00eda Baena obtiene Premio Reina Sof\u00eda de  Poes\u00eda <\/span><br \/>&#13;<br \/>\n  <br \/>&#13;<br \/>\n    <span class=\"text1noticias\">El galard\u00f3n es considerado uno de los m\u00e1s importantes de  este g\u00e9nero para las letras iberoamericanas. <br \/>&#13;<br \/>\n    <br \/>&#13;<br \/>\n    <img loading=\"lazy\" decoding=\"async\" src=\"http:\/\/localhost:8080\/img\/premio sofia.jpg\" width=\"375\" height=\"270\" hspace=\"4\" align=\"left\" \/>El escritor espa\u00f1ol Pablo Garc\u00eda Baena ha obtenido hoy el Premio  Reina Sof\u00eda de Poes\u00eda Iberoamericana en su XVII edici\u00f3n.<br \/>&#13;<br \/>\n    <br \/>&#13;<br \/>\n    Dotado con 42.100 euros (64.900 d\u00f3lares), el galard\u00f3n,  considerado uno de los m\u00e1s importantes de este g\u00e9nero, tiene como objetivo  reconocer \u00abel conjunto de la obra de un autor vivo que por su valor  literario constituye una aportaci\u00f3n relevante al patrimonio cultural com\u00fan iberoamericano  y de Espa\u00f1a\u00bb.<br \/>&#13;<br \/>\n    <br \/>&#13;<br \/>\n    El organismo Patrimonio Nacional y la Universidad de  Salamanca convocan anualmente el premio.<br \/>&#13;<br \/>\n  <br \/>&#13;<br \/>\n  El jurado de la presente edici\u00f3n estuvo formado por el  presidente de Patrimonio Nacional, Yago Pico de Coa\u00f1a, y el rector de la  Universidad de Salamanca, Jos\u00e9 Ram\u00f3n Alonso, como organizadores; adem\u00e1s de V\u00edctor  Garc\u00eda de la Concha, Jos\u00e9 Saramago, Jaime Siles y Milagros del Corral, entre  otras personalidades.\u00a0<br \/>&#13;<br \/>\n  <br \/>&#13;<br \/>\nEFE<\/span><\/p>\n<p>&#13;<\/p>\n<h6> 2008-05-07 18:19:40 <\/h6>\n<p><!--\n<link rel=\"stylesheet\" href=\"css\/bootstrap.min.css\">\n\n\n<ul class=\"pagination\">\n\t    \n\t\n\n<li >\n\t<a href='?page_no=22696'>Previous<\/a>\n\t<\/li>\n\n\n       \n    \n\n<li><a href='?page_no=1'>1<\/a><\/li>\n\n\n\n<li><a href='?page_no=2'>2<\/a><\/li>\n\n\n\n<li><a>...<\/a><\/li>\n\n\n\n<li><a href='?page_no=22695'>22695<\/a><\/li>\n\n\n\n<li><a href='?page_no=22696'>22696<\/a><\/li>\n\n\n\n<li class='active'><a>22697<\/a><\/li>\n\n\n\n<li><a href='?page_no=22698'>22698<\/a><\/li>\n\n\n\n<li><a href='?page_no=22699'>22699<\/a><\/li>\n\n\n\n<li><a>...<\/a><\/li>\n\n\n\n<li><a href='?page_no=22911'>22911<\/a><\/li>\n\n\n\n<li><a href='?page_no=22912'>22912<\/a><\/li>\n\n    \n\t\n\n<li >\n\t<a href='?page_no=22698'>Next<\/a>\n\t<\/li>\n\n\n    \n\n<li><a href='?page_no=22912'>Last &rsaquo;&rsaquo;<\/a><\/li>\n\n<\/ul>\n\n\n--><br \/>\n<\/body><\/p>\n","protected":false},"excerpt":{"rendered":"<p>El espa\u00f1ol Pablo Garc\u00eda Baena obtiene Premio Reina Sof\u00eda de Poes\u00eda &#13; &#13; El galard\u00f3n es considerado uno de los m\u00e1s importantes de este g\u00e9nero para las letras iberoamericanas. &#13; &#13; El escritor espa\u00f1ol Pablo Garc\u00eda Baena ha obtenido hoy el Premio Reina Sof\u00eda de Poes\u00eda Iberoamericana en su XVII edici\u00f3n.&#13; &#13; Dotado con 42.100 [&hellip;]<\/p>\n","protected":false},"author":3,"featured_media":0,"comment_status":"open","ping_status":"open","sticky":false,"template":"","format":"standard","meta":{"footnotes":""},"categories":[21],"tags":[],"class_list":["post-71019","post","type-post","status-publish","format-standard","hentry","category-cultura"],"_links":{"self":[{"href":"https:\/\/diariodominicano.com\/index.php?rest_route=\/wp\/v2\/posts\/71019","targetHints":{"allow":["GET"]}}],"collection":[{"href":"https:\/\/diariodominicano.com\/index.php?rest_route=\/wp\/v2\/posts"}],"about":[{"href":"https:\/\/diariodominicano.com\/index.php?rest_route=\/wp\/v2\/types\/post"}],"author":[{"embeddable":true,"href":"https:\/\/diariodominicano.com\/index.php?rest_route=\/wp\/v2\/users\/3"}],"replies":[{"embeddable":true,"href":"https:\/\/diariodominicano.com\/index.php?rest_route=%2Fwp%2Fv2%2Fcomments&post=71019"}],"version-history":[{"count":0,"href":"https:\/\/diariodominicano.com\/index.php?rest_route=\/wp\/v2\/posts\/71019\/revisions"}],"wp:attachment":[{"href":"https:\/\/diariodominicano.com\/index.php?rest_route=%2Fwp%2Fv2%2Fmedia&parent=71019"}],"wp:term":[{"taxonomy":"category","embeddable":true,"href":"https:\/\/diariodominicano.com\/index.php?rest_route=%2Fwp%2Fv2%2Fcategories&post=71019"},{"taxonomy":"post_tag","embeddable":true,"href":"https:\/\/diariodominicano.com\/index.php?rest_route=%2Fwp%2Fv2%2Ftags&post=71019"}],"curies":[{"name":"wp","href":"https:\/\/api.w.org\/{rel}","templated":true}]}}