{"id":71015,"date":"2008-05-08T18:02:24","date_gmt":"2008-05-08T18:02:24","guid":{"rendered":"http:\/\/diariodominicano.ddns.net\/?p=71015"},"modified":"2008-05-08T18:02:24","modified_gmt":"2008-05-08T18:02:24","slug":"fotografia-de-la-toma-del-reichstag-llega-a-berlin-con-las-correcciones-de-chaldej","status":"publish","type":"post","link":"https:\/\/diariodominicano.com\/?p=71015","title":{"rendered":"Fotograf\u00eda de la toma del Reichstag llega a Berl\u00edn con las \u00abcorrecciones\u00bb de Chaldej"},"content":{"rendered":"<p><body><\/p>\n<p align=\"justify\"><span class=\"titulogrande1\">Fotograf\u00eda de la toma del Reichstag llega a Berl\u00edn con las  \u00abcorrecciones\u00bb de Chaldej <\/span><br \/>&#13;<br \/>\n  <br \/>&#13;<br \/>\n    <span class=\"text1noticias\">El fot\u00f3grafo ruso agreg\u00f3 \u00abdetalles\u00bb a la imagen  como aviones, tanques y humo. <\/span><\/p>\n<p>&#13;<\/p>\n<p align=\"justify\" class=\"text1noticias\"><img loading=\"lazy\" decoding=\"async\" src=\"http:\/\/localhost:8080\/img\/reichtag.jpg\" width=\"375\" height=\"270\" hspace=\"4\" align=\"left\" \/>El museo Martin Gropius Bau de Berl\u00edn abri\u00f3 hoy, aniversario  de la Capitulaci\u00f3n del Tercer Reich, la mayor retrospectiva nunca expuesta de  Yevgueni Chaldej, el Robert Capa sovi\u00e9tico y autor de la fotograf\u00eda de la toma  del Reichstag, desde la mirada del Ej\u00e9rcito Rojo y con sus legendarias  \u00abcorrecciones\u00bb.<br \/>&#13;<br \/>\n  <br \/>&#13;<br \/>\n\u00abEl 8 de Mayo fue el d\u00eda la Victoria sobre el Fascismo.  Mi padre, como todo ruso, quer\u00eda ver izada su bandera en Berl\u00edn. Unos d\u00edas  antes se cosi\u00f3 una \u00e9l mismo, se fue a Berl\u00edn, se subi\u00f3 al Reichstag y se la dio  a unos soldados que estaban ah\u00ed. As\u00ed hizo la foto\u00bb, explic\u00f3 la hija del  fot\u00f3grafo, Anna Chaldej.<br \/>&#13;<br \/>\n<br \/>&#13;<br \/>\nLa inauguraci\u00f3n es para Anna Chaldej un \u00abacontecimiento  familiar\u00bb, ya que su padre ni en vida, ni despu\u00e9s de muerto, en 1997,  recibi\u00f3 nunca un homenaje as\u00ed.<br \/>&#13;<br \/>\n<br \/>&#13;<br \/>\n\u00abSu foto es c\u00e9lebre, est\u00e1 en todos los libros. Pero  cuando yo iba a la escuela ni siquiera dec\u00eda que era de mi padre, era casi  an\u00f3nima\u00bb, cuenta Anna, nacida en 1947, dos a\u00f1os despu\u00e9s del fin de la II  Guerra Mundial, mientras sostiene en sus manos algunas copias.<br \/>&#13;<br \/>\n<br \/>&#13;<br \/>\nLa foto es legendaria, como lo son tambi\u00e9n las  manipulaciones que \u00e9l llamaba \u00abretoques\u00bb o \u00abcorrecciones\u00bb  que Chaldej aplic\u00f3 no s\u00f3lo a la c\u00e9lebre fotograf\u00eda tomada la ma\u00f1ana del 2 de  mayo de 1945, dos d\u00edas despu\u00e9s del suicidio de Adolf Hitler en su b\u00fanker. La  exposici\u00f3n recoge otros ejemplos, como aviones aliados sobrevolando el  Reichstag en ruinas, que \u00e9l llanamente \u00abcoloc\u00f3\u00bb sobre la fotograf\u00eda,  adornada por un tanque que tampoco estaba ah\u00ed.<br \/>&#13;<br \/>\n<br \/>&#13;<br \/>\n  LOS RETOQUES<br \/>&#13;<br \/>\n  <br \/>&#13;<br \/>\n\u00abSe ha dicho que todo fue una escenificaci\u00f3n para la propaganda. Yo  simplemente creo que capt\u00f3 el momento hist\u00f3rico, como un fot\u00f3grafo de estudio  busca el mejor encuadre para un retrato\u00bb, explica Ernst Volland, autor del  cat\u00e1logo de la muestra \u00abDer bedeutende Augenblick\u00bb (\u00abEl instante  significativo\u00bb).<br \/>&#13;<br \/>\n<br \/>&#13;<br \/>\nLa explicaci\u00f3n de Volland suena algo simplista. Adem\u00e1s de  llevar \u00e9l mismo la bandera para que la izaran los soldados, Chaldej  \u00abrasg\u00f3\u00bb luego del negativo dos relojes visibles en la mu\u00f1eca de uno  de ellos porque suger\u00eda una acci\u00f3n de\u00a0saqueo del Ej\u00e9rcito Rojo.<br \/>&#13;<br \/>\n<br \/>&#13;<br \/>\nPosteriormente acentu\u00f3 el dramatismo incorporando nubes de  humo como si el edificio estuviera bajo las bombas. Se ha dicho incluso que  mont\u00f3 encima una bandera con la hoz y el martillo al viento, menos mortecina  que la propia. Y que sus soldados eran \u00abextras\u00bb.<br \/>&#13;<br \/>\n<br \/>&#13;<br \/>\nEl misterio seguir\u00e1 envolviendo su c\u00e9lebre foto, admite  Volland, de la misma manera que siempre hubo expertos que dudaron de la  autenticidad de la muerte del miliciano republicano de Capa.<br \/>&#13;<br \/>\n<br \/>&#13;<br \/>\n  LA AMISTAD CON CAPA<br \/>&#13;<br \/>\n  <br \/>&#13;<br \/>\n  Lo cierto es que los \u00abretoques\u00bb de Chaldej son joyas tan preciadas de  la historia de la fotograf\u00eda como sus originales. Ambos fot\u00f3grafos, Chaldej  nacido en Ucrania, de origen jud\u00edo y Capa nacido en Budapest fueron como almas  gemelas, en bandos distintos, que tal vez captaron, tal vez forzaron momentos  hist\u00f3ricos.<br \/>&#13;<br \/>\n  <br \/>&#13;<br \/>\n\u00abFueron grandes amigos\u00bb, cont\u00f3 Volland. Capa,  cinco a\u00f1os mayor que Chaldej, le regal\u00f3 una de sus c\u00e1maras. Con sus distintas  Leicas, el fot\u00f3grafo del bando sovi\u00e9tico sigui\u00f3 al Ej\u00e9rcito Rojo desde junio de  1944 y durante pr\u00e1cticamente toda la contienda.<br \/>&#13;<br \/>\n<br \/>&#13;<br \/>\nCapt\u00f3 a sus soldados jugando con sus mascotas, a ba\u00f1istas al  sol ante las ruinas de Sebastopol, en 1941, y al ej\u00e9rcito en humillante  retirada ante el acoso hitleriano, antes de acabar izando la hoz y el martillo  sobre el Reichstag.<br \/>&#13;<br \/>\n<br \/>&#13;<br \/>\nTras la Capitulaci\u00f3n asisti\u00f3 a otros grandes eventos  hist\u00f3ricos, como la Conferencia de Potsdam y los procesos de Nuremberg contra  altos responsables del nazismo.<br \/>&#13;<br \/>\n<br \/>&#13;<br \/>\nAl visitante de la muestra le llega a asaltar la duda de  cu\u00e1ntas fotos son reales y cu\u00e1ntas son escenificaciones del fot\u00f3grafo al  servicio de la agencia de noticias sovi\u00e9tica Tass.<br \/>&#13;<br \/>\n<br \/>&#13;<br \/>\n\u00abEran manipulaciones ingenuas comparado con lo que  ahora pueden hacer los reporteros de guerra, teniendo en cuenta las  posibilidades t\u00e9cnicas de ahora y las de entonces\u00bb, reflexiona Volland.<br \/>&#13;<br \/>\n<br \/>&#13;<br \/>\nLa exposici\u00f3n del Martin Gropius, elaborada b\u00e1sicamente con  material de archivo de Volland, estar\u00e1 abierta en Berl\u00edn hasta el 28 de julio.  El mayor deseo de Anna Chaldej ser\u00eda que luego viajara a Kiev, para ser  inaugurada ah\u00ed por ella misma y la hija del miliciano que iz\u00f3 la bandera,  Alexis Kavaliov.<br \/>&#13;<br \/>\n<br \/>&#13;<br \/>\n  EFE<\/p>\n<p>&#13;<\/p>\n<h6> 2008-05-08 18:02:24 <\/h6>\n<p><!--\n<link rel=\"stylesheet\" href=\"css\/bootstrap.min.css\">\n\n\n<ul class=\"pagination\">\n\t    \n\t\n\n<li >\n\t<a href='?page_no=22692'>Previous<\/a>\n\t<\/li>\n\n\n       \n    \n\n<li><a href='?page_no=1'>1<\/a><\/li>\n\n\n\n<li><a href='?page_no=2'>2<\/a><\/li>\n\n\n\n<li><a>...<\/a><\/li>\n\n\n\n<li><a href='?page_no=22691'>22691<\/a><\/li>\n\n\n\n<li><a href='?page_no=22692'>22692<\/a><\/li>\n\n\n\n<li class='active'><a>22693<\/a><\/li>\n\n\n\n<li><a href='?page_no=22694'>22694<\/a><\/li>\n\n\n\n<li><a href='?page_no=22695'>22695<\/a><\/li>\n\n\n\n<li><a>...<\/a><\/li>\n\n\n\n<li><a href='?page_no=22911'>22911<\/a><\/li>\n\n\n\n<li><a href='?page_no=22912'>22912<\/a><\/li>\n\n    \n\t\n\n<li >\n\t<a href='?page_no=22694'>Next<\/a>\n\t<\/li>\n\n\n    \n\n<li><a href='?page_no=22912'>Last &rsaquo;&rsaquo;<\/a><\/li>\n\n<\/ul>\n\n\n--><br \/>\n<\/body><\/p>\n","protected":false},"excerpt":{"rendered":"<p>Fotograf\u00eda de la toma del Reichstag llega a Berl\u00edn con las \u00abcorrecciones\u00bb de Chaldej &#13; &#13; El fot\u00f3grafo ruso agreg\u00f3 \u00abdetalles\u00bb a la imagen como aviones, tanques y humo. &#13; El museo Martin Gropius Bau de Berl\u00edn abri\u00f3 hoy, aniversario de la Capitulaci\u00f3n del Tercer Reich, la mayor retrospectiva nunca expuesta de Yevgueni Chaldej, el [&hellip;]<\/p>\n","protected":false},"author":3,"featured_media":0,"comment_status":"open","ping_status":"open","sticky":false,"template":"","format":"standard","meta":{"footnotes":""},"categories":[21],"tags":[],"class_list":["post-71015","post","type-post","status-publish","format-standard","hentry","category-cultura"],"_links":{"self":[{"href":"https:\/\/diariodominicano.com\/index.php?rest_route=\/wp\/v2\/posts\/71015","targetHints":{"allow":["GET"]}}],"collection":[{"href":"https:\/\/diariodominicano.com\/index.php?rest_route=\/wp\/v2\/posts"}],"about":[{"href":"https:\/\/diariodominicano.com\/index.php?rest_route=\/wp\/v2\/types\/post"}],"author":[{"embeddable":true,"href":"https:\/\/diariodominicano.com\/index.php?rest_route=\/wp\/v2\/users\/3"}],"replies":[{"embeddable":true,"href":"https:\/\/diariodominicano.com\/index.php?rest_route=%2Fwp%2Fv2%2Fcomments&post=71015"}],"version-history":[{"count":0,"href":"https:\/\/diariodominicano.com\/index.php?rest_route=\/wp\/v2\/posts\/71015\/revisions"}],"wp:attachment":[{"href":"https:\/\/diariodominicano.com\/index.php?rest_route=%2Fwp%2Fv2%2Fmedia&parent=71015"}],"wp:term":[{"taxonomy":"category","embeddable":true,"href":"https:\/\/diariodominicano.com\/index.php?rest_route=%2Fwp%2Fv2%2Fcategories&post=71015"},{"taxonomy":"post_tag","embeddable":true,"href":"https:\/\/diariodominicano.com\/index.php?rest_route=%2Fwp%2Fv2%2Ftags&post=71015"}],"curies":[{"name":"wp","href":"https:\/\/api.w.org\/{rel}","templated":true}]}}