{"id":71014,"date":"2008-05-08T18:04:47","date_gmt":"2008-05-08T18:04:47","guid":{"rendered":"http:\/\/diariodominicano.ddns.net\/?p=71014"},"modified":"2008-05-08T18:04:47","modified_gmt":"2008-05-08T18:04:47","slug":"recibe-raul-estrella-fotografo-de-el-universal-premio-rey-de-espana","status":"publish","type":"post","link":"https:\/\/diariodominicano.com\/?p=71014","title":{"rendered":"Recibe Ra\u00fal Estrella, fot\u00f3grafo de EL UNIVERSAL, Premio Rey de Espa\u00f1a"},"content":{"rendered":"<p><body><\/p>\n<p align=\"justify\"><strong class=\"titulogrande1\">Recibe Ra\u00fal Estrella, fot\u00f3grafo de  EL UNIVERSAL, Premio Rey de Espa\u00f1a<\/strong><br \/>&#13;<br \/>\n    <br \/>&#13;<br \/>\n    <span class=\"text1noticias\">Estrella fue galardonado por una fotograf\u00eda publicada  en este diario el d\u00eda 19 de octubre de 2006, en la que se muestra a un presunto  delincuente amarrado a un poste despu\u00e9s de ser capturado en Oaxaca por vecinos  de la ciudad <\/span><\/p>\n<p>&#13;<\/p>\n<p align=\"justify\" class=\"text1noticias\">EFE<br \/>&#13;<br \/>\n    <br \/>&#13;<br \/>\n  El Universal<br \/>&#13;<br \/>\n  <br \/>&#13;<br \/>\n  Madrid<br \/>&#13;<br \/>\n  <br \/>&#13;<br \/>\n  Jueves 08 de mayo de 2008<br \/>&#13;<br \/>\n  <br \/>&#13;<br \/>\n  El fot\u00f3grafo mexicano Ra\u00fal Alejandro Estrella, que recibi\u00f3 hoy el Premio de  Periodismo Rey de Espa\u00f1a en la categor\u00eda de Fotograf\u00eda, considera este reconocimiento  como \u00abun honor para m\u00ed y para M\u00e9xico\u00bb.<br \/>&#13;<br \/>\n  <br \/>&#13;<br \/>\n\u00abCreo que soy el segundo mexicano en haber logrado un premio Rey de  Espa\u00f1a\u00bb y eso representa un honor, pero tambi\u00e9n un claro reconocimiento,  dijo el fot\u00f3grafo del diario EL UNIVERSAL de M\u00e9xico.<br \/>&#13;<br \/>\n  <br \/>&#13;<br \/>\n  Para \u00e9l, \u00absignifica un logro m\u00e1s, un reconocimiento a mi labor de 23 a\u00f1os  en el universal\u00bb, el peri\u00f3dico en el que Estrella (M\u00e9xico DF, 1965)  comenz\u00f3 a trabajar en el a\u00f1o 1984.<br \/>&#13;<br \/>\n  <br \/>&#13;<br \/>\n  Estrella fue galardonado por una fotograf\u00eda publicada en ese diario el d\u00eda 19  de octubre de 2006, en la que se muestra a un presunto delincuente amarrado a  un poste despu\u00e9s de ser capturado en Oaxaca por vecinos de la ciudad.<br \/>&#13;<br \/>\n  <br \/>&#13;<br \/>\n  Su \u00abfuerza dram\u00e1tica\u00bb es lo que ha hecho al jurado decantarse por  esta captura que retrata, -reza el fallo-, \u00abla situaci\u00f3n de violencia que  amenaza a las democracias y muestra los riesgos de que la sociedad trate de  tomarse la justicia por su mano cuando se extiende la impunidad y dejan de  respetarse los derechos fundamentales de la poblaci\u00f3n\u00bb.<br \/>&#13;<br \/>\n  <br \/>&#13;<br \/>\n  Aunque se ha especializado en deportes -ha cubierto tres mundiales y dos  olimpiadas-, Estrella, Premio Nacional de Fotograf\u00eda de M\u00e9xico en 2007, tambi\u00e9n  ha sido reconocido por su trabajo en otros campos de la actualidad informativa.<br \/>&#13;<br \/>\n  <br \/>&#13;<br \/>\n  Este foto-periodista lleg\u00f3 a competir por el prestigioso premio Pulitzer con  una captura sobre el conflicto en el estado mexicano de Oaxaca, publicada en el  diario estadounidense \u00abThe New York Times\u00bb.<br \/>&#13;<br \/>\n  <br \/>&#13;<br \/>\n  Adem\u00e1s de Ra\u00fal Estrella, en esta XXV edici\u00f3n de los Premios Rey de Espa\u00f1a -que  anualmente conceden la Agencia Efe y la Agencia Espa\u00f1ola de Cooperaci\u00f3n  Internacional para el Desarrollo (AECID), tambi\u00e9n fueron galardonados otros  periodistas de Colombia, Brasil, Argentina y Espa\u00f1a.<br \/>&#13;<br \/>\n  <br \/>&#13;<br \/>\n  En la misma ceremonia, su compatriota, el mexicano Germ\u00e1n Dehesa recibi\u00f3 el Premio  Don Quijote que el Gobierno regional de Castilla-La Mancha convoca desde el a\u00f1o  2005, por el art\u00edculo \u00ab\u00a1Ah, que tiempos!\u00bb, publicado en el diario  \u00abReforma\u00bb.<br \/>&#13;<br \/>\n  <br \/>&#13;<br \/>\n  El acto, presidido por los Reyes Juan Carlos y Sof\u00eda, se celebr\u00f3 en el Pabell\u00f3n  de los Jardines de Cecilio Rodr\u00edguez en el Parque del Buen Retiro de Madrid y  cont\u00f3 con la presencia de destacadas autoridades. <br \/>&#13;<br \/>\n  <br \/>&#13;<br \/>\njigh <\/p>\n<p>&#13;<\/p>\n<h6> 2008-05-08 18:04:47 <\/h6>\n<p><!--\n<link rel=\"stylesheet\" href=\"css\/bootstrap.min.css\">\n\n\n<ul class=\"pagination\">\n\t    \n\t\n\n<li >\n\t<a href='?page_no=22691'>Previous<\/a>\n\t<\/li>\n\n\n       \n    \n\n<li><a href='?page_no=1'>1<\/a><\/li>\n\n\n\n<li><a href='?page_no=2'>2<\/a><\/li>\n\n\n\n<li><a>...<\/a><\/li>\n\n\n\n<li><a href='?page_no=22690'>22690<\/a><\/li>\n\n\n\n<li><a href='?page_no=22691'>22691<\/a><\/li>\n\n\n\n<li class='active'><a>22692<\/a><\/li>\n\n\n\n<li><a href='?page_no=22693'>22693<\/a><\/li>\n\n\n\n<li><a href='?page_no=22694'>22694<\/a><\/li>\n\n\n\n<li><a>...<\/a><\/li>\n\n\n\n<li><a href='?page_no=22911'>22911<\/a><\/li>\n\n\n\n<li><a href='?page_no=22912'>22912<\/a><\/li>\n\n    \n\t\n\n<li >\n\t<a href='?page_no=22693'>Next<\/a>\n\t<\/li>\n\n\n    \n\n<li><a href='?page_no=22912'>Last &rsaquo;&rsaquo;<\/a><\/li>\n\n<\/ul>\n\n\n--><br \/>\n<\/body><\/p>\n","protected":false},"excerpt":{"rendered":"<p>Recibe Ra\u00fal Estrella, fot\u00f3grafo de EL UNIVERSAL, Premio Rey de Espa\u00f1a&#13; &#13; Estrella fue galardonado por una fotograf\u00eda publicada en este diario el d\u00eda 19 de octubre de 2006, en la que se muestra a un presunto delincuente amarrado a un poste despu\u00e9s de ser capturado en Oaxaca por vecinos de la ciudad &#13; EFE&#13; [&hellip;]<\/p>\n","protected":false},"author":3,"featured_media":0,"comment_status":"open","ping_status":"open","sticky":false,"template":"","format":"standard","meta":{"footnotes":""},"categories":[21],"tags":[],"class_list":["post-71014","post","type-post","status-publish","format-standard","hentry","category-cultura"],"_links":{"self":[{"href":"https:\/\/diariodominicano.com\/index.php?rest_route=\/wp\/v2\/posts\/71014","targetHints":{"allow":["GET"]}}],"collection":[{"href":"https:\/\/diariodominicano.com\/index.php?rest_route=\/wp\/v2\/posts"}],"about":[{"href":"https:\/\/diariodominicano.com\/index.php?rest_route=\/wp\/v2\/types\/post"}],"author":[{"embeddable":true,"href":"https:\/\/diariodominicano.com\/index.php?rest_route=\/wp\/v2\/users\/3"}],"replies":[{"embeddable":true,"href":"https:\/\/diariodominicano.com\/index.php?rest_route=%2Fwp%2Fv2%2Fcomments&post=71014"}],"version-history":[{"count":0,"href":"https:\/\/diariodominicano.com\/index.php?rest_route=\/wp\/v2\/posts\/71014\/revisions"}],"wp:attachment":[{"href":"https:\/\/diariodominicano.com\/index.php?rest_route=%2Fwp%2Fv2%2Fmedia&parent=71014"}],"wp:term":[{"taxonomy":"category","embeddable":true,"href":"https:\/\/diariodominicano.com\/index.php?rest_route=%2Fwp%2Fv2%2Fcategories&post=71014"},{"taxonomy":"post_tag","embeddable":true,"href":"https:\/\/diariodominicano.com\/index.php?rest_route=%2Fwp%2Fv2%2Ftags&post=71014"}],"curies":[{"name":"wp","href":"https:\/\/api.w.org\/{rel}","templated":true}]}}