{"id":71013,"date":"2008-05-08T18:07:52","date_gmt":"2008-05-08T18:07:52","guid":{"rendered":"http:\/\/diariodominicano.ddns.net\/?p=71013"},"modified":"2008-05-08T18:07:52","modified_gmt":"2008-05-08T18:07:52","slug":"escritor-y-periodista-italiano-luigi-malerba-murio-a-los-81-anos","status":"publish","type":"post","link":"https:\/\/diariodominicano.com\/?p=71013","title":{"rendered":"Escritor y periodista italiano Luigi Malerba muri\u00f3 a los 81 a\u00f1os"},"content":{"rendered":"<p><body><\/p>\n<p align=\"justify\" class=\"text1noticias\"><span class=\"titulogrande1\">Escritor y periodista italiano Luigi Malerba muri\u00f3 a los 81  a\u00f1os <\/span><br \/>&#13;<br \/>\n  <br \/>&#13;<br \/>\n  El integrante del neovanguardista \u00abGrupo 63\u00bb  colabor\u00f3 en pel\u00edculas del director Alberto Lattuada. <br \/>&#13;<br \/>\n  <br \/>&#13;<br \/>\n  El escritor, guionista, y periodista italiano Luigi Malerba,  miembro hist\u00f3rico del \u00abGrupo 63\u00bb, que introdujo la neovanguardia en  el pa\u00eds europeo, falleci\u00f3 hoy a los 81 a\u00f1os en Roma, informaron medios de  comunicaci\u00f3n locales.<br \/>&#13;<br \/>\n  <br \/>&#13;<br \/>\n  Malerba, cuyo verdadero nombre era Luigi Bonardi, naci\u00f3 en  Parma (norte de Italia) en 1927, y\u00a0estaba considerado como uno de los  escritores italianos m\u00e1s importantes de la postguerra.<br \/>&#13;<br \/>\n  <br \/>&#13;<br \/>\n  El surrealismo y la fantas\u00eda de Malerba, que a algunos  cr\u00edticos han llevado a comparar con Jorge Luis Borges, tuvo su m\u00e1xima expresi\u00f3n  en su gran \u00e9xito La scoperta dell&#8217;alfabeto (El descubrimiento del alfabeto) de  1963.<br \/>&#13;<br \/>\n  <br \/>&#13;<br \/>\n  Durante su carrera literaria escribi\u00f3 novelas, cuentos para  ni\u00f1os, poes\u00edas, y tambi\u00e9n destac\u00f3 como guionista de cine y autor televisivo.<br \/>&#13;<br \/>\n  <br \/>&#13;<br \/>\n  Entre sus principales obras se recuerda Il serpente (1966)  (El serpiente); Salto mortale (1968) (Salto Mortal), con el que obtuvo el  Premio de literatura franc\u00e9s M\u00e9dicis y Le pietre parlanti (Las piedras  parlantes), por el que se le otorg\u00f3 el Premio Viareggio en 1994.<br \/>&#13;<br \/>\n  <br \/>&#13;<br \/>\n  Durante los a\u00f1os 50, fue colaborador en pel\u00edculas del  director Alberto Lattuada como Il cappotto, La lupa, Amore in citt\u00e0, La spiaggia  y para Ugo Tognazzi escribi\u00f3 Sissignore.<br \/>&#13;<br \/>\n  <br \/>&#13;<br \/>\n  Malerba escribi\u00f3 tambi\u00e9n libros de turismo y viajes como  Citt\u00e0 e dintorni, en el que recorre los lugares m\u00e1s amados de Roma, su ciudad  de adopci\u00f3n, o de su Parma natal en \u00abla prima patria\u00bb.<br \/>&#13;<br \/>\n  <br \/>&#13;<br \/>\n  EFE<\/p>\n<p>&#13;<\/p>\n<h6> 2008-05-08 18:07:52 <\/h6>\n<p><!--\n<link rel=\"stylesheet\" href=\"css\/bootstrap.min.css\">\n\n\n<ul class=\"pagination\">\n\t    \n\t\n\n<li >\n\t<a href='?page_no=22690'>Previous<\/a>\n\t<\/li>\n\n\n       \n    \n\n<li><a href='?page_no=1'>1<\/a><\/li>\n\n\n\n<li><a href='?page_no=2'>2<\/a><\/li>\n\n\n\n<li><a>...<\/a><\/li>\n\n\n\n<li><a href='?page_no=22689'>22689<\/a><\/li>\n\n\n\n<li><a href='?page_no=22690'>22690<\/a><\/li>\n\n\n\n<li class='active'><a>22691<\/a><\/li>\n\n\n\n<li><a href='?page_no=22692'>22692<\/a><\/li>\n\n\n\n<li><a href='?page_no=22693'>22693<\/a><\/li>\n\n\n\n<li><a>...<\/a><\/li>\n\n\n\n<li><a href='?page_no=22911'>22911<\/a><\/li>\n\n\n\n<li><a href='?page_no=22912'>22912<\/a><\/li>\n\n    \n\t\n\n<li >\n\t<a href='?page_no=22692'>Next<\/a>\n\t<\/li>\n\n\n    \n\n<li><a href='?page_no=22912'>Last &rsaquo;&rsaquo;<\/a><\/li>\n\n<\/ul>\n\n\n--><br \/>\n<\/body><\/p>\n","protected":false},"excerpt":{"rendered":"<p>Escritor y periodista italiano Luigi Malerba muri\u00f3 a los 81 a\u00f1os &#13; &#13; El integrante del neovanguardista \u00abGrupo 63\u00bb colabor\u00f3 en pel\u00edculas del director Alberto Lattuada. &#13; &#13; El escritor, guionista, y periodista italiano Luigi Malerba, miembro hist\u00f3rico del \u00abGrupo 63\u00bb, que introdujo la neovanguardia en el pa\u00eds europeo, falleci\u00f3 hoy a los 81 a\u00f1os [&hellip;]<\/p>\n","protected":false},"author":3,"featured_media":0,"comment_status":"open","ping_status":"open","sticky":false,"template":"","format":"standard","meta":{"footnotes":""},"categories":[21],"tags":[],"class_list":["post-71013","post","type-post","status-publish","format-standard","hentry","category-cultura"],"_links":{"self":[{"href":"https:\/\/diariodominicano.com\/index.php?rest_route=\/wp\/v2\/posts\/71013","targetHints":{"allow":["GET"]}}],"collection":[{"href":"https:\/\/diariodominicano.com\/index.php?rest_route=\/wp\/v2\/posts"}],"about":[{"href":"https:\/\/diariodominicano.com\/index.php?rest_route=\/wp\/v2\/types\/post"}],"author":[{"embeddable":true,"href":"https:\/\/diariodominicano.com\/index.php?rest_route=\/wp\/v2\/users\/3"}],"replies":[{"embeddable":true,"href":"https:\/\/diariodominicano.com\/index.php?rest_route=%2Fwp%2Fv2%2Fcomments&post=71013"}],"version-history":[{"count":0,"href":"https:\/\/diariodominicano.com\/index.php?rest_route=\/wp\/v2\/posts\/71013\/revisions"}],"wp:attachment":[{"href":"https:\/\/diariodominicano.com\/index.php?rest_route=%2Fwp%2Fv2%2Fmedia&parent=71013"}],"wp:term":[{"taxonomy":"category","embeddable":true,"href":"https:\/\/diariodominicano.com\/index.php?rest_route=%2Fwp%2Fv2%2Fcategories&post=71013"},{"taxonomy":"post_tag","embeddable":true,"href":"https:\/\/diariodominicano.com\/index.php?rest_route=%2Fwp%2Fv2%2Ftags&post=71013"}],"curies":[{"name":"wp","href":"https:\/\/api.w.org\/{rel}","templated":true}]}}