{"id":71012,"date":"2008-05-08T21:42:30","date_gmt":"2008-05-08T21:42:30","guid":{"rendered":"http:\/\/diariodominicano.ddns.net\/?p=71012"},"modified":"2008-05-08T21:42:30","modified_gmt":"2008-05-08T21:42:30","slug":"critica-de-arte-de-corea-elogia-grandemente-pintura-enriquillo-amiama","status":"publish","type":"post","link":"https:\/\/diariodominicano.com\/?p=71012","title":{"rendered":"Critica de Arte de Corea elogia grandemente pintura Enriquillo Amiama"},"content":{"rendered":"<p><body><\/p>\n<p align=\"center\"><strong class=\"titulogrande1\">Critica  de Arte de Corea elogia grandemente pintura Enriquillo Amiama<\/strong><br \/>&#13;<br \/>\n  <br \/>&#13;<br \/>\n    <strong>El  artista dominicano en el trayecto del triunfo en la pl\u00e1stica<\/strong> <\/p>\n<p>&#13;<\/p>\n<p align=\"justify\" class=\"text1noticias\"><img loading=\"lazy\" decoding=\"async\" src=\"http:\/\/localhost:8080\/img\/paradoja.jpg\" width=\"375\" height=\"168\" hspace=\"4\" align=\"left\" \/>La obra  del\u00a0reconocido internacionalmente pintor dominicano Enriquillo Rodr\u00edguez  Amiama contin\u00faa en su trayecto de triunfos. Esta vez ha sido con sus  pinturas\u00a0presentadas actualmente en Gallery Bellarte en Seul, Corea del  Sur.<\/p>\n<p>&#13;<\/p>\n<p align=\"justify\" class=\"text1noticias\">Dado el  numeroso p\u00fablico\u00a0 de coleccionistas, pintores y amantes del arte en  general que acudieron a la exposici\u00f3n fue necesario extenderla por tres semanas  m\u00e1s.<\/p>\n<p>&#13;<\/p>\n<p align=\"justify\" class=\"text1noticias\">Posteriormente  obras de Enriquillo se mostrar\u00e1n en octubre en\u00a0KIAF 2008, la m\u00e1s  importante feria internacional de arte en Corea (Korea International Art Fair).  A continuaci\u00f3n el texto de la cr\u00edtica escrita sobre las pinturas de Amiama:<\/p>\n<p>&#13;<\/p>\n<p align=\"justify\" class=\"text1noticias\"><strong>Cr\u00edtica  desde Corea sobre la obra de Enriquillo <\/strong> <br \/>&#13;<br \/>\n  <br \/>&#13;<br \/>\n  <strong>Pasi\u00f3n,  Sensibilidad y la Est\u00e9tica  del Montaje <br \/>&#13;<br \/>\n  <\/strong><br \/>&#13;<br \/>\n  De un pa\u00eds de pasi\u00f3n y\u00a0 b\u00e9isbol, oriundo de Santo Domingo en la Rep\u00fablica Dominicana,  Enriquillo Rodr\u00edguez Amiama est\u00e1 bien versado en los m\u00e9todos de todas las  tradiciones art\u00edsticas, ha ganado inspiraci\u00f3n de destacados maestros de las m\u00e1s  influyentes escuelas de arte, y unifica estos variados elementos de  conocimiento y habilidad en su obra de arte.<\/p>\n<p>&#13;<\/p>\n<p align=\"justify\" class=\"text1noticias\">A trav\u00e9s  de la pasi\u00f3n, la sensibilidad y el intelecto, su est\u00e9tica deja lugar a un  temperamento formativo en\u00e9rgico de emociones que a veces son dif\u00edciles de  mantener bajo control de s\u00ed mismas aunque sin embargo, esta pasi\u00f3n es reprimida  por la composici\u00f3n geom\u00e9trica de su obra, as\u00ed como de repente, surge la realidad  a trav\u00e9s\u00a0 de im\u00e1genes de propiedades de  materia. <br \/>&#13;<br \/>\n  \u00a0 <br \/>&#13;<br \/>\n  Sus capas  y composici\u00f3n inusual pueden parecer complejas al inicio, mas vienen a ser  dibujadas milagrosamente por su est\u00e9tica. <br \/>&#13;<br \/>\n  <br \/>&#13;<br \/>\n Proyectando im\u00e1genes que superan el tiempo, el espacio, y las \u00e9pocas hist\u00f3ricas  de pasadas tendencias art\u00edsticas.<\/p>\n<p>&#13;<\/p>\n<p align=\"justify\" class=\"text1noticias\">Enriquillo  Rodr\u00edguez Amiama aplica de modo coherente los principios de una verdadera  formaci\u00f3n en su trabajo, sin la tendencia de un prop\u00f3sito racional. Por  ejemplo, la forma libre de una flor es cortada\u00a0 en l\u00edneas precisas, formas  rectangulares, produciendo un fuerte contraste y logrando una armoniosa  satisfacci\u00f3n visual junto con una expresi\u00f3n de alegr\u00eda, significando su  entendimiento y agradecimiento por su capacidad para traducir todas las formas  del arte moderno. Inspirando una experiencia visual colectiva de cohesi\u00f3n y  s\u00edntesis de realismo y abstracci\u00f3n, el simbolismo y fauvismo, e incluso el Pop  Art, que tambi\u00e9n puede ser experimentado como surrealismo, su obra puede  realmente ser colocada en la categor\u00eda de pos-modernismo y considerada como de  vanguardia en nuestro era actual. <br \/>&#13;<br \/>\n  \u00a0 <br \/>&#13;<br \/>\n  Una nota  interesante son sus dedicatorias a artistas de todas las escuelas de  pensamiento, expresando su ilimitado amor por el arte, mientras, que otras  veces su amor, por su propia naci\u00f3n es sutilmente transmitido por t\u00edtulos como  \u201cDominicana\u201d. <br \/>&#13;<br \/>\n  <br \/>&#13;<br \/>\n  La  composici\u00f3n de las im\u00e1genes en su trabajo, desprovisto de obst\u00e1culos y sin  requerir una filosof\u00eda dif\u00edcil, alegremente manifiesta y confirma la forma  acumulada del ser interior del artista. <br \/>&#13;<br \/>\n  <br \/>&#13;<br \/>\n Una composici\u00f3n art\u00edstica que muestra la esencia de la Secci\u00f3n de Oro y los  montajes de im\u00e1genes que unen lo acad\u00e9mico, tiempos y lugares son grandiosa y  juguetonamente experimentados juntos. <br \/>&#13;<br \/>\n <br \/>&#13;<br \/>\n Al rendir respeto a Jasper Jones, Henri Matisse, Georgia O&#8217;Keeffe  Domingo Batista, y Kandinsky, \u00e9l crea su propia creatividad est\u00e9tica  independiente que confirma su punto de mira en este siglo. Su trabajo ha sido  expuesto en Canad\u00e1, Estados Unidos, Londres, y Am\u00e9rica Latina, y estamos  ansiosos por recibir m\u00e1s de sus ilimitadas habilidades formativas como uno de  los m\u00e1s prominentes artistas desde 1996.<br \/>&#13;<br \/>\n<br \/>&#13;<br \/>\n  Park Jong  Chul<br \/>&#13;<br \/>\n  <br \/>&#13;<br \/>\n  Corea <\/p>\n<p>&#13;<\/p>\n<h6> 2008-05-08 21:42:30 <\/h6>\n<p><!--\n<link rel=\"stylesheet\" href=\"css\/bootstrap.min.css\">\n\n\n<ul class=\"pagination\">\n\t    \n\t\n\n<li >\n\t<a href='?page_no=22689'>Previous<\/a>\n\t<\/li>\n\n\n       \n    \n\n<li><a href='?page_no=1'>1<\/a><\/li>\n\n\n\n<li><a href='?page_no=2'>2<\/a><\/li>\n\n\n\n<li><a>...<\/a><\/li>\n\n\n\n<li><a href='?page_no=22688'>22688<\/a><\/li>\n\n\n\n<li><a href='?page_no=22689'>22689<\/a><\/li>\n\n\n\n<li class='active'><a>22690<\/a><\/li>\n\n\n\n<li><a href='?page_no=22691'>22691<\/a><\/li>\n\n\n\n<li><a href='?page_no=22692'>22692<\/a><\/li>\n\n\n\n<li><a>...<\/a><\/li>\n\n\n\n<li><a href='?page_no=22911'>22911<\/a><\/li>\n\n\n\n<li><a href='?page_no=22912'>22912<\/a><\/li>\n\n    \n\t\n\n<li >\n\t<a href='?page_no=22691'>Next<\/a>\n\t<\/li>\n\n\n    \n\n<li><a href='?page_no=22912'>Last &rsaquo;&rsaquo;<\/a><\/li>\n\n<\/ul>\n\n\n--><br \/>\n<\/body><\/p>\n","protected":false},"excerpt":{"rendered":"<p>Critica de Arte de Corea elogia grandemente pintura Enriquillo Amiama&#13; &#13; El artista dominicano en el trayecto del triunfo en la pl\u00e1stica &#13; La obra del\u00a0reconocido internacionalmente pintor dominicano Enriquillo Rodr\u00edguez Amiama contin\u00faa en su trayecto de triunfos. Esta vez ha sido con sus pinturas\u00a0presentadas actualmente en Gallery Bellarte en Seul, Corea del Sur. &#13; [&hellip;]<\/p>\n","protected":false},"author":3,"featured_media":0,"comment_status":"open","ping_status":"open","sticky":false,"template":"","format":"standard","meta":{"footnotes":""},"categories":[21],"tags":[],"class_list":["post-71012","post","type-post","status-publish","format-standard","hentry","category-cultura"],"_links":{"self":[{"href":"https:\/\/diariodominicano.com\/index.php?rest_route=\/wp\/v2\/posts\/71012","targetHints":{"allow":["GET"]}}],"collection":[{"href":"https:\/\/diariodominicano.com\/index.php?rest_route=\/wp\/v2\/posts"}],"about":[{"href":"https:\/\/diariodominicano.com\/index.php?rest_route=\/wp\/v2\/types\/post"}],"author":[{"embeddable":true,"href":"https:\/\/diariodominicano.com\/index.php?rest_route=\/wp\/v2\/users\/3"}],"replies":[{"embeddable":true,"href":"https:\/\/diariodominicano.com\/index.php?rest_route=%2Fwp%2Fv2%2Fcomments&post=71012"}],"version-history":[{"count":0,"href":"https:\/\/diariodominicano.com\/index.php?rest_route=\/wp\/v2\/posts\/71012\/revisions"}],"wp:attachment":[{"href":"https:\/\/diariodominicano.com\/index.php?rest_route=%2Fwp%2Fv2%2Fmedia&parent=71012"}],"wp:term":[{"taxonomy":"category","embeddable":true,"href":"https:\/\/diariodominicano.com\/index.php?rest_route=%2Fwp%2Fv2%2Fcategories&post=71012"},{"taxonomy":"post_tag","embeddable":true,"href":"https:\/\/diariodominicano.com\/index.php?rest_route=%2Fwp%2Fv2%2Ftags&post=71012"}],"curies":[{"name":"wp","href":"https:\/\/api.w.org\/{rel}","templated":true}]}}