{"id":71007,"date":"2008-05-09T19:36:49","date_gmt":"2008-05-09T19:36:49","guid":{"rendered":"http:\/\/diariodominicano.ddns.net\/?p=71007"},"modified":"2008-05-09T19:36:49","modified_gmt":"2008-05-09T19:36:49","slug":"alemania-conmemora-75-anos-de-quema-de-libros-por-los-nazis","status":"publish","type":"post","link":"https:\/\/diariodominicano.com\/?p=71007","title":{"rendered":"Alemania conmemora 75 a\u00f1os de quema de libros por los nazis"},"content":{"rendered":"<p><body><\/p>\n<p align=\"justify\"><span class=\"titulogrande1\">Alemania conmemora 75 a\u00f1os de quema de libros por los nazis <\/span><br \/>&#13;<br \/>\n  <br \/>&#13;<br \/>\n    <span class=\"text1noticias\">En 1933, estudiantes, docentes y miembros de las ligas  nacionalsocialistas quemaron decenas de miles de obras de escritores jud\u00edos,  marxistas y pacifistas. <br \/>&#13;<br \/>\n    <br \/>&#13;<br \/>\n    Alemania conmemor\u00f3 hoy el 75 aniversario de la mayor y m\u00e1s  famosa quema de libros a manos del nacionalsocialismo, en un acto en el que el  presidente alem\u00e1n, Horst K\u00f6hler, manifest\u00f3 su \u00abverg\u00fcenza\u00bb por lo  sucedido.<br \/>&#13;<br \/>\n    <br \/>&#13;<br \/>\n\u00abRecordamos hoy con verg\u00fcenza que hace 75 a\u00f1os no s\u00f3lo  aqu\u00ed, en Berl\u00edn, sino en toda Alemania decenas de miles aplaudieron y festejaron  cuando los libros numerosos escritores se echaron al fuego\u00bb, sostuvo.<br \/>&#13;<br \/>\n<br \/>&#13;<br \/>\nDe acuerdo con el presidente alem\u00e1n, la quema de libros fue  un escal\u00f3n previo al Holocausto: \u00abHubo s\u00f3lo un peque\u00f1o paso desde la  segregaci\u00f3n social de los jud\u00edos a la quema de sus libros e igualmente s\u00f3lo un  peque\u00f1o paso de la quema de libros a la quema de gente\u00bb.<br \/>&#13;<br \/>\n<br \/>&#13;<br \/>\nK\u00f6her llam\u00f3 tambi\u00e9n a defender la libertad de la palabra y  del arte en todo el mundo, ante una nutrida concurrencia en la Academia de las  Artes de Berl\u00edn.<br \/>&#13;<br \/>\n<br \/>&#13;<br \/>\nEl presidente habl\u00f3 en el primero de los actos  conmemorativos por los 75 a\u00f1os de la quema de libros en la entonces Opernplatz  de Berl\u00edn (actual Bebelplatz), frente a la Biblioteca de la Universidad  Humboldt.<br \/>&#13;<br \/>\n<br \/>&#13;<br \/>\nEntre marzo y junio de 1933, poco despu\u00e9s del acceso al poder  de Hitler, estudiantes, docentes y miembros de las ligas nazis quemaron decenas  de miles de obras de escritores jud\u00edos, marxistas y pacifistas.<br \/>&#13;<br \/>\n<br \/>&#13;<br \/>\nEn la gran quema del 10 de mayo de 1933 se destruyeron en  Berl\u00edn obras de Erich K\u00e4stner, Sigmund Freud, Carlos Marx, Kurt Tucholsky,  Heinrich Heine, Bertolt Brecht, Franz Kafka, Heinrich Mann, Alfred D\u00f6blin y  Carl von Ossietzky, entre muchos otros escritores.<br \/>&#13;<br \/>\n<br \/>&#13;<br \/>\nS\u00f3lo en esa ocasi\u00f3n se echaron a las llamas cerca de 30.000  libros cuyos autores no eran compatibles con el nazismo.<br \/>&#13;<br \/>\n<br \/>&#13;<br \/>\nEl \u00abacto b\u00e1rbaro\u00bb no fue una medida estatal ni una  acci\u00f3n del partido nazi o de las SA, sino que estuvo en manos de estudiantes y  acad\u00e9micos. \u00abS\u00f3lo en Berl\u00edn festejaron frente a las llamas en la entonces  Opernplatz 70.000 personas\u00bb, record\u00f3 K\u00f6hler.<br \/>&#13;<br \/>\n<br \/>&#13;<br \/>\nComo ense\u00f1anza es importante que los grupos sociales  alemanes \u00abno pierdan de vista que nuestro pa\u00eds debe seguir siendo amante  de la libertad\u00bb.<br \/>&#13;<br \/>\n<br \/>&#13;<br \/>\nPor su parte, el presidente de la Academia de las Artes,  Klaus Staeck, corrobor\u00f3 el \u00abvergonzoso\u00bb papel de esa instituci\u00f3n en  la \u00e9poca nazi, cuando 136 de sus miembros aceptaron que se despidiera a su  presidente de entonces, el pintor Max Liebermann. \u00abFue un fracaso de los  pensadores y los poetas\u00bb, concluy\u00f3.<br \/>&#13;<br \/>\n<br \/>&#13;<br \/>\nEl Centro Moses Mendelssohn de la universidad de Potsdam  publicar\u00e1 en una colecci\u00f3n llamada \u00abBiblioteca de libros quemados\u00bb  las obras de los escritores prohibidos, para volverlos a acercar al gran  p\u00fablico.<br \/>&#13;<br \/>\n<br \/>&#13;<br \/>\nEn los pr\u00f3ximos a\u00f1os aparecer\u00e1n 120 libros, entre ellos  obras de Anna Seghers, John Dos Passos, Jack London y Joachim Ringelnatz. La  biblioteca se distribuir\u00e1 en 4.000 escuelas alemanas. La primera entrega  incluye diez libros. <br \/>&#13;<br \/>\n<br \/>&#13;<br \/>\ndpa<\/span><\/p>\n<p>&#13;<\/p>\n<h6> 2008-05-09 19:36:49 <\/h6>\n<p><!--\n<link rel=\"stylesheet\" href=\"css\/bootstrap.min.css\">\n\n\n<ul class=\"pagination\">\n\t    \n\t\n\n<li >\n\t<a href='?page_no=22684'>Previous<\/a>\n\t<\/li>\n\n\n       \n    \n\n<li><a href='?page_no=1'>1<\/a><\/li>\n\n\n\n<li><a href='?page_no=2'>2<\/a><\/li>\n\n\n\n<li><a>...<\/a><\/li>\n\n\n\n<li><a href='?page_no=22683'>22683<\/a><\/li>\n\n\n\n<li><a href='?page_no=22684'>22684<\/a><\/li>\n\n\n\n<li class='active'><a>22685<\/a><\/li>\n\n\n\n<li><a href='?page_no=22686'>22686<\/a><\/li>\n\n\n\n<li><a href='?page_no=22687'>22687<\/a><\/li>\n\n\n\n<li><a>...<\/a><\/li>\n\n\n\n<li><a href='?page_no=22911'>22911<\/a><\/li>\n\n\n\n<li><a href='?page_no=22912'>22912<\/a><\/li>\n\n    \n\t\n\n<li >\n\t<a href='?page_no=22686'>Next<\/a>\n\t<\/li>\n\n\n    \n\n<li><a href='?page_no=22912'>Last &rsaquo;&rsaquo;<\/a><\/li>\n\n<\/ul>\n\n\n--><br \/>\n<\/body><\/p>\n","protected":false},"excerpt":{"rendered":"<p>Alemania conmemora 75 a\u00f1os de quema de libros por los nazis &#13; &#13; En 1933, estudiantes, docentes y miembros de las ligas nacionalsocialistas quemaron decenas de miles de obras de escritores jud\u00edos, marxistas y pacifistas. &#13; &#13; Alemania conmemor\u00f3 hoy el 75 aniversario de la mayor y m\u00e1s famosa quema de libros a manos del [&hellip;]<\/p>\n","protected":false},"author":3,"featured_media":0,"comment_status":"open","ping_status":"open","sticky":false,"template":"","format":"standard","meta":{"footnotes":""},"categories":[21],"tags":[],"class_list":["post-71007","post","type-post","status-publish","format-standard","hentry","category-cultura"],"_links":{"self":[{"href":"https:\/\/diariodominicano.com\/index.php?rest_route=\/wp\/v2\/posts\/71007","targetHints":{"allow":["GET"]}}],"collection":[{"href":"https:\/\/diariodominicano.com\/index.php?rest_route=\/wp\/v2\/posts"}],"about":[{"href":"https:\/\/diariodominicano.com\/index.php?rest_route=\/wp\/v2\/types\/post"}],"author":[{"embeddable":true,"href":"https:\/\/diariodominicano.com\/index.php?rest_route=\/wp\/v2\/users\/3"}],"replies":[{"embeddable":true,"href":"https:\/\/diariodominicano.com\/index.php?rest_route=%2Fwp%2Fv2%2Fcomments&post=71007"}],"version-history":[{"count":0,"href":"https:\/\/diariodominicano.com\/index.php?rest_route=\/wp\/v2\/posts\/71007\/revisions"}],"wp:attachment":[{"href":"https:\/\/diariodominicano.com\/index.php?rest_route=%2Fwp%2Fv2%2Fmedia&parent=71007"}],"wp:term":[{"taxonomy":"category","embeddable":true,"href":"https:\/\/diariodominicano.com\/index.php?rest_route=%2Fwp%2Fv2%2Fcategories&post=71007"},{"taxonomy":"post_tag","embeddable":true,"href":"https:\/\/diariodominicano.com\/index.php?rest_route=%2Fwp%2Fv2%2Ftags&post=71007"}],"curies":[{"name":"wp","href":"https:\/\/api.w.org\/{rel}","templated":true}]}}