{"id":71005,"date":"2008-05-11T03:23:05","date_gmt":"2008-05-11T03:23:05","guid":{"rendered":"http:\/\/diariodominicano.ddns.net\/?p=71005"},"modified":"2008-05-11T03:23:05","modified_gmt":"2008-05-11T03:23:05","slug":"muere-cantante-lirica-considerada-heredera-de-callas","status":"publish","type":"post","link":"https:\/\/diariodominicano.com\/?p=71005","title":{"rendered":"Muere cantante l\u00edrica considerada heredera de Callas"},"content":{"rendered":"<p><body><\/p>\n<p align=\"justify\"><span class=\"titulogrande1\">Muere cantante l\u00edrica considerada heredera de Callas <\/span><br \/>&#13;<br \/>\n  <br \/>&#13;<br \/>\n    <span class=\"text1noticias\">\u00abLa Opera misma cierra con ella a\u00f1os de  esplendor\u00bb, dijo el teatro italiano\u00a0Alla Scalla en un comunicado. <br \/>&#13;<br \/>\n    <br \/>&#13;<br \/>\n    La cantante l\u00edrica de origen turco Leyla Gencer muri\u00f3 ayer  por la noche, a los 80 a\u00f1os, en su casa de\u00a0 Mil\u00e1n, anunci\u00f3 hoy el Teatro  Alla Scala con un comunicado.<br \/>&#13;<br \/>\n    <br \/>&#13;<br \/>\n\u00abUna de las voces m\u00e1s emocionantes de todos los  tiempos, se consigna a la memoria. No s\u00f3lo la Scala, su\u00a0 teatro y su  segunda casa, pero la Opera misma cierra con ella a\u00f1os de esplendor  irrepetibles\u00bb, afirm\u00f3 la nota del teatro.<br \/>&#13;<br \/>\n  \u00a0<br \/>&#13;<br \/>\n  Las exequias de Gencer tendr\u00e1n lugar el lunes en la iglesia de San Babilia.<br \/>&#13;<br \/>\n  <br \/>&#13;<br \/>\n  Los cr\u00edticos coincidieron hoy en definirla una de las voces  m\u00e1s bellas y profundas que haya tenido el mundo de la l\u00edrica.\u00a0<br \/>&#13;<br \/>\n  <br \/>&#13;<br \/>\n  Gencer naci\u00f3 en Estambul el 10 de octubre de 1928. En su larga carrera actu\u00f3 en  los escenarios m\u00e1s importantes\u00a0 del mundo, de la Royal Open House de  Londres\u00a0 al teatro Bolchoi\u00a0die Mosc\u00fa.<br \/>&#13;<br \/>\n  <br \/>&#13;<br \/>\n  Gencer recorri\u00f3 el mundo haciendo conocer su voz y sus\u00a0espl\u00e9ndidas dotes de interpretaci\u00f3n que llevaron a muchos a\u00a0 definirla  heredera de la griega Mar\u00eda Callas.<br \/>&#13;<br \/>\n  <br \/>&#13;<br \/>\nAnsa<\/span><\/p>\n<p>&#13;<\/p>\n<h6> 2008-05-11 03:23:05 <\/h6>\n<p><!--\n<link rel=\"stylesheet\" href=\"css\/bootstrap.min.css\">\n\n\n<ul class=\"pagination\">\n\t    \n\t\n\n<li >\n\t<a href='?page_no=22682'>Previous<\/a>\n\t<\/li>\n\n\n       \n    \n\n<li><a href='?page_no=1'>1<\/a><\/li>\n\n\n\n<li><a href='?page_no=2'>2<\/a><\/li>\n\n\n\n<li><a>...<\/a><\/li>\n\n\n\n<li><a href='?page_no=22681'>22681<\/a><\/li>\n\n\n\n<li><a href='?page_no=22682'>22682<\/a><\/li>\n\n\n\n<li class='active'><a>22683<\/a><\/li>\n\n\n\n<li><a href='?page_no=22684'>22684<\/a><\/li>\n\n\n\n<li><a href='?page_no=22685'>22685<\/a><\/li>\n\n\n\n<li><a>...<\/a><\/li>\n\n\n\n<li><a href='?page_no=22911'>22911<\/a><\/li>\n\n\n\n<li><a href='?page_no=22912'>22912<\/a><\/li>\n\n    \n\t\n\n<li >\n\t<a href='?page_no=22684'>Next<\/a>\n\t<\/li>\n\n\n    \n\n<li><a href='?page_no=22912'>Last &rsaquo;&rsaquo;<\/a><\/li>\n\n<\/ul>\n\n\n--><br \/>\n<\/body><\/p>\n","protected":false},"excerpt":{"rendered":"<p>Muere cantante l\u00edrica considerada heredera de Callas &#13; &#13; \u00abLa Opera misma cierra con ella a\u00f1os de esplendor\u00bb, dijo el teatro italiano\u00a0Alla Scalla en un comunicado. &#13; &#13; La cantante l\u00edrica de origen turco Leyla Gencer muri\u00f3 ayer por la noche, a los 80 a\u00f1os, en su casa de\u00a0 Mil\u00e1n, anunci\u00f3 hoy el Teatro Alla [&hellip;]<\/p>\n","protected":false},"author":3,"featured_media":0,"comment_status":"open","ping_status":"open","sticky":false,"template":"","format":"standard","meta":{"footnotes":""},"categories":[21],"tags":[],"class_list":["post-71005","post","type-post","status-publish","format-standard","hentry","category-cultura"],"_links":{"self":[{"href":"https:\/\/diariodominicano.com\/index.php?rest_route=\/wp\/v2\/posts\/71005","targetHints":{"allow":["GET"]}}],"collection":[{"href":"https:\/\/diariodominicano.com\/index.php?rest_route=\/wp\/v2\/posts"}],"about":[{"href":"https:\/\/diariodominicano.com\/index.php?rest_route=\/wp\/v2\/types\/post"}],"author":[{"embeddable":true,"href":"https:\/\/diariodominicano.com\/index.php?rest_route=\/wp\/v2\/users\/3"}],"replies":[{"embeddable":true,"href":"https:\/\/diariodominicano.com\/index.php?rest_route=%2Fwp%2Fv2%2Fcomments&post=71005"}],"version-history":[{"count":0,"href":"https:\/\/diariodominicano.com\/index.php?rest_route=\/wp\/v2\/posts\/71005\/revisions"}],"wp:attachment":[{"href":"https:\/\/diariodominicano.com\/index.php?rest_route=%2Fwp%2Fv2%2Fmedia&parent=71005"}],"wp:term":[{"taxonomy":"category","embeddable":true,"href":"https:\/\/diariodominicano.com\/index.php?rest_route=%2Fwp%2Fv2%2Fcategories&post=71005"},{"taxonomy":"post_tag","embeddable":true,"href":"https:\/\/diariodominicano.com\/index.php?rest_route=%2Fwp%2Fv2%2Ftags&post=71005"}],"curies":[{"name":"wp","href":"https:\/\/api.w.org\/{rel}","templated":true}]}}