{"id":71003,"date":"2008-05-11T22:50:24","date_gmt":"2008-05-11T22:50:24","guid":{"rendered":"http:\/\/diariodominicano.ddns.net\/?p=71003"},"modified":"2008-05-11T22:50:24","modified_gmt":"2008-05-11T22:50:24","slug":"coleccionista-transforma-ex-bunker-en-museo-privado-en-berlin","status":"publish","type":"post","link":"https:\/\/diariodominicano.com\/?p=71003","title":{"rendered":"Coleccionista transforma ex b\u00fanker en museo privado en Berl\u00edn"},"content":{"rendered":"<p><body><\/p>\n<p align=\"justify\"><span class=\"titulogrande1\">Coleccionista transforma ex b\u00fanker en museo privado en  Berl\u00edn<\/span><br \/> &#13;<br \/>\n  <br \/>&#13;<br \/>\n  <span class=\"text1noticias\">El b\u00fanker de la Reinhardstrasse (ex Berl\u00edn Este) abrir\u00e1 al  p\u00fablico cada s\u00e1bado a partir de junio y es el resultado de 5 a\u00f1os de trabajos. <\/span><\/p>\n<p>&#13;<\/p>\n<p align=\"justify\" class=\"text1noticias\"><img loading=\"lazy\" decoding=\"async\" src=\"http:\/\/localhost:8080\/img\/bunker.jpg\" width=\"375\" height=\"270\" hspace=\"4\" align=\"left\" \/>El coleccionista Christian Boros, de 43 a\u00f1os, transform\u00f3 un  b\u00fanker de la Segunda Guerra Mundial en museo privado, una metamorfosis  t\u00edpicamente berlinesa que reafirma el apego de la capital alemana al arte  contempor\u00e1neo.<br \/>&#13;<br \/>\n  <br \/>&#13;<br \/>\n  El s\u00edmbolo es poderoso: extraer lo bello de lo feo, como  Berl\u00edn sabe hacerlo, una capital que hoy en d\u00eda hace latir el coraz\u00f3n de los  artistas tras haber sido el pulm\u00f3n de dos dictaduras siniestras.<br \/>&#13;<br \/>\n  <br \/>&#13;<br \/>\n  El b\u00fanker de la Reinhardstrasse (ex Berl\u00edn Este) ser\u00e1 el  centro de este proyecto que cost\u00f3 cinco a\u00f1os de trabajos; mucho dinero  \u00abmucho m\u00e1s elevado de lo esperado\u00bb, seg\u00fan trascendi\u00f3 y litros de  sudor.<br \/>&#13;<br \/>\n  <br \/>&#13;<br \/>\n  El museo, que abrir\u00e1 al p\u00fablico cada s\u00e1bado a partir de  junio, tiene en su parte superior la casa de Boros, un palacio de cristal con  piscina incluida.<br \/>&#13;<br \/>\n  <br \/>&#13;<br \/>\n  Desde 1990, Boros, un hombre oriundo de Polonia que hizo  fortuna en Alemania con una agencia de publicidad, reuni\u00f3 junto a su esposa,  Karen, unas 500 obras que compr\u00f3 porque le causaban \u00abirritaci\u00f3n\u00bb  puesto que, seg\u00fan defiende, \u00abel arte que gusta s\u00f3lo confirma lo que uno ya  sabe\u00bb.<br \/>&#13;<br \/>\n  <br \/>&#13;<br \/>\n  Un total de 57 nombres de artistas contempor\u00e1neos como Damian  Hisrt, Olafur Eliasson, Wolfgang Tillmans, Anselm Reyle, Tobias Rehberger o  Cosima von Bonin, se encuentran detr\u00e1s de las 80 piezas que se exhibir\u00e1n en el  b\u00fanker de 3.000 metros cuadrados.<br \/>&#13;<br \/>\n  <br \/>&#13;<br \/>\n  Boros les pidi\u00f3 que expusieran sus obras o incluso que las  cambiaran o completaran para adaptarlas a este espacio complejo que en algunos  rincones se eleva hasta una altura de 13 metros.<br \/>&#13;<br \/>\n  <br \/>&#13;<br \/>\n  Para dar nacimiento al museo, el coleccionista se centr\u00f3  sobre todo en las esculturas y ha jugado con el sistema de luces, tan necesarias  en este laberinto privado de los rayos de sol. La idea es dar vida al museo  variando las obras expuestas con el fin de que el conjunto de la colecci\u00f3n,  demasiado vasta para el b\u00fanker, pueda ser revelada al p\u00fablico. Pero el museo  tambi\u00e9n vive del pasado del edificio, que \u00abre\u00fane por s\u00ed solo toda la  historia de Alemania del siglo XX\u00bb, seg\u00fan Boros.<br \/>&#13;<br \/>\n  <br \/>&#13;<br \/>\n  LA HISTORIA DEL LUGAR<br \/>&#13;<br \/>\n  <br \/>&#13;<br \/>\n  Construido en 1942 a partir de los planos de Albert Speer, arquitecto de Adolf  Hitler, el &#8216;Reichsbunker&#8217; albergaba durante los bombardeos a\u00e9reos hasta a 2.000  civiles.<br \/>&#13;<br \/>\n  <br \/>&#13;<br \/>\n  Tras la capitulaci\u00f3n alemana en mayo de 1945, el Ej\u00e9rcito  Rojo sovi\u00e9tico que ocup\u00f3 el este de Berl\u00edn utiliz\u00f3 el b\u00fanker como prisi\u00f3n. Bajo  la RDA, sirvi\u00f3 como almac\u00e9n de una empresa de frutas y verduras.<br \/>&#13;<br \/>\n  <br \/>&#13;<br \/>\n  En la Alemania reunificada, el mundo tecno de Berl\u00edn  descubri\u00f3 la ganga: un compendio de espacios vac\u00edos donde divertirse las noches  con fiestas sadomasoquistas que acabaron por darle una reputaci\u00f3n infame al  edificio, antes de ser finalmente abandonado.<br \/>&#13;<br \/>\n  <br \/>&#13;<br \/>\n  A tenor de lo que es el Berl\u00edn de hoy, parece l\u00f3gico que el  destino haya escogido este espacio como nuevo foco del arte moderno de la  capital, elegida por artistas internacionales y coleccionistas como el  multimillonario Christian Flick o el fot\u00f3grafo Helmut Newton.<br \/>&#13;<br \/>\n  <br \/>&#13;<br \/>\n  Y Boros se inscribe en una l\u00ednea de creadores de museos  privados en Berl\u00edn, despu\u00e9s de la colecci\u00f3n Hoffmann en una antigua f\u00e1brica de  m\u00e1quinas de coser o el moderno &#8216;Kunsthaus am Kupfergraben&#8217; de la pareja  Bastian. <br \/>&#13;<br \/>\n  <br \/>&#13;<br \/>\n  AFP<\/p>\n<p>&#13;<\/p>\n<h6> 2008-05-11 22:50:24 <\/h6>\n<p><!--\n<link rel=\"stylesheet\" href=\"css\/bootstrap.min.css\">\n\n\n<ul class=\"pagination\">\n\t    \n\t\n\n<li >\n\t<a href='?page_no=22680'>Previous<\/a>\n\t<\/li>\n\n\n       \n    \n\n<li><a href='?page_no=1'>1<\/a><\/li>\n\n\n\n<li><a href='?page_no=2'>2<\/a><\/li>\n\n\n\n<li><a>...<\/a><\/li>\n\n\n\n<li><a href='?page_no=22679'>22679<\/a><\/li>\n\n\n\n<li><a href='?page_no=22680'>22680<\/a><\/li>\n\n\n\n<li class='active'><a>22681<\/a><\/li>\n\n\n\n<li><a href='?page_no=22682'>22682<\/a><\/li>\n\n\n\n<li><a href='?page_no=22683'>22683<\/a><\/li>\n\n\n\n<li><a>...<\/a><\/li>\n\n\n\n<li><a href='?page_no=22911'>22911<\/a><\/li>\n\n\n\n<li><a href='?page_no=22912'>22912<\/a><\/li>\n\n    \n\t\n\n<li >\n\t<a href='?page_no=22682'>Next<\/a>\n\t<\/li>\n\n\n    \n\n<li><a href='?page_no=22912'>Last &rsaquo;&rsaquo;<\/a><\/li>\n\n<\/ul>\n\n\n--><br \/>\n<\/body><\/p>\n","protected":false},"excerpt":{"rendered":"<p>Coleccionista transforma ex b\u00fanker en museo privado en Berl\u00edn &#13; &#13; El b\u00fanker de la Reinhardstrasse (ex Berl\u00edn Este) abrir\u00e1 al p\u00fablico cada s\u00e1bado a partir de junio y es el resultado de 5 a\u00f1os de trabajos. &#13; El coleccionista Christian Boros, de 43 a\u00f1os, transform\u00f3 un b\u00fanker de la Segunda Guerra Mundial en museo [&hellip;]<\/p>\n","protected":false},"author":3,"featured_media":0,"comment_status":"open","ping_status":"open","sticky":false,"template":"","format":"standard","meta":{"footnotes":""},"categories":[21],"tags":[],"class_list":["post-71003","post","type-post","status-publish","format-standard","hentry","category-cultura"],"_links":{"self":[{"href":"https:\/\/diariodominicano.com\/index.php?rest_route=\/wp\/v2\/posts\/71003","targetHints":{"allow":["GET"]}}],"collection":[{"href":"https:\/\/diariodominicano.com\/index.php?rest_route=\/wp\/v2\/posts"}],"about":[{"href":"https:\/\/diariodominicano.com\/index.php?rest_route=\/wp\/v2\/types\/post"}],"author":[{"embeddable":true,"href":"https:\/\/diariodominicano.com\/index.php?rest_route=\/wp\/v2\/users\/3"}],"replies":[{"embeddable":true,"href":"https:\/\/diariodominicano.com\/index.php?rest_route=%2Fwp%2Fv2%2Fcomments&post=71003"}],"version-history":[{"count":0,"href":"https:\/\/diariodominicano.com\/index.php?rest_route=\/wp\/v2\/posts\/71003\/revisions"}],"wp:attachment":[{"href":"https:\/\/diariodominicano.com\/index.php?rest_route=%2Fwp%2Fv2%2Fmedia&parent=71003"}],"wp:term":[{"taxonomy":"category","embeddable":true,"href":"https:\/\/diariodominicano.com\/index.php?rest_route=%2Fwp%2Fv2%2Fcategories&post=71003"},{"taxonomy":"post_tag","embeddable":true,"href":"https:\/\/diariodominicano.com\/index.php?rest_route=%2Fwp%2Fv2%2Ftags&post=71003"}],"curies":[{"name":"wp","href":"https:\/\/api.w.org\/{rel}","templated":true}]}}