{"id":71001,"date":"2008-05-12T19:31:25","date_gmt":"2008-05-12T19:31:25","guid":{"rendered":"http:\/\/diariodominicano.ddns.net\/?p=71001"},"modified":"2008-05-12T19:31:25","modified_gmt":"2008-05-12T19:31:25","slug":"luis-sepulveda-defiende-existencia-de-la-literatura-comprometida","status":"publish","type":"post","link":"https:\/\/diariodominicano.com\/?p=71001","title":{"rendered":"Luis Sep\u00falveda defiende existencia de la literatura comprometida"},"content":{"rendered":"<p><body><\/p>\n<p align=\"justify\"><span class=\"titulogrande1\">Luis Sep\u00falveda defiende existencia de la literatura  comprometida <\/span><br \/>&#13;<br \/>\n  <br \/>&#13;<br \/>\n    <span class=\"text1noticias\">El escritor chileno realiz\u00f3 tales declaraciones durante una  mesa redonda en el Sal\u00f3n del Libro Iberoamericano, del cual \u00e9l es director.<\/span><\/p>\n<p>&#13;<\/p>\n<p align=\"justify\" class=\"text1noticias\"><img loading=\"lazy\" decoding=\"async\" src=\"http:\/\/localhost:8080\/img\/luis sepulveda.jpg\" width=\"375\" height=\"272\" hspace=\"4\" align=\"left\" \/>Luis Sep\u00falveda, director del Sal\u00f3n del Libro Iberoamericano  que se clausura hoy en la espa\u00f1ola ciudad de Gij\u00f3n, defendi\u00f3 que la literatura  honesta no teme \u00abhundir sus manos en el barro\u00bb de la historia, de la  econom\u00eda o del medio ambiente.<br \/>&#13;<br \/>\n  <br \/>&#13;<br \/>\n  El escritor chileno hizo esta afirmaci\u00f3n en una mesa redonda  sobre \u00abLa huella ecol\u00f3gica\u00bb de la literatura, celebrada en el marco  del Sal\u00f3n del Libro Iberoamericano de Gij\u00f3n, que dedica esta edici\u00f3n a la  defensa del medio ambiente.<br \/>&#13;<br \/>\n  <br \/>&#13;<br \/>\n  Sep\u00falveda defendi\u00f3 la idea de una escritura militante y  comprometida con los problemas del momento, entre ellos la degradaci\u00f3n del  medio ambiente.<br \/>&#13;<br \/>\n  <br \/>&#13;<br \/>\n  Para el escritor \u00abel deterioro ecol\u00f3gico no es un  designio ni un castigo divino y sus causas son culturales y, por tanto,  pol\u00edticas, fruto de la cultura del lucro, de la deshumanizaci\u00f3n progresiva de  ese cinco por ciento de la humanidad que usufruct\u00faa el noventa y cinco por  ciento de la riqueza planetaria\u00bb.<br \/>&#13;<br \/>\n  <br \/>&#13;<br \/>\n  Por su parte, el guatemalteco Eduardo Half\u00f3n, quien tambi\u00e9n  particip\u00f3 en la mesa redonda, rechaz\u00f3 que \u00abel medioambiente suponga un  desaf\u00edo\u00bb a la hora de escribir.<br \/>&#13;<br \/>\n  <br \/>&#13;<br \/>\n  Mientras, que el ecuatoriano Javier V\u00e1sconez destac\u00f3 la  seducci\u00f3n que para los escritores tienen las palabras y defini\u00f3 su trabajo como  de \u00abjardiner\u00eda gram\u00e1tica\u00bb, y la ecolog\u00eda como la necesidad de  \u00abtomar conciencia sobre el potencial de destrucci\u00f3n que tiene el  hombre\u00bb.<br \/>&#13;<br \/>\n  <br \/>&#13;<br \/>\n  V\u00e1sconez consider\u00f3 que \u00abla literatura ayuda a entender  la naturaleza porque propone una mira diferente sobre ella\u00bb.<br \/>&#13;<br \/>\n  <br \/>&#13;<br \/>\n  Entre las presentaciones de libros que tuvieron lugar hoy en  el Sal\u00f3n ha destacado la de Antolog\u00eda Po\u00e9tica del Imperio Inca, del peruano Leo  Zelada.<br \/>&#13;<br \/>\n  <br \/>&#13;<br \/>\n  El peque\u00f1o volumen presenta traducidos al castellano poemas  quechuas, que son parte del trabajo de recopilaci\u00f3n que hizo a lo largo de su  vida el padre de Zelada, Braulio Grajeda Challco, que presidi\u00f3 el Instituto  Superior de Quechua de Per\u00fa.<br \/>&#13;<br \/>\n  <br \/>&#13;<br \/>\n  Poemas de amor, en general, ligados a la vida rural y a una  sociedad que vive en comuni\u00f3n con la tierra y que eran recitados en quechua,  hablado desde hace siglos en toda la regi\u00f3n andina, y que como fue una lengua  que no tuvo expresi\u00f3n escrita, qued\u00f3 relegada de las culturas oficiales.<br \/>&#13;<br \/>\n  <br \/>&#13;<br \/>\n  Por su parte, Vasc\u00f3nez present\u00f3 su novela Jard\u00edn Capelo,  editado por la Fundaci\u00f3n Orogenia de Quito, que tiene como escenario un jard\u00edn  de buganvillas, bromelias y helechos, en que nace un amor tan verdadero como  inalcanzable. <br \/>&#13;<br \/>\n  <br \/>&#13;<br \/>\n  EFE<\/p>\n<p>&#13;<\/p>\n<h6> 2008-05-12 19:31:25 <\/h6>\n<p><!--\n<link rel=\"stylesheet\" href=\"css\/bootstrap.min.css\">\n\n\n<ul class=\"pagination\">\n\t    \n\t\n\n<li >\n\t<a href='?page_no=22678'>Previous<\/a>\n\t<\/li>\n\n\n       \n    \n\n<li><a href='?page_no=1'>1<\/a><\/li>\n\n\n\n<li><a href='?page_no=2'>2<\/a><\/li>\n\n\n\n<li><a>...<\/a><\/li>\n\n\n\n<li><a href='?page_no=22677'>22677<\/a><\/li>\n\n\n\n<li><a href='?page_no=22678'>22678<\/a><\/li>\n\n\n\n<li class='active'><a>22679<\/a><\/li>\n\n\n\n<li><a href='?page_no=22680'>22680<\/a><\/li>\n\n\n\n<li><a href='?page_no=22681'>22681<\/a><\/li>\n\n\n\n<li><a>...<\/a><\/li>\n\n\n\n<li><a href='?page_no=22911'>22911<\/a><\/li>\n\n\n\n<li><a href='?page_no=22912'>22912<\/a><\/li>\n\n    \n\t\n\n<li >\n\t<a href='?page_no=22680'>Next<\/a>\n\t<\/li>\n\n\n    \n\n<li><a href='?page_no=22912'>Last &rsaquo;&rsaquo;<\/a><\/li>\n\n<\/ul>\n\n\n--><br \/>\n<\/body><\/p>\n","protected":false},"excerpt":{"rendered":"<p>Luis Sep\u00falveda defiende existencia de la literatura comprometida &#13; &#13; El escritor chileno realiz\u00f3 tales declaraciones durante una mesa redonda en el Sal\u00f3n del Libro Iberoamericano, del cual \u00e9l es director. &#13; Luis Sep\u00falveda, director del Sal\u00f3n del Libro Iberoamericano que se clausura hoy en la espa\u00f1ola ciudad de Gij\u00f3n, defendi\u00f3 que la literatura honesta [&hellip;]<\/p>\n","protected":false},"author":3,"featured_media":0,"comment_status":"open","ping_status":"open","sticky":false,"template":"","format":"standard","meta":{"footnotes":""},"categories":[21],"tags":[],"class_list":["post-71001","post","type-post","status-publish","format-standard","hentry","category-cultura"],"_links":{"self":[{"href":"https:\/\/diariodominicano.com\/index.php?rest_route=\/wp\/v2\/posts\/71001","targetHints":{"allow":["GET"]}}],"collection":[{"href":"https:\/\/diariodominicano.com\/index.php?rest_route=\/wp\/v2\/posts"}],"about":[{"href":"https:\/\/diariodominicano.com\/index.php?rest_route=\/wp\/v2\/types\/post"}],"author":[{"embeddable":true,"href":"https:\/\/diariodominicano.com\/index.php?rest_route=\/wp\/v2\/users\/3"}],"replies":[{"embeddable":true,"href":"https:\/\/diariodominicano.com\/index.php?rest_route=%2Fwp%2Fv2%2Fcomments&post=71001"}],"version-history":[{"count":0,"href":"https:\/\/diariodominicano.com\/index.php?rest_route=\/wp\/v2\/posts\/71001\/revisions"}],"wp:attachment":[{"href":"https:\/\/diariodominicano.com\/index.php?rest_route=%2Fwp%2Fv2%2Fmedia&parent=71001"}],"wp:term":[{"taxonomy":"category","embeddable":true,"href":"https:\/\/diariodominicano.com\/index.php?rest_route=%2Fwp%2Fv2%2Fcategories&post=71001"},{"taxonomy":"post_tag","embeddable":true,"href":"https:\/\/diariodominicano.com\/index.php?rest_route=%2Fwp%2Fv2%2Ftags&post=71001"}],"curies":[{"name":"wp","href":"https:\/\/api.w.org\/{rel}","templated":true}]}}