{"id":71000,"date":"2008-05-12T19:35:24","date_gmt":"2008-05-12T19:35:24","guid":{"rendered":"http:\/\/diariodominicano.ddns.net\/?p=71000"},"modified":"2008-05-12T19:35:24","modified_gmt":"2008-05-12T19:35:24","slug":"publican-libro-con-anecdotas-del-nobel-espanol-camilo-jose-cela","status":"publish","type":"post","link":"https:\/\/diariodominicano.com\/?p=71000","title":{"rendered":"Publican libro con an\u00e9cdotas del Nobel espa\u00f1ol Camilo Jos\u00e9 Cela"},"content":{"rendered":"<p><body><\/p>\n<p align=\"justify\"><span class=\"titulogrande1\">Publican libro con an\u00e9cdotas del Nobel espa\u00f1ol Camilo Jos\u00e9  Cela <\/span><br \/>&#13;<br \/>\n  <br \/>&#13;<br \/>\n    <span class=\"text1noticias\">El volumen fue\u00a0escrito por el secretario del autor,  Gaspar S\u00e1nchez Salas, durante sus \u00faltimo a\u00f1os de vida. <\/span><\/p>\n<p>&#13;<\/p>\n<p align=\"justify\" class=\"text1noticias\"><img loading=\"lazy\" decoding=\"async\" src=\"http:\/\/localhost:8080\/img\/jose cela.jpg\" width=\"375\" height=\"270\" hspace=\"4\" align=\"left\" \/>Camilo Jos\u00e9 Cela dec\u00eda que era \u00abun sentimental al que  le hab\u00edan educado en lo contrario\u00bb y as\u00ed se desprende del libro que ha  publicado el que fuera su secretario en los \u00faltimos seis a\u00f1os, Gaspar S\u00e1nchez  Salas, que re\u00fane las an\u00e9cdotas diarias del Nobel, descubriendo su dimensi\u00f3n m\u00e1s  humana.<br \/>&#13;<br \/>\n  <br \/>&#13;<br \/>\n  El Co\u00f1o de Don Camilo es el llamativo t\u00edtulo de este volumen  que, publicado por Espejo de Tinta, present\u00f3 hoy el autor, acompa\u00f1ado por el  hijo de Cela, Camilo Jos\u00e9 Cela Conde.<br \/>&#13;<br \/>\n  <br \/>&#13;<br \/>\n  El hijo del fallecido Nobel de Literatura se\u00f1al\u00f3 que este  libro es \u00abmuy oportuno, porque mi padre era un personaje al que se le  atribu\u00eda toda clase de an\u00e9cdotas o haza\u00f1as, y aqu\u00ed se recogen las an\u00e9cdotas de  verdad, por parte de alguien que le acompa\u00f1\u00f3 y cuid\u00f3 en los \u00faltimos a\u00f1os de su  vida\u00bb.<br \/>&#13;<br \/>\n  <br \/>&#13;<br \/>\n\u00abEl libro est\u00e1 hecho por el \u00e1ngel de la guarda de su  recuerdo\u00bb, precis\u00f3 Cela Conde.<br \/>&#13;<br \/>\n<br \/>&#13;<br \/>\nAn\u00e9cdotas que dan prueba de un Camilo Jos\u00e9 Cela m\u00e1s cercano,  menos encerrado en la torre de marfil y m\u00e1s en el mundo, como cuando se iba  junto con su secretario a El Pardo (afueras de Madrid) a tomar cervezas con un  pincho de tortilla, momento en el que ten\u00edan tiempo para la intimidad y el  sarcasmo.<br \/>&#13;<br \/>\n<br \/>&#13;<br \/>\n\u00abSiempre desde el gran respeto que me impon\u00eda\u00bb,  record\u00f3 hoy Gaspar S\u00e1nchez.<br \/>&#13;<br \/>\n<br \/>&#13;<br \/>\nS\u00e1nchez, que estuvo al lado del escritor desde 1995 hasta  2002, a\u00f1o en el que muri\u00f3 el Nobel, se atrevi\u00f3 a decir que Marina Casta\u00f1o, la  segunda esposa de Cela, era \u00abuna pura an\u00e9cdota\u00bb en la vida del Nobel  y que \u00abdesaparecer\u00e1 r\u00e1pido\u00bb.<br \/>&#13;<br \/>\n<br \/>&#13;<br \/>\n\u00abEs lo que voy a intentar hacer\u00bb, a\u00f1adi\u00f3 el ex  secretario, para quien \u00abafortunadamente dentro de cien o doscientos a\u00f1os  s\u00f3lo se conocer\u00e1 la producci\u00f3n literaria de Camilo Jos\u00e9 Cela, y Marina Casta\u00f1o  ser\u00e1 s\u00f3lo una an\u00e9cdota\u00bb.<br \/>&#13;<br \/>\n<br \/>&#13;<br \/>\nEntre las historias que se destacan en este libro, una de  las m\u00e1s llamativas es la que da nombre al volumen, El Co\u00f1o de Don Camilo, y que  se refiere al gusto de Cela, seg\u00fan S\u00e1nchez Salas, \u00abpor llamar a las cosas  por su nombre\u00bb.<br \/>&#13;<br \/>\n<br \/>&#13;<br \/>\nAqu\u00ed recuerda el autor \u00abalgo que poca gente sabe\u00bb,  y es que fue el escritor quien consigui\u00f3 que la palabra \u00abco\u00f1o\u00bb se  incluyera en el Diccionario de la Real Academia Espa\u00f1ola.<br \/>&#13;<br \/>\n<br \/>&#13;<br \/>\n\u00abLa palabra co\u00f1o la llev\u00e9 yo, con la autoridad de  Quevedo. La Academia siempre ha sido mucho m\u00e1s abierta de lo que la gente cree.  Pero bueno, en todo caso, hay autoridades que no se pueden rebatir, tu ver\u00e1s,  dime qui\u00e9n rebate a Quevedo y su co\u00f1o&#8230;\u00bb recoge el libro.<br \/>&#13;<br \/>\n<br \/>&#13;<br \/>\nLa an\u00e9cdota por \u00abexcelencia\u00bb que tambi\u00e9n est\u00e1 en  este volumen es la que hace referencia al paso del escritor por el Senado,  cuando fue nombrado senador por designaci\u00f3n real en 1977, en el primer  Parlamento espa\u00f1ol tras la fuerte del dictador Francisco Franco en 1975.<br \/>&#13;<br \/>\n<br \/>&#13;<br \/>\nEn uno de esos momentos, el presidente del Senado en &#13;<br \/>\naquella  \u00e9poca, Antonio Font\u00e1n, se dirigi\u00f3 al escritor a quien hab\u00eda sorprendido  \u00abechando una cabezadita\u00bb.<br \/>&#13;<br \/>\n<br \/>&#13;<br \/>\n\u00abEl se\u00f1or Cela est\u00e1 dormido\u00bb, dijo, y Cela  respondi\u00f3: \u00abNo, se\u00f1or presidente, no estaba dormido sino durmiendo\u00bb.<br \/>&#13;<br \/>\n<br \/>&#13;<br \/>\n\u00ab\u00bfAcaso no es lo mismo estar dormido que estar  durmiendo?\u00bb le dijo el presidente, y Cela respondi\u00f3: \u00abNo, se\u00f1or  Presidente, como tampoco lo es estar jodido que jodiendo\u00bb, respondi\u00f3.<br \/>&#13;<br \/>\n<br \/>&#13;<br \/>\nEstas son algunas de las muchas an\u00e9cdotas que recoge el  libro de Gaspar S\u00e1nchez Salas, quien se\u00f1al\u00f3 que uno de los consejos que Cela le  dio fue que \u00abdespreciara siempre la mediocridad\u00bb y que \u00abfuera a  por todas siempre sin red\u00bb. <br \/>&#13;<br \/>\n<br \/>&#13;<br \/>\nEFE<\/p>\n<p>&#13;<\/p>\n<h6> 2008-05-12 19:35:24 <\/h6>\n<p><!--\n<link rel=\"stylesheet\" href=\"css\/bootstrap.min.css\">\n\n\n<ul class=\"pagination\">\n\t    \n\t\n\n<li >\n\t<a href='?page_no=22677'>Previous<\/a>\n\t<\/li>\n\n\n       \n    \n\n<li><a href='?page_no=1'>1<\/a><\/li>\n\n\n\n<li><a href='?page_no=2'>2<\/a><\/li>\n\n\n\n<li><a>...<\/a><\/li>\n\n\n\n<li><a href='?page_no=22676'>22676<\/a><\/li>\n\n\n\n<li><a href='?page_no=22677'>22677<\/a><\/li>\n\n\n\n<li class='active'><a>22678<\/a><\/li>\n\n\n\n<li><a href='?page_no=22679'>22679<\/a><\/li>\n\n\n\n<li><a href='?page_no=22680'>22680<\/a><\/li>\n\n\n\n<li><a>...<\/a><\/li>\n\n\n\n<li><a href='?page_no=22911'>22911<\/a><\/li>\n\n\n\n<li><a href='?page_no=22912'>22912<\/a><\/li>\n\n    \n\t\n\n<li >\n\t<a href='?page_no=22679'>Next<\/a>\n\t<\/li>\n\n\n    \n\n<li><a href='?page_no=22912'>Last &rsaquo;&rsaquo;<\/a><\/li>\n\n<\/ul>\n\n\n--><br \/>\n<\/body><\/p>\n","protected":false},"excerpt":{"rendered":"<p>Publican libro con an\u00e9cdotas del Nobel espa\u00f1ol Camilo Jos\u00e9 Cela &#13; &#13; El volumen fue\u00a0escrito por el secretario del autor, Gaspar S\u00e1nchez Salas, durante sus \u00faltimo a\u00f1os de vida. &#13; Camilo Jos\u00e9 Cela dec\u00eda que era \u00abun sentimental al que le hab\u00edan educado en lo contrario\u00bb y as\u00ed se desprende del libro que ha publicado [&hellip;]<\/p>\n","protected":false},"author":3,"featured_media":0,"comment_status":"open","ping_status":"open","sticky":false,"template":"","format":"standard","meta":{"footnotes":""},"categories":[21],"tags":[],"class_list":["post-71000","post","type-post","status-publish","format-standard","hentry","category-cultura"],"_links":{"self":[{"href":"https:\/\/diariodominicano.com\/index.php?rest_route=\/wp\/v2\/posts\/71000","targetHints":{"allow":["GET"]}}],"collection":[{"href":"https:\/\/diariodominicano.com\/index.php?rest_route=\/wp\/v2\/posts"}],"about":[{"href":"https:\/\/diariodominicano.com\/index.php?rest_route=\/wp\/v2\/types\/post"}],"author":[{"embeddable":true,"href":"https:\/\/diariodominicano.com\/index.php?rest_route=\/wp\/v2\/users\/3"}],"replies":[{"embeddable":true,"href":"https:\/\/diariodominicano.com\/index.php?rest_route=%2Fwp%2Fv2%2Fcomments&post=71000"}],"version-history":[{"count":0,"href":"https:\/\/diariodominicano.com\/index.php?rest_route=\/wp\/v2\/posts\/71000\/revisions"}],"wp:attachment":[{"href":"https:\/\/diariodominicano.com\/index.php?rest_route=%2Fwp%2Fv2%2Fmedia&parent=71000"}],"wp:term":[{"taxonomy":"category","embeddable":true,"href":"https:\/\/diariodominicano.com\/index.php?rest_route=%2Fwp%2Fv2%2Fcategories&post=71000"},{"taxonomy":"post_tag","embeddable":true,"href":"https:\/\/diariodominicano.com\/index.php?rest_route=%2Fwp%2Fv2%2Ftags&post=71000"}],"curies":[{"name":"wp","href":"https:\/\/api.w.org\/{rel}","templated":true}]}}