{"id":70998,"date":"2008-05-13T17:32:17","date_gmt":"2008-05-13T17:32:17","guid":{"rendered":"http:\/\/diariodominicano.ddns.net\/?p=70998"},"modified":"2008-05-13T17:32:17","modified_gmt":"2008-05-13T17:32:17","slug":"las-ceramicas-de-pablo-picasso-se-exhiben-en-jordania","status":"publish","type":"post","link":"https:\/\/diariodominicano.com\/?p=70998","title":{"rendered":"Las cer\u00e1micas de Pablo Picasso se exhiben en Jordania"},"content":{"rendered":"<p><body><\/p>\n<p align=\"justify\"><span class=\"titulogrande1\">Las cer\u00e1micas de Pablo Picasso se exhiben en Jordania <\/span><br \/>&#13;<br \/>\n  <br \/>&#13;<br \/>\n    <span class=\"text1noticias\">La muestra constituye una de las m\u00e1s importantes  exhibiciones de arte espa\u00f1ol realizadas en Medio Oriente. <\/span><\/p>\n<p>&#13;<\/p>\n<p align=\"justify\" class=\"text1noticias\"><img loading=\"lazy\" decoding=\"async\" src=\"http:\/\/localhost:8080\/img\/picasso.jpg\" width=\"375\" height=\"484\" hspace=\"4\" align=\"left\" \/>Una amplia exposici\u00f3n de cer\u00e1micas del artista espa\u00f1ol Pablo  Picasso, organizada por el Instituto Cervantes, acaba de ser inaugurada en la  Galer\u00eda Nacional jordana, en lo que constituye una de las m\u00e1s importantes  muestras de arte espa\u00f1ol celebradas hasta la fecha en Oriente Medio.<br \/>&#13;<br \/>\n  <br \/>&#13;<br \/>\n  La treintena de piezas de cer\u00e1mica que componen la  exposici\u00f3n, cedidas por el coleccionista Pedro A. Serra y acompa\u00f1adas por  libros del autor y grabados de la serie Carmen, son especialmente  representativas de esta t\u00e9cnica en Picasso, la \u00faltima tal vez de las muchas con  las que el artista experiment\u00f3 a lo largo de su dilatada vida.<br \/>&#13;<br \/>\n  <br \/>&#13;<br \/>\n  Como multitud de sus cuadros, estos platos, vasijas y  figuras de diversa factura, representan las habituales im\u00e1genes del artista  malague\u00f1o: p\u00e1jaros y toros, minotauros y seres m\u00edticos, mujeres y formas  humanas, soles y flores.<br \/>&#13;<br \/>\n  <br \/>&#13;<br \/>\n  La exposici\u00f3n, inaugurada anoche por la princesa Gida Al  Talal en nombre de la Reina Rania, bajo cuyo patrocinio se organiza la muestra,  permanecer\u00e1 abierta en la capital jordana hasta el pr\u00f3ximo 13 de julio.<br \/>&#13;<br \/>\n  <br \/>&#13;<br \/>\n  A la ceremonia de inauguraci\u00f3n asisti\u00f3 en representaci\u00f3n de  la directora del Instituto Cervantes, Carmen Caffarel, el director de Cultura  de este organismo, Rufino S\u00e1nchez.<br \/>&#13;<br \/>\n  <br \/>&#13;<br \/>\n  En una rueda de prensa, tanto la princesa Wishd\u00e1n Al Hashemi  (presidenta de la Real Sociedad de Bellas Artes), como el embajador de Espa\u00f1a  en Jordania, Manuel Lorenzo, pusieron de relieve \u00abla sinton\u00eda entre ambos  pa\u00edses, que posibilita exposiciones magn\u00edficas de arte espa\u00f1ol, como la  presente\u00bb.<br \/>&#13;<br \/>\n  <br \/>&#13;<br \/>\n  El recientemente nombrado director de Cultura del Instituto  Cervantes, Rufino S\u00e1nchez, dijo que \u00abJordania es ejemplo de tolerancia e  interculturalidad, en este pa\u00eds se ha configurado un mapa creativo con  diferentes etnias y creencias\u00bb.<br \/>&#13;<br \/>\n  <br \/>&#13;<br \/>\n  Por su parte, la comisaria de la exposici\u00f3n, Lola Dur\u00e1n,  hizo una somera descripci\u00f3n de las circunstancias en las que Picasso comenz\u00f3 a  dar vida a las cer\u00e1micas, y explic\u00f3 que llev\u00f3 a cabo la ejecuci\u00f3n de estas  obras mientras viv\u00eda en el sur de Francia, experimentando con colores y  t\u00e9cnicas en un taller tradicional. <br \/>&#13;<br \/>\n  <br \/>&#13;<br \/>\n  EFE<\/p>\n<p>&#13;<\/p>\n<h6> 2008-05-13 17:32:17 <\/h6>\n<p><!--\n<link rel=\"stylesheet\" href=\"css\/bootstrap.min.css\">\n\n\n<ul class=\"pagination\">\n\t    \n\t\n\n<li >\n\t<a href='?page_no=22675'>Previous<\/a>\n\t<\/li>\n\n\n       \n    \n\n<li><a href='?page_no=1'>1<\/a><\/li>\n\n\n\n<li><a href='?page_no=2'>2<\/a><\/li>\n\n\n\n<li><a>...<\/a><\/li>\n\n\n\n<li><a href='?page_no=22674'>22674<\/a><\/li>\n\n\n\n<li><a href='?page_no=22675'>22675<\/a><\/li>\n\n\n\n<li class='active'><a>22676<\/a><\/li>\n\n\n\n<li><a href='?page_no=22677'>22677<\/a><\/li>\n\n\n\n<li><a href='?page_no=22678'>22678<\/a><\/li>\n\n\n\n<li><a>...<\/a><\/li>\n\n\n\n<li><a href='?page_no=22911'>22911<\/a><\/li>\n\n\n\n<li><a href='?page_no=22912'>22912<\/a><\/li>\n\n    \n\t\n\n<li >\n\t<a href='?page_no=22677'>Next<\/a>\n\t<\/li>\n\n\n    \n\n<li><a href='?page_no=22912'>Last &rsaquo;&rsaquo;<\/a><\/li>\n\n<\/ul>\n\n\n--><br \/>\n<\/body><\/p>\n","protected":false},"excerpt":{"rendered":"<p>Las cer\u00e1micas de Pablo Picasso se exhiben en Jordania &#13; &#13; La muestra constituye una de las m\u00e1s importantes exhibiciones de arte espa\u00f1ol realizadas en Medio Oriente. &#13; Una amplia exposici\u00f3n de cer\u00e1micas del artista espa\u00f1ol Pablo Picasso, organizada por el Instituto Cervantes, acaba de ser inaugurada en la Galer\u00eda Nacional jordana, en lo que [&hellip;]<\/p>\n","protected":false},"author":3,"featured_media":0,"comment_status":"open","ping_status":"open","sticky":false,"template":"","format":"standard","meta":{"footnotes":""},"categories":[21],"tags":[],"class_list":["post-70998","post","type-post","status-publish","format-standard","hentry","category-cultura"],"_links":{"self":[{"href":"https:\/\/diariodominicano.com\/index.php?rest_route=\/wp\/v2\/posts\/70998","targetHints":{"allow":["GET"]}}],"collection":[{"href":"https:\/\/diariodominicano.com\/index.php?rest_route=\/wp\/v2\/posts"}],"about":[{"href":"https:\/\/diariodominicano.com\/index.php?rest_route=\/wp\/v2\/types\/post"}],"author":[{"embeddable":true,"href":"https:\/\/diariodominicano.com\/index.php?rest_route=\/wp\/v2\/users\/3"}],"replies":[{"embeddable":true,"href":"https:\/\/diariodominicano.com\/index.php?rest_route=%2Fwp%2Fv2%2Fcomments&post=70998"}],"version-history":[{"count":0,"href":"https:\/\/diariodominicano.com\/index.php?rest_route=\/wp\/v2\/posts\/70998\/revisions"}],"wp:attachment":[{"href":"https:\/\/diariodominicano.com\/index.php?rest_route=%2Fwp%2Fv2%2Fmedia&parent=70998"}],"wp:term":[{"taxonomy":"category","embeddable":true,"href":"https:\/\/diariodominicano.com\/index.php?rest_route=%2Fwp%2Fv2%2Fcategories&post=70998"},{"taxonomy":"post_tag","embeddable":true,"href":"https:\/\/diariodominicano.com\/index.php?rest_route=%2Fwp%2Fv2%2Ftags&post=70998"}],"curies":[{"name":"wp","href":"https:\/\/api.w.org\/{rel}","templated":true}]}}