{"id":70997,"date":"2008-05-13T17:35:19","date_gmt":"2008-05-13T17:35:19","guid":{"rendered":"http:\/\/diariodominicano.ddns.net\/?p=70997"},"modified":"2008-05-13T17:35:19","modified_gmt":"2008-05-13T17:35:19","slug":"tras-la-pista-de-lorca-en-el-cine","status":"publish","type":"post","link":"https:\/\/diariodominicano.com\/?p=70997","title":{"rendered":"Tras la pista de Lorca en el cine"},"content":{"rendered":"<p><body><\/p>\n<p align=\"justify\"><strong class=\"titulogrande1\">Tras la pista de Lorca en el cine<\/strong><br \/>&#13;<br \/>\n  <br \/>&#13;<br \/>\n    <span class=\"text1noticias\">Un grupo de investigadores buscar\u00e1 las producciones f\u00edlmicas sobre el poeta  en todo el mundo para crear un archivo p\u00fablico <br \/>&#13;<br \/>\n    <br \/>&#13;<br \/>\n    <strong>EFE<\/strong> &#8211; Granada &#8211; 13\/05\/2008 <\/span><\/p>\n<p>&#13;<\/p>\n<p align=\"justify\" class=\"text1noticias\">Investigadores se embarcar\u00e1n desde  hoy en la b\u00fasqueda de producciones audiovisuales, desde los pa\u00edses latinoamericanos  hasta el mundo \u00e1rabe, relacionadas con la figura, vida y obra del poeta  granadino Federico Garc\u00eda Lorca, con el fin de archivarlas y ponerlas a  disposici\u00f3n de la cultura universal.<br \/>&#13;<br \/>\n  <br \/>&#13;<br \/>\n  Se trata de \u00abMar de  Lunas\u00bb, un ambicioso proyecto impulsado por la Diputaci\u00f3n de Granada a  trav\u00e9s del Patronato Federico Garc\u00eda Lorca, con la colaboraci\u00f3n de la  Consejer\u00eda de Cultura mediante la Filmoteca de Andaluc\u00eda, que pretende aunar  esfuerzos para recuperar, estudiar y difundir producciones en cualquier soporte  de imagen en movimiento relacionadas con el poeta.<br \/>&#13;<br \/>\n  <br \/>&#13;<br \/>\n  Lorca es, junto a Cervantes, el  escritor espa\u00f1ol m\u00e1s conocido internacionalmente, y su nombre ha tenido una  relaci\u00f3n \u00abemergente\u00bb con el s\u00e9ptimo arte, como han demostrado  numerosos estudios, seg\u00fan ha manifestado hoy en rueda de prensa el director del  Patronato Federico Garc\u00eda Lorca, Alfonso Alcal\u00e1.<br \/>&#13;<br \/>\n  <br \/>&#13;<br \/>\n  Existen muchas referencias  cinematogr\u00e1ficas que est\u00e1n diseminadas en la obra lorquiana, como los textos  \u00abDi\u00e1logo con Luis Bu\u00f1uel\u00bb o \u00abEl paseo de Buster Keaton\u00bb, y,  por otra parte, aparece tambi\u00e9n una extensa filmograf\u00eda nacional e  internacional que se ha ocupado de reflejar la vida y obra de Lorca, tanto en  el cine como en la televisi\u00f3n.<br \/>&#13;<br \/>\n  <br \/>&#13;<br \/>\n  Alcal\u00e1 ha se\u00f1alado que el proyecto <em>Mar de Lunas<\/em> pretende establecer una metodolog\u00eda de b\u00fasqueda e  investigaci\u00f3n para localizar \u00abjoyas\u00bb, es decir, grabaciones in\u00e9ditas  y dispersas por pa\u00edses latinoamericanos, africanos o \u00e1rabes, que se reunir\u00e1n en  un archivo con otras producciones f\u00edlmicas que est\u00e1n localizadas.<br \/>&#13;<br \/>\n  <br \/>&#13;<br \/>\n  Como muestra de arranque de esta  iniciativa, Granada acoger\u00e1 ma\u00f1ana el estreno en Espa\u00f1a y  Europa de <em>Bodas de Sangre<\/em>, una producci\u00f3n argentina de 1938, considerada  como la primera versi\u00f3n cinematogr\u00e1fica sobre una obra de Lorca.<br \/>&#13;<br \/>\n  <br \/>&#13;<br \/>\n  El rodaje se desarroll\u00f3 en Jes\u00fas  Mar\u00eda, una localidad de la C\u00f3rdoba argentina, con un paisaje similar a la  escenograf\u00eda rural en la que se desarrolla el texto lorquiano <em>Bodas de  sangre<\/em>.<br \/>&#13;<br \/>\n  <br \/>&#13;<br \/>\n  El periodista granadino e  investigador lorquiano Juan Luis Tapia ha sido el encargado de rescatar esta  obra, dirigida por el cineasta y amigo del poeta Edmundo Guibourg e  interpretada por la actriz Margarita Xirg\u00fa.<br \/>&#13;<br \/>\n  <br \/>&#13;<br \/>\n  La cinta s\u00f3lo se proyect\u00f3 una vez  en Argentina, cuando Espa\u00f1a estaba en Guerra Civil y en luto por el asesinato  del poeta.<br \/>&#13;<br \/>\n  <br \/>&#13;<br \/>\n  Tapia ha explicado que la pel\u00edcula <em>Bodas de sangre<\/em> fue hallada en perfecto estado en un centro documental  de Buenos Aires.<br \/>&#13;<br \/>\n  <br \/>&#13;<br \/>\n  Se trata de la \u00fanica copia de las  cuatro que se hicieron que se pudo conservar, aunque ha  precisado que el filme \u00abpas\u00f3 desapercibido y recibi\u00f3 malas cr\u00edticas\u00bb  por parte de los periodistas.<br \/>&#13;<br \/>\n  <br \/>&#13;<br \/>\n  A pesar de esos primeros pasos, el  filme es considerado una de las joyas del cine argentino, donde se encuentran  las \u00fanicas im\u00e1genes de la actriz catalana Margarita Xirg\u00fa interpretando una  obra del poeta y dramaturgo granadino, adem\u00e1s de ser la \u00fanica pel\u00edcula de  ficci\u00f3n sonora que realiz\u00f3 la int\u00e9rprete.<br \/>&#13;<br \/>\n  <br \/>&#13;<br \/>\n  La pel\u00edcula es el regreso  \u00absimb\u00f3lico\u00bb de la Compa\u00f1\u00eda de Margarita Xirg\u00fa a Espa\u00f1a despu\u00e9s de 70  a\u00f1os, seg\u00fan Tapia, quien ha recordado que Lorca ten\u00eda previsto, de no haber  fallecido, reunirse con la compa\u00f1\u00eda teatral para emprender una gira por  Hispanoam\u00e9rica, por lo que se considera que el filme es \u00abel primer  homenaje al poeta\u00bb.<br \/>&#13;<br \/>\n  <br \/>&#13;<br \/>\n  La proyecci\u00f3n de <em>Bodas de  sangre<\/em> tendr\u00e1 lugar ma\u00f1ana a las 20.30 horas en el Centro de Estudios  Lorquianos de Fuente Vaqueros.<\/p>\n<p>&#13;<\/p>\n<h6> 2008-05-13 17:35:19 <\/h6>\n<p><!--\n<link rel=\"stylesheet\" href=\"css\/bootstrap.min.css\">\n\n\n<ul class=\"pagination\">\n\t    \n\t\n\n<li >\n\t<a href='?page_no=22674'>Previous<\/a>\n\t<\/li>\n\n\n       \n    \n\n<li><a href='?page_no=1'>1<\/a><\/li>\n\n\n\n<li><a href='?page_no=2'>2<\/a><\/li>\n\n\n\n<li><a>...<\/a><\/li>\n\n\n\n<li><a href='?page_no=22673'>22673<\/a><\/li>\n\n\n\n<li><a href='?page_no=22674'>22674<\/a><\/li>\n\n\n\n<li class='active'><a>22675<\/a><\/li>\n\n\n\n<li><a href='?page_no=22676'>22676<\/a><\/li>\n\n\n\n<li><a href='?page_no=22677'>22677<\/a><\/li>\n\n\n\n<li><a>...<\/a><\/li>\n\n\n\n<li><a href='?page_no=22911'>22911<\/a><\/li>\n\n\n\n<li><a href='?page_no=22912'>22912<\/a><\/li>\n\n    \n\t\n\n<li >\n\t<a href='?page_no=22676'>Next<\/a>\n\t<\/li>\n\n\n    \n\n<li><a href='?page_no=22912'>Last &rsaquo;&rsaquo;<\/a><\/li>\n\n<\/ul>\n\n\n--><br \/>\n<\/body><\/p>\n","protected":false},"excerpt":{"rendered":"<p>Tras la pista de Lorca en el cine&#13; &#13; Un grupo de investigadores buscar\u00e1 las producciones f\u00edlmicas sobre el poeta en todo el mundo para crear un archivo p\u00fablico &#13; &#13; EFE &#8211; Granada &#8211; 13\/05\/2008 &#13; Investigadores se embarcar\u00e1n desde hoy en la b\u00fasqueda de producciones audiovisuales, desde los pa\u00edses latinoamericanos hasta el mundo [&hellip;]<\/p>\n","protected":false},"author":3,"featured_media":0,"comment_status":"open","ping_status":"open","sticky":false,"template":"","format":"standard","meta":{"footnotes":""},"categories":[21],"tags":[],"class_list":["post-70997","post","type-post","status-publish","format-standard","hentry","category-cultura"],"_links":{"self":[{"href":"https:\/\/diariodominicano.com\/index.php?rest_route=\/wp\/v2\/posts\/70997","targetHints":{"allow":["GET"]}}],"collection":[{"href":"https:\/\/diariodominicano.com\/index.php?rest_route=\/wp\/v2\/posts"}],"about":[{"href":"https:\/\/diariodominicano.com\/index.php?rest_route=\/wp\/v2\/types\/post"}],"author":[{"embeddable":true,"href":"https:\/\/diariodominicano.com\/index.php?rest_route=\/wp\/v2\/users\/3"}],"replies":[{"embeddable":true,"href":"https:\/\/diariodominicano.com\/index.php?rest_route=%2Fwp%2Fv2%2Fcomments&post=70997"}],"version-history":[{"count":0,"href":"https:\/\/diariodominicano.com\/index.php?rest_route=\/wp\/v2\/posts\/70997\/revisions"}],"wp:attachment":[{"href":"https:\/\/diariodominicano.com\/index.php?rest_route=%2Fwp%2Fv2%2Fmedia&parent=70997"}],"wp:term":[{"taxonomy":"category","embeddable":true,"href":"https:\/\/diariodominicano.com\/index.php?rest_route=%2Fwp%2Fv2%2Fcategories&post=70997"},{"taxonomy":"post_tag","embeddable":true,"href":"https:\/\/diariodominicano.com\/index.php?rest_route=%2Fwp%2Fv2%2Ftags&post=70997"}],"curies":[{"name":"wp","href":"https:\/\/api.w.org\/{rel}","templated":true}]}}