{"id":70996,"date":"2008-05-13T17:37:18","date_gmt":"2008-05-13T17:37:18","guid":{"rendered":"http:\/\/diariodominicano.ddns.net\/?p=70996"},"modified":"2008-05-13T17:37:18","modified_gmt":"2008-05-13T17:37:18","slug":"la-rumba-mas-larga-del-mundo-llega-a-su-cuna-ancestral","status":"publish","type":"post","link":"https:\/\/diariodominicano.com\/?p=70996","title":{"rendered":"La rumba m\u00e1s larga del mundo llega a su cuna ancestral"},"content":{"rendered":"<p><body><\/p>\n<p align=\"justify\"><strong class=\"titulogrande1\">La rumba m\u00e1s larga del mundo llega a su cuna  ancestral<\/strong> <br \/>&#13;<br \/>\n  <br \/>&#13;<br \/>\n    <span class=\"text1noticias\">La rumba m\u00e1s larga del mundo,  acontecimiento cultural que desde el tres de mayo \u00faltimo recorre Cuba, llega  este martes a la occidental provincia de Matanzas, cuna ancestral de ese ritmo  por m\u00e1s de dos siglos.<br \/>&#13;<br \/>\n    <br \/>&#13;<br \/>\n    Desde la hermana provincia de  Cienfuegos los matanceros recibir\u00e1n esta noche por el territorio de Col\u00f3n  toques, bailes y cantos a cargo de agrupaciones profesionales y aficionados que  se integran al Festival Internacional Cubadisco 2008, dedicado a \u00c1frica y su  di\u00e1spora.<br \/>&#13;<br \/>\n    <br \/>&#13;<br \/>\n    Las localidades matanceras de  Jovellanos, Limonar y C\u00e1rdenas tambi\u00e9n ofrecer\u00e1n escenarios abiertos a los  rumberos, con un toque especial en Uni\u00f3n de Reyes, en el sitio que rinde  perpetuo homenaje a Jos\u00e9 Rosario Oviedo, conocido en el mundo como Malanga, uno  de los mayores exponentes de la rumba.<br \/>&#13;<br \/>\n    <br \/>&#13;<br \/>\n    En la ciudad de r\u00edos y puentes,  muy cerca del barrio de La Marina, el mi\u00e9rcoles durante todo el d\u00eda grupos de  la talla de Afrocuba, Columbia del Puerto, Reyes del Tambor, Obbin\u00ed Abanicul\u00e1 y  Clave y Guaguanc\u00f3 protagonizar\u00e1n el acontecimiento.<br \/>&#13;<br \/>\n    <br \/>&#13;<br \/>\n    A partir de las seis y media de  la tarde Los Mu\u00f1equitos, bajo la direcci\u00f3n del profesor Diosdado Ramos, Rumba  Timba y varias comparsas matanceras se adue\u00f1ar\u00e1n de los tambores para demostrar  vigencia e identidad nacional y rendir tributo a hombres y mujeres esclavos que  llegaron a estos lares.<br \/>&#13;<br \/>\n    <br \/>&#13;<br \/>\nHasta la provincia de Pinar del  R\u00edo partir\u00e1 la rumba, para concluir en Ciudad de La Habana el pr\u00f3ximo d\u00eda 17,  dentro del Cubadisco, y patentizar que, efectivamente, es la m\u00e1s larga del  mundo. <\/span><\/p>\n<p>&#13;<\/p>\n<p align=\"justify\"><span class=\"text1noticias\"><strong>(AIN)<\/strong><\/span><\/p>\n<p>&#13;<\/p>\n<h6> 2008-05-13 17:37:18 <\/h6>\n<p><!--\n<link rel=\"stylesheet\" href=\"css\/bootstrap.min.css\">\n\n\n<ul class=\"pagination\">\n\t    \n\t\n\n<li >\n\t<a href='?page_no=22673'>Previous<\/a>\n\t<\/li>\n\n\n       \n    \n\n<li><a href='?page_no=1'>1<\/a><\/li>\n\n\n\n<li><a href='?page_no=2'>2<\/a><\/li>\n\n\n\n<li><a>...<\/a><\/li>\n\n\n\n<li><a href='?page_no=22672'>22672<\/a><\/li>\n\n\n\n<li><a href='?page_no=22673'>22673<\/a><\/li>\n\n\n\n<li class='active'><a>22674<\/a><\/li>\n\n\n\n<li><a href='?page_no=22675'>22675<\/a><\/li>\n\n\n\n<li><a href='?page_no=22676'>22676<\/a><\/li>\n\n\n\n<li><a>...<\/a><\/li>\n\n\n\n<li><a href='?page_no=22911'>22911<\/a><\/li>\n\n\n\n<li><a href='?page_no=22912'>22912<\/a><\/li>\n\n    \n\t\n\n<li >\n\t<a href='?page_no=22675'>Next<\/a>\n\t<\/li>\n\n\n    \n\n<li><a href='?page_no=22912'>Last &rsaquo;&rsaquo;<\/a><\/li>\n\n<\/ul>\n\n\n--><br \/>\n<\/body><\/p>\n","protected":false},"excerpt":{"rendered":"<p>La rumba m\u00e1s larga del mundo llega a su cuna ancestral &#13; &#13; La rumba m\u00e1s larga del mundo, acontecimiento cultural que desde el tres de mayo \u00faltimo recorre Cuba, llega este martes a la occidental provincia de Matanzas, cuna ancestral de ese ritmo por m\u00e1s de dos siglos.&#13; &#13; Desde la hermana provincia de [&hellip;]<\/p>\n","protected":false},"author":3,"featured_media":0,"comment_status":"open","ping_status":"open","sticky":false,"template":"","format":"standard","meta":{"footnotes":""},"categories":[21],"tags":[],"class_list":["post-70996","post","type-post","status-publish","format-standard","hentry","category-cultura"],"_links":{"self":[{"href":"https:\/\/diariodominicano.com\/index.php?rest_route=\/wp\/v2\/posts\/70996","targetHints":{"allow":["GET"]}}],"collection":[{"href":"https:\/\/diariodominicano.com\/index.php?rest_route=\/wp\/v2\/posts"}],"about":[{"href":"https:\/\/diariodominicano.com\/index.php?rest_route=\/wp\/v2\/types\/post"}],"author":[{"embeddable":true,"href":"https:\/\/diariodominicano.com\/index.php?rest_route=\/wp\/v2\/users\/3"}],"replies":[{"embeddable":true,"href":"https:\/\/diariodominicano.com\/index.php?rest_route=%2Fwp%2Fv2%2Fcomments&post=70996"}],"version-history":[{"count":0,"href":"https:\/\/diariodominicano.com\/index.php?rest_route=\/wp\/v2\/posts\/70996\/revisions"}],"wp:attachment":[{"href":"https:\/\/diariodominicano.com\/index.php?rest_route=%2Fwp%2Fv2%2Fmedia&parent=70996"}],"wp:term":[{"taxonomy":"category","embeddable":true,"href":"https:\/\/diariodominicano.com\/index.php?rest_route=%2Fwp%2Fv2%2Fcategories&post=70996"},{"taxonomy":"post_tag","embeddable":true,"href":"https:\/\/diariodominicano.com\/index.php?rest_route=%2Fwp%2Fv2%2Ftags&post=70996"}],"curies":[{"name":"wp","href":"https:\/\/api.w.org\/{rel}","templated":true}]}}