{"id":70995,"date":"2008-05-14T18:25:32","date_gmt":"2008-05-14T18:25:32","guid":{"rendered":"http:\/\/diariodominicano.ddns.net\/?p=70995"},"modified":"2008-05-14T18:25:32","modified_gmt":"2008-05-14T18:25:32","slug":"mansion-donde-se-rodo-la-novicia-rebelde-en-salzburgo-se-convierte-en-un-hotel","status":"publish","type":"post","link":"https:\/\/diariodominicano.com\/?p=70995","title":{"rendered":"Mansi\u00f3n donde se rod\u00f3 La Novicia Rebelde en Salzburgo se convierte en un hotel"},"content":{"rendered":"<p><body><\/p>\n<p align=\"justify\"><span class=\"titulogrande1\">Mansi\u00f3n donde se rod\u00f3 La Novicia Rebelde en Salzburgo se  convierte en un hotel <\/span><br \/>&#13;<br \/>\n  <br \/>&#13;<br \/>\n    <span class=\"text1noticias\">La casa de los Von Trapp, construida en 1863, ofrecer\u00e1  visitas tur\u00edsticas y contar\u00e1 con una tienda de recuerdos. <\/span><\/p>\n<p>&#13;<\/p>\n<p align=\"justify\" class=\"text1noticias\"><img loading=\"lazy\" decoding=\"async\" src=\"http:\/\/localhost:8080\/img\/novicia.jpg\" width=\"375\" height=\"270\" hspace=\"4\" align=\"left\" \/>La mansi\u00f3n de la familia Von Trapp en Salzburgo, cuya  historia fue recreada en la pel\u00edcula The Sound of Music (La novicia rebelde),  ser\u00e1 abierta al p\u00fablico a partir de julio pr\u00f3ximo en forma de hotel, inform\u00f3  hoy la prensa austr\u00edaca.<br \/>&#13;<br \/>\n  <br \/>&#13;<br \/>\n  Decenas de miles de turistas de todo el mundo acuden todos  los a\u00f1os a la ciudad austr\u00edaca para conocer los lugares hist\u00f3ricos donde se  rod\u00f3 la c\u00e9lebre cinta.<br \/>&#13;<br \/>\n  <br \/>&#13;<br \/>\n  El peque\u00f1o hotel situado en la mansi\u00f3n en la que viv\u00edan los  Von Trapp ofrecer\u00e1 a los visitantes una visita guiada y una tienda de recuerdos  tur\u00edsticos.<br \/>&#13;<br \/>\n  <br \/>&#13;<br \/>\n  <br \/>  &#13;<br \/>\n  La casa, construida en 1863 en lo que hoy es el barrio  lujoso de Aigen, fue entre 1923 y 1938 el hogar de la familia hasta su huida de  los nazis.<br \/>&#13;<br \/>\n  <br \/>&#13;<br \/>\n  En 1938 el edificio fue usado por unos misioneros cat\u00f3licos,  antes de ser expropiado por los nazis en 1939, que lo convirtieron en el domicilio  de Heinrich Himmler, comandante en jefe de las temibles SS.<br \/>&#13;<br \/>\n  <br \/>&#13;<br \/>\n  Despu\u00e9s de la guerra, el ej\u00e9rcito estadounidense ocup\u00f3 la  casa durante dos a\u00f1os y la devolvi\u00f3 en 1947 a la \u00abCongregaci\u00f3n de  Misioneros de la Preciosa Sangre\u00bb.<br \/>&#13;<br \/>\n  <br \/>&#13;<br \/>\n  Ahora los misioneros han alquilado el edificio a una pareja  de empresarios locales que durante un per\u00edodo inicial de doce a\u00f1os gestionar\u00e1n  el nuevo hotel.<br \/>&#13;<br \/>\n  <br \/>&#13;<br \/>\n  El establecimiento tendr\u00e1 14 habitaciones con 26 camas, a un  precio de unos 100 euros (150 d\u00f3lares) por noche, incluido el desayuno.<br \/>&#13;<br \/>\n  <br \/>&#13;<br \/>\n  En el jard\u00edn de la casa habr\u00e1 un recorrido tem\u00e1tico sobre la  familia,\u00a0 mientras que en el interior se adaptar\u00e1 una sala para ilustrar  la historia del edificio y los Von Trapp.<br \/>&#13;<br \/>\n  <br \/>&#13;<br \/>\n  Tambi\u00e9n los visitantes que no se alojen en el hotel podr\u00e1n  acudir al jard\u00edn y a la sala pagando una entrada de entre 7 y 9 euros (entre 11  y 14 d\u00f3lares).<br \/>&#13;<br \/>\n  <br \/>&#13;<br \/>\n  Eso s\u00ed, el pasado nazi del edificio no ser\u00e1 mencionado en la  visita del hotel, aunque si los visitantes preguntan al respecto ser\u00e1n  informados de esa circunstancia, y tambi\u00e9n la p\u00e1gina web del hotel lo  mencionar\u00e1, dijo al diario vien\u00e9s \u00abDer Standard\u00bb Marianne Dorfer, una  de las gerentes del hotel.<br \/>&#13;<br \/>\n  <br \/>&#13;<br \/>\n  La pel\u00edcula The Sound of Music (estrenada en espa\u00f1ol como La  Novicia Rebelde o Sonrisas y L\u00e1grimas), con Julie Andrews en el papel de la  institutriz Mar\u00eda y Cristopher Plummer en el del viudo capit\u00e1n Von Trapp, padre  de seis ni\u00f1os, fue rodada en Salzburgo en 1965 y se calcula que ha sido vista  hasta ahora por 1.200 millones de personas.<br \/>&#13;<br \/>\n  <br \/>&#13;<br \/>\n  Unos 300.000 turistas visitan todos los a\u00f1os los lugares de  Salzburgo donde se film\u00f3 la pel\u00edcula.<br \/>&#13;<br \/>\n  <br \/>&#13;<br \/>\n  Las autoridades de Salzburgo planean un \u00abCentro Sound  of Music\u00bb en el casco hist\u00f3rico de la ciudad, que se encuentra a 320  kil\u00f3metros al oeste de Viena.<br \/>&#13;<br \/>\n  <br \/>&#13;<br \/>\n  EFE<\/p>\n<p>&#13;<\/p>\n<h6> 2008-05-14 18:25:32 <\/h6>\n<p><!--\n<link rel=\"stylesheet\" href=\"css\/bootstrap.min.css\">\n\n\n<ul class=\"pagination\">\n\t    \n\t\n\n<li >\n\t<a href='?page_no=22672'>Previous<\/a>\n\t<\/li>\n\n\n       \n    \n\n<li><a href='?page_no=1'>1<\/a><\/li>\n\n\n\n<li><a href='?page_no=2'>2<\/a><\/li>\n\n\n\n<li><a>...<\/a><\/li>\n\n\n\n<li><a href='?page_no=22671'>22671<\/a><\/li>\n\n\n\n<li><a href='?page_no=22672'>22672<\/a><\/li>\n\n\n\n<li class='active'><a>22673<\/a><\/li>\n\n\n\n<li><a href='?page_no=22674'>22674<\/a><\/li>\n\n\n\n<li><a href='?page_no=22675'>22675<\/a><\/li>\n\n\n\n<li><a>...<\/a><\/li>\n\n\n\n<li><a href='?page_no=22911'>22911<\/a><\/li>\n\n\n\n<li><a href='?page_no=22912'>22912<\/a><\/li>\n\n    \n\t\n\n<li >\n\t<a href='?page_no=22674'>Next<\/a>\n\t<\/li>\n\n\n    \n\n<li><a href='?page_no=22912'>Last &rsaquo;&rsaquo;<\/a><\/li>\n\n<\/ul>\n\n\n--><br \/>\n<\/body><\/p>\n","protected":false},"excerpt":{"rendered":"<p>Mansi\u00f3n donde se rod\u00f3 La Novicia Rebelde en Salzburgo se convierte en un hotel &#13; &#13; La casa de los Von Trapp, construida en 1863, ofrecer\u00e1 visitas tur\u00edsticas y contar\u00e1 con una tienda de recuerdos. &#13; La mansi\u00f3n de la familia Von Trapp en Salzburgo, cuya historia fue recreada en la pel\u00edcula The Sound of [&hellip;]<\/p>\n","protected":false},"author":3,"featured_media":0,"comment_status":"open","ping_status":"open","sticky":false,"template":"","format":"standard","meta":{"footnotes":""},"categories":[21],"tags":[],"class_list":["post-70995","post","type-post","status-publish","format-standard","hentry","category-cultura"],"_links":{"self":[{"href":"https:\/\/diariodominicano.com\/index.php?rest_route=\/wp\/v2\/posts\/70995","targetHints":{"allow":["GET"]}}],"collection":[{"href":"https:\/\/diariodominicano.com\/index.php?rest_route=\/wp\/v2\/posts"}],"about":[{"href":"https:\/\/diariodominicano.com\/index.php?rest_route=\/wp\/v2\/types\/post"}],"author":[{"embeddable":true,"href":"https:\/\/diariodominicano.com\/index.php?rest_route=\/wp\/v2\/users\/3"}],"replies":[{"embeddable":true,"href":"https:\/\/diariodominicano.com\/index.php?rest_route=%2Fwp%2Fv2%2Fcomments&post=70995"}],"version-history":[{"count":0,"href":"https:\/\/diariodominicano.com\/index.php?rest_route=\/wp\/v2\/posts\/70995\/revisions"}],"wp:attachment":[{"href":"https:\/\/diariodominicano.com\/index.php?rest_route=%2Fwp%2Fv2%2Fmedia&parent=70995"}],"wp:term":[{"taxonomy":"category","embeddable":true,"href":"https:\/\/diariodominicano.com\/index.php?rest_route=%2Fwp%2Fv2%2Fcategories&post=70995"},{"taxonomy":"post_tag","embeddable":true,"href":"https:\/\/diariodominicano.com\/index.php?rest_route=%2Fwp%2Fv2%2Ftags&post=70995"}],"curies":[{"name":"wp","href":"https:\/\/api.w.org\/{rel}","templated":true}]}}