{"id":70992,"date":"2008-05-14T18:35:36","date_gmt":"2008-05-14T18:35:36","guid":{"rendered":"http:\/\/diariodominicano.ddns.net\/?p=70992"},"modified":"2008-05-14T18:35:36","modified_gmt":"2008-05-14T18:35:36","slug":"el-vaticano-ordena-a-lleida-entregar-113-piezas-de-arte-sacro-que-reclamaba-barbastro","status":"publish","type":"post","link":"https:\/\/diariodominicano.com\/?p=70992","title":{"rendered":"El Vaticano ordena a Lleida entregar 113 piezas de arte sacro que reclamaba Barbastro"},"content":{"rendered":"<p><body><\/p>\n<p align=\"justify\"><span class=\"titulogrande1\">El Vaticano ordena a Lleida entregar 113 piezas  de arte sacro que reclamaba Barbastro<\/span><br \/>&#13;<br \/>\n  <br \/>&#13;<br \/>\n    <span class=\"text1noticias\">La decisi\u00f3n no tiene relevancia jur\u00eddica y ser\u00e1 la Generalitat quien decida  finalmente <br \/>&#13;<br \/>\n    <br \/>&#13;<br \/>\nAGENCIAS &#8211; Lleida &#8211; 13\/05\/2008 <\/span><\/p>\n<p>&#13;<\/p>\n<p align=\"justify\" class=\"text1noticias\">El Tribunal de La Rota, m\u00e1ximo  organismo judicial del Vaticano, ha decretado que las 113 obras de arte  religioso procedentes de diversas parroquias de la franja sean entregadas al  Obispado de Barbastro (Huesca), seg\u00fan ha confirmado la propia di\u00f3cesis  leridana. La decisi\u00f3n no tiene car\u00e1cter jur\u00eddica y ser\u00e1 la Generalitat quien  decida finalmente.<br \/>&#13;<br \/>\n  <br \/>&#13;<br \/>\n  El obispado de Lleida hab\u00eda pedido  al Vaticano que aclarase jur\u00eddicamente la titularidad de las obras con un  juicio en que ambas partes pudieran presentar sus pruebas y defenderse. Sin  embargo, la Signatura Apost\u00f3lica decidi\u00f3 rechazar dicha petici\u00f3n. De esta forma  reafirmaba la validez de los decretos emitidos hasta el momento por la Santa  Sede, que siempre se han decantado a favor de Barbastro.<br \/>&#13;<br \/>\n  <br \/>&#13;<br \/>\n  Fuentes de la Di\u00f3cesis de Lleida  han manifestado que aunque la resoluci\u00f3n del Vaticano agota la v\u00eda can\u00f3nica, el  equipo jur\u00eddico del Obispado estudiar\u00e1 durante los pr\u00f3ximos d\u00edas \u00abla  situaci\u00f3n creada por esta decisi\u00f3n \u00ab. El administrador apost\u00f3lico del  Obispado de Lleida, Xavier Salinas, ha reiterado su ofrecimiento de  \u00abbuscar caminos de entendimiento\u00bb con el Obispado de Barbastro-Monz\u00f3n  pero no ha aclarado si acatar\u00e1 la sentencia del Vaticano y reclamar\u00e1 a la  Generalitat que devuelva las piezas a Arag\u00f3n.<br \/>&#13;<br \/>\n  <br \/>&#13;<br \/>\n  Algunas de las 113 piezas  reclamadas por Arag\u00f3n se exponen en la actualidad en el nuevo Museu Dioces\u00e0 de  Lleida, inaugurado a finales de 2007. La Generalitat tiene catalogadas las  obras en litigio como patrimonio catal\u00e1n y siempre ha defendido su titularidad  catalana.<br \/>&#13;<br \/>\n  <br \/>&#13;<br \/>\n  <strong>Reacciones en Catalu\u00f1a<\/strong> <br \/>&#13;<br \/>\n  <br \/>&#13;<br \/>\n  Los partidos catalanes se han  pronunciado ya sobre este asunto. El responsable de la comisi\u00f3n de Cultura de  la Federaci\u00f3n del PSC de Lleida, Antoni Llevot, futuro diputado socialista en  el Parlament en sustituci\u00f3n de Marta Camps, ha insistido este martes en la  necesidad de buscar un acuerdo entre Arag\u00f3n y Catalunya.<br \/>&#13;<br \/>\n  <br \/> &#13;<br \/>\n  Por su parte, CiU ha  reclamado, por boca de la diputada de CiU en el Parlament Carme Vidal, que un  tribunal civil resuelva el litigio.<br \/>&#13;<br \/>\n  <br \/>&#13;<br \/>\n  El diputado popular en el  Parlament de Catalunya Jordi Montanya ha denunciado por su parte la  \u00abinoperancia\u00bb de las administraciones competentes, \u00abque  curiosamente son todas socialistas\u00bb, en el conflicto.<\/p>\n<p>&#13;<\/p>\n<h6> 2008-05-14 18:35:36 <\/h6>\n<p><!--\n<link rel=\"stylesheet\" href=\"css\/bootstrap.min.css\">\n\n\n<ul class=\"pagination\">\n\t    \n\t\n\n<li >\n\t<a href='?page_no=22669'>Previous<\/a>\n\t<\/li>\n\n\n       \n    \n\n<li><a href='?page_no=1'>1<\/a><\/li>\n\n\n\n<li><a href='?page_no=2'>2<\/a><\/li>\n\n\n\n<li><a>...<\/a><\/li>\n\n\n\n<li><a href='?page_no=22668'>22668<\/a><\/li>\n\n\n\n<li><a href='?page_no=22669'>22669<\/a><\/li>\n\n\n\n<li class='active'><a>22670<\/a><\/li>\n\n\n\n<li><a href='?page_no=22671'>22671<\/a><\/li>\n\n\n\n<li><a href='?page_no=22672'>22672<\/a><\/li>\n\n\n\n<li><a>...<\/a><\/li>\n\n\n\n<li><a href='?page_no=22911'>22911<\/a><\/li>\n\n\n\n<li><a href='?page_no=22912'>22912<\/a><\/li>\n\n    \n\t\n\n<li >\n\t<a href='?page_no=22671'>Next<\/a>\n\t<\/li>\n\n\n    \n\n<li><a href='?page_no=22912'>Last &rsaquo;&rsaquo;<\/a><\/li>\n\n<\/ul>\n\n\n--><br \/>\n<\/body><\/p>\n","protected":false},"excerpt":{"rendered":"<p>El Vaticano ordena a Lleida entregar 113 piezas de arte sacro que reclamaba Barbastro&#13; &#13; La decisi\u00f3n no tiene relevancia jur\u00eddica y ser\u00e1 la Generalitat quien decida finalmente &#13; &#13; AGENCIAS &#8211; Lleida &#8211; 13\/05\/2008 &#13; El Tribunal de La Rota, m\u00e1ximo organismo judicial del Vaticano, ha decretado que las 113 obras de arte religioso [&hellip;]<\/p>\n","protected":false},"author":3,"featured_media":0,"comment_status":"open","ping_status":"open","sticky":false,"template":"","format":"standard","meta":{"footnotes":""},"categories":[21],"tags":[],"class_list":["post-70992","post","type-post","status-publish","format-standard","hentry","category-cultura"],"_links":{"self":[{"href":"https:\/\/diariodominicano.com\/index.php?rest_route=\/wp\/v2\/posts\/70992","targetHints":{"allow":["GET"]}}],"collection":[{"href":"https:\/\/diariodominicano.com\/index.php?rest_route=\/wp\/v2\/posts"}],"about":[{"href":"https:\/\/diariodominicano.com\/index.php?rest_route=\/wp\/v2\/types\/post"}],"author":[{"embeddable":true,"href":"https:\/\/diariodominicano.com\/index.php?rest_route=\/wp\/v2\/users\/3"}],"replies":[{"embeddable":true,"href":"https:\/\/diariodominicano.com\/index.php?rest_route=%2Fwp%2Fv2%2Fcomments&post=70992"}],"version-history":[{"count":0,"href":"https:\/\/diariodominicano.com\/index.php?rest_route=\/wp\/v2\/posts\/70992\/revisions"}],"wp:attachment":[{"href":"https:\/\/diariodominicano.com\/index.php?rest_route=%2Fwp%2Fv2%2Fmedia&parent=70992"}],"wp:term":[{"taxonomy":"category","embeddable":true,"href":"https:\/\/diariodominicano.com\/index.php?rest_route=%2Fwp%2Fv2%2Fcategories&post=70992"},{"taxonomy":"post_tag","embeddable":true,"href":"https:\/\/diariodominicano.com\/index.php?rest_route=%2Fwp%2Fv2%2Ftags&post=70992"}],"curies":[{"name":"wp","href":"https:\/\/api.w.org\/{rel}","templated":true}]}}