{"id":70991,"date":"2008-05-14T21:33:58","date_gmt":"2008-05-14T21:33:58","guid":{"rendered":"http:\/\/diariodominicano.ddns.net\/?p=70991"},"modified":"2008-05-14T21:33:58","modified_gmt":"2008-05-14T21:33:58","slug":"escritora-dominicana-marina-lundy-lanza-estigma-una-obra-sobre-jesus","status":"publish","type":"post","link":"https:\/\/diariodominicano.com\/?p=70991","title":{"rendered":"Escritora dominicana Marina Lundy lanza \u00abEstigma\u00bb, una obra sobre Jes\u00fas"},"content":{"rendered":"<p><body><\/p>\n<p class=\"titulogrande1\"><strong>Escritora dominicana Marina Lundy lanza \u00abEstigma\u00bb,  una obra sobre\u00a0 Jes\u00fas <\/strong> <\/p>\n<p>&#13;<\/p>\n<p align=\"justify\" class=\"text1noticias\"><strong><img loading=\"lazy\" decoding=\"async\" src=\"http:\/\/localhost:8080\/img\/lundy.jpg\" width=\"375\" height=\"290\" hspace=\"4\" align=\"left\" \/>NUEVA YORK (TLP).- <\/strong>La reputada  locutora, productora y escritora internacional, Marina Lundy, present\u00f3 aqu\u00ed su  nueva novela espiritual, titulada \u00abEstigma\u00bb, un libro educativo y  edificante que no puede faltar en su estante. <br \/>&#13;<br \/>\n  <br \/>&#13;<br \/>\n  Haciendo uso de sus galas, Lundy nos  transporta por una interesante historia que comienza con la explicaci\u00f3n de un  fen\u00f3meno m\u00edstico propio de nuestro Salvador y Redentor Jesucristo. <br \/>&#13;<br \/>\n  <br \/>&#13;<br \/>\n  \u00abEstigmas\u00bb son aquellas  que se presentan en el cuerpo de un ser humano, parecidas a las sufridas por el  Cristo viviente durante la crucifixi\u00f3n. <br \/>&#13;<br \/>\n  <br \/>&#13;<br \/>\n  Marina Lundy, en esta irresistible  novela, enfoca ese sufrimiento, el que muchos vivimos en carne propia como  fruto de nuestros pecados y errores en la vida. <br \/>&#13;<br \/>\n  <br \/>&#13;<br \/>\n  Para la exitosa escritora  dominicana, \u00abEstigma\u00bb puede ser una maldici\u00f3n o una bendici\u00f3n. <br \/>&#13;<br \/>\n  <br \/>&#13;<br \/>\n  Ella ha vivido esa divina  experiencia y por ello comparte todo su testimonio con sus seguidores lectores  en este libro que ya est\u00e1 a la venta en todas las librer\u00edas de los Estados  Unidos y gran parte de Am\u00e9rica Latina. <br \/>&#13;<br \/>\n  <br \/>&#13;<br \/>\n  De acuerdo con la escritora, el  poder divino y la manifestaci\u00f3n sagrada, se expresan de diferentes formas. <br \/>&#13;<br \/>\n  <br \/>&#13;<br \/>\n  En este libro la autora nos cuenta  el proceso espiritual que tuvo que pasar con Juan, el personaje central. <br \/>&#13;<br \/>\n  <br \/>&#13;<br \/>\n  Lundy relata a las personas sobre el  poder de Dios, sobre la templanza de Juan, pero sobre todo de la posibilidad de  explicar algo que m\u00e1s que un misterio es una manifestaci\u00f3n del amor de Cristo,  el fen\u00f3meno del estigma. <br \/>&#13;<br \/>\n  <br \/>&#13;<br \/>\n  \u00abJuan me permiti\u00f3 contemplar  ese proceso doloroso, pero a la vez sagrado, misterioso, pero tambi\u00e9n de un  contenido espiritual infinito\u00bb, explica la escritora. <br \/>&#13;<br \/>\n  <br \/>&#13;<br \/>\n  \u00abJuan es una persona especial.  Cuando digo especial, utilizo el t\u00e9rmino con plena conciencia. Especial en el  sentido de la humanidad y la mansedumbre que predomina en su esp\u00edritu\u00bb,  sostiene Lundy. <br \/>&#13;<br \/>\n  <br \/>&#13;<br \/>\n  Explica la escritora que el  privilegio del \u00abEstigma\u00bb solo se concede \u00fanicamente a quienes merecen  ser portadores y presencia amorosa de Dios en la tierra. <br \/>&#13;<br \/>\n  <br \/>&#13;<br \/>\n  \u00abEl proceso doloroso que vivi\u00f3  Cristo, toda esa carga de angustia y dolor c\u00f3smico que padecieron su carne y  esp\u00edritu, reflejadas en unas llagas en pies, manos, espaldas y cabeza, cuando  aparecieron similarmente en un ser, es con el prop\u00f3sito de que el mensaje de  Jes\u00fas se difunda en la tierra\u00bb, sostiene la tambi\u00e9n poetisa. <br \/>&#13;<br \/>\n  <br \/>&#13;<br \/>\n  El libro de Marina es de f\u00e1cil  lectura, escrito en un lenguaje coloquial. Cuenta con 111 p\u00e1ginas, una  fotograf\u00eda real del personaje, as\u00ed como un cover ilustrativo del mensaje. <br \/>&#13;<br \/>\n  <br \/>&#13;<br \/>\n  \u00abHe escrito esta novela con el  objetivo de educar, edificar y ense\u00f1ar a la gente sobre la importancia de  fortalecer nuestro Esp\u00edritu. Juan es una historia real, muy impactante e  interesante\u00bb, explica la escritora. <br \/>&#13;<br \/>\n  <br \/>&#13;<br \/>\n  Marina Lundy naci\u00f3 en San Jos\u00e9 de  las Matas, Rep\u00fablica Dominicana. Emigr\u00f3 a los Estados Unidos en el a\u00f1o 1975,  espec\u00edficamente a la ciudad de Nueva York. <br \/>&#13;<br \/>\n  <br \/>&#13;<br \/>\n  En el 200 se instal\u00f3 en Minnesota,  una ciudad donde se ha desarrollado espiritual y profesionalmente. <br \/>&#13;<br \/>\n  <br \/>&#13;<br \/>\n  Actualmente cuenta con su propio  programa de radio de gran popularidad en esa ciudad, y en el que la gente puede  consultarla para pedirle consejos. <br \/>&#13;<br \/>\n  <br \/>&#13;<br \/>\n  Marina se dedica tambi\u00e9n a la  pintura en sus momentos de soledad. <br \/>&#13;<br \/>\n  <br \/>&#13;<br \/>\n  En el 200 recibi\u00f3 un premio en la  competencia de pintura de State Fair of Minnesota, donde hubo una gran cantidad  de participantes. <br \/>&#13;<br \/>\n  <br \/>&#13;<br \/>\n  Es columnista de varios medios de  comunicaci\u00f3n, y recientemente, ha sido reconocida por diferentes organizaciones  por su contribuci\u00f3n a la comunidad hispana de los Estados Unidos. <br \/>&#13;<br \/>\n  <br \/>&#13;<br \/>\n  Tiene in\u00e9dita una novela, titulada  \u00abLos Esp\u00edritus del Corosal\u00bb. <\/p>\n<p>&#13;<\/p>\n<h6> 2008-05-14 21:33:58 <\/h6>\n<p><!--\n<link rel=\"stylesheet\" href=\"css\/bootstrap.min.css\">\n\n\n<ul class=\"pagination\">\n\t    \n\t\n\n<li >\n\t<a href='?page_no=22668'>Previous<\/a>\n\t<\/li>\n\n\n       \n    \n\n<li><a href='?page_no=1'>1<\/a><\/li>\n\n\n\n<li><a href='?page_no=2'>2<\/a><\/li>\n\n\n\n<li><a>...<\/a><\/li>\n\n\n\n<li><a href='?page_no=22667'>22667<\/a><\/li>\n\n\n\n<li><a href='?page_no=22668'>22668<\/a><\/li>\n\n\n\n<li class='active'><a>22669<\/a><\/li>\n\n\n\n<li><a href='?page_no=22670'>22670<\/a><\/li>\n\n\n\n<li><a href='?page_no=22671'>22671<\/a><\/li>\n\n\n\n<li><a>...<\/a><\/li>\n\n\n\n<li><a href='?page_no=22911'>22911<\/a><\/li>\n\n\n\n<li><a href='?page_no=22912'>22912<\/a><\/li>\n\n    \n\t\n\n<li >\n\t<a href='?page_no=22670'>Next<\/a>\n\t<\/li>\n\n\n    \n\n<li><a href='?page_no=22912'>Last &rsaquo;&rsaquo;<\/a><\/li>\n\n<\/ul>\n\n\n--><br \/>\n<\/body><\/p>\n","protected":false},"excerpt":{"rendered":"<p>Escritora dominicana Marina Lundy lanza \u00abEstigma\u00bb, una obra sobre\u00a0 Jes\u00fas &#13; NUEVA YORK (TLP).- La reputada locutora, productora y escritora internacional, Marina Lundy, present\u00f3 aqu\u00ed su nueva novela espiritual, titulada \u00abEstigma\u00bb, un libro educativo y edificante que no puede faltar en su estante. &#13; &#13; Haciendo uso de sus galas, Lundy nos transporta por una [&hellip;]<\/p>\n","protected":false},"author":3,"featured_media":0,"comment_status":"open","ping_status":"open","sticky":false,"template":"","format":"standard","meta":{"footnotes":""},"categories":[21],"tags":[],"class_list":["post-70991","post","type-post","status-publish","format-standard","hentry","category-cultura"],"_links":{"self":[{"href":"https:\/\/diariodominicano.com\/index.php?rest_route=\/wp\/v2\/posts\/70991","targetHints":{"allow":["GET"]}}],"collection":[{"href":"https:\/\/diariodominicano.com\/index.php?rest_route=\/wp\/v2\/posts"}],"about":[{"href":"https:\/\/diariodominicano.com\/index.php?rest_route=\/wp\/v2\/types\/post"}],"author":[{"embeddable":true,"href":"https:\/\/diariodominicano.com\/index.php?rest_route=\/wp\/v2\/users\/3"}],"replies":[{"embeddable":true,"href":"https:\/\/diariodominicano.com\/index.php?rest_route=%2Fwp%2Fv2%2Fcomments&post=70991"}],"version-history":[{"count":0,"href":"https:\/\/diariodominicano.com\/index.php?rest_route=\/wp\/v2\/posts\/70991\/revisions"}],"wp:attachment":[{"href":"https:\/\/diariodominicano.com\/index.php?rest_route=%2Fwp%2Fv2%2Fmedia&parent=70991"}],"wp:term":[{"taxonomy":"category","embeddable":true,"href":"https:\/\/diariodominicano.com\/index.php?rest_route=%2Fwp%2Fv2%2Fcategories&post=70991"},{"taxonomy":"post_tag","embeddable":true,"href":"https:\/\/diariodominicano.com\/index.php?rest_route=%2Fwp%2Fv2%2Ftags&post=70991"}],"curies":[{"name":"wp","href":"https:\/\/api.w.org\/{rel}","templated":true}]}}