{"id":70988,"date":"2008-05-15T20:28:24","date_gmt":"2008-05-15T20:28:24","guid":{"rendered":"http:\/\/diariodominicano.ddns.net\/?p=70988"},"modified":"2008-05-15T20:28:24","modified_gmt":"2008-05-15T20:28:24","slug":"aplazan-juicio-interpuesto-por-viuda-de-borges-contra-periodista-frances","status":"publish","type":"post","link":"https:\/\/diariodominicano.com\/?p=70988","title":{"rendered":"Aplazan juicio interpuesto por viuda de Borges contra periodista franc\u00e9s"},"content":{"rendered":"<p><body><\/p>\n<p align=\"justify\"><span class=\"titulogrande1\">Aplazan juicio interpuesto por viuda de Borges contra  periodista franc\u00e9s <\/span><br \/>&#13;<br \/>\n  <br \/>&#13;<br \/>\n    <span class=\"text1noticias\">\u00abAl parecer Assouline quer\u00eda estar a toda costa en el  juicio para explicar su versi\u00f3n de los hechos.\u00bb, dijo el abogado de Mar\u00eda  Kodama. <\/span><\/p>\n<p>&#13;<\/p>\n<p align=\"justify\" class=\"text1noticias\"><img loading=\"lazy\" decoding=\"async\" src=\"http:\/\/localhost:8080\/img\/viuda borges.jpg\" width=\"375\" height=\"270\" hspace=\"4\" align=\"left\" \/>El juicio por difamaci\u00f3n de la viuda del poeta argentino Jorge  Luis Borges, Mar\u00eda Kodama, contra el periodista y escritor franc\u00e9s Pierre  Assouline que la acus\u00f3 de bloquear obras del literato, fue aplazado hoy hasta  el pr\u00f3ximo d\u00eda 12 a petici\u00f3n de la defensa.<br \/>&#13;<br \/>\n  <br \/>&#13;<br \/>\n  El abogado de Kodama, Didier Skornicki, afirm\u00f3\u00a0que su  colega de la defensa pidi\u00f3 el aplazamiento de la vista, prevista para hoy, por  la imposibilidad para su cliente de acudir al Tribunal Correccional de Par\u00eds.<br \/>&#13;<br \/>\n  <br \/>&#13;<br \/>\n\u00abAl parecer Assouline quer\u00eda estar a toda costa en el  juicio para explicar su versi\u00f3n de los hechos. Yo no me he opuesto al  aplazamiento\u00bb, dijo el letrado.<br \/>&#13;<br \/>\n<br \/>&#13;<br \/>\nSkornicki reclama a Assouline un euro simb\u00f3lico por  difamaci\u00f3n, adem\u00e1s de la publicaci\u00f3n de la sentencia en la prensa francesa.<br \/>&#13;<br \/>\n<br \/>&#13;<br \/>\n\u00abLo que le interesa a mi clienta es que se publique la  sentencia condenatoria en el prensa, no el dinero\u00bb, dijo el letrado .<br \/>&#13;<br \/>\n<br \/>&#13;<br \/>\nKodama present\u00f3 una demanda por injurias contra Assouline  despu\u00e9s de que el periodista la acusara, en un art\u00edculo publicado en el  semanario Le Nouvel Observateur en agosto del 2006, de bloquear la edici\u00f3n en  franc\u00e9s de una recolecci\u00f3n de obras de Borges, que proyectaba la editorial  Gallimard dentro de su prestigiosa colecci\u00f3n de La Pl\u00e9iade.<br \/>&#13;<br \/>\n<br \/>&#13;<br \/>\nAssouline sosten\u00eda que Kodama imped\u00eda que los textos del  poeta fueran publicados porque ella misma preparaba una edici\u00f3n cr\u00edtica de la  obra; el periodista cuestionaba adem\u00e1s la \u00abvalidez\u00bb del matrimonio  por poderes de Kodama con Borges, que era 40 a\u00f1os mayor que ella.<br \/>&#13;<br \/>\n<br \/>&#13;<br \/>\nEl abogado de Kodama se\u00f1al\u00f3 que el art\u00edculo de Assouline es  \u00abuna difamaci\u00f3n objetiva y repetida\u00bb, por lo que se mostr\u00f3 confiado  en poder obtener una condena que obligue al escritor a costear su publicaci\u00f3n  en la prensa. <br \/>&#13;<br \/>\n<br \/>&#13;<br \/>\n  EFE<\/p>\n<p>&#13;<\/p>\n<h6> 2008-05-15 20:28:24 <\/h6>\n<p><!--\n<link rel=\"stylesheet\" href=\"css\/bootstrap.min.css\">\n\n\n<ul class=\"pagination\">\n\t    \n\t\n\n<li >\n\t<a href='?page_no=22665'>Previous<\/a>\n\t<\/li>\n\n\n       \n    \n\n<li><a href='?page_no=1'>1<\/a><\/li>\n\n\n\n<li><a href='?page_no=2'>2<\/a><\/li>\n\n\n\n<li><a>...<\/a><\/li>\n\n\n\n<li><a href='?page_no=22664'>22664<\/a><\/li>\n\n\n\n<li><a href='?page_no=22665'>22665<\/a><\/li>\n\n\n\n<li class='active'><a>22666<\/a><\/li>\n\n\n\n<li><a href='?page_no=22667'>22667<\/a><\/li>\n\n\n\n<li><a href='?page_no=22668'>22668<\/a><\/li>\n\n\n\n<li><a>...<\/a><\/li>\n\n\n\n<li><a href='?page_no=22911'>22911<\/a><\/li>\n\n\n\n<li><a href='?page_no=22912'>22912<\/a><\/li>\n\n    \n\t\n\n<li >\n\t<a href='?page_no=22667'>Next<\/a>\n\t<\/li>\n\n\n    \n\n<li><a href='?page_no=22912'>Last &rsaquo;&rsaquo;<\/a><\/li>\n\n<\/ul>\n\n\n--><br \/>\n<\/body><\/p>\n","protected":false},"excerpt":{"rendered":"<p>Aplazan juicio interpuesto por viuda de Borges contra periodista franc\u00e9s &#13; &#13; \u00abAl parecer Assouline quer\u00eda estar a toda costa en el juicio para explicar su versi\u00f3n de los hechos.\u00bb, dijo el abogado de Mar\u00eda Kodama. &#13; El juicio por difamaci\u00f3n de la viuda del poeta argentino Jorge Luis Borges, Mar\u00eda Kodama, contra el periodista [&hellip;]<\/p>\n","protected":false},"author":3,"featured_media":0,"comment_status":"open","ping_status":"open","sticky":false,"template":"","format":"standard","meta":{"footnotes":""},"categories":[21],"tags":[],"class_list":["post-70988","post","type-post","status-publish","format-standard","hentry","category-cultura"],"_links":{"self":[{"href":"https:\/\/diariodominicano.com\/index.php?rest_route=\/wp\/v2\/posts\/70988","targetHints":{"allow":["GET"]}}],"collection":[{"href":"https:\/\/diariodominicano.com\/index.php?rest_route=\/wp\/v2\/posts"}],"about":[{"href":"https:\/\/diariodominicano.com\/index.php?rest_route=\/wp\/v2\/types\/post"}],"author":[{"embeddable":true,"href":"https:\/\/diariodominicano.com\/index.php?rest_route=\/wp\/v2\/users\/3"}],"replies":[{"embeddable":true,"href":"https:\/\/diariodominicano.com\/index.php?rest_route=%2Fwp%2Fv2%2Fcomments&post=70988"}],"version-history":[{"count":0,"href":"https:\/\/diariodominicano.com\/index.php?rest_route=\/wp\/v2\/posts\/70988\/revisions"}],"wp:attachment":[{"href":"https:\/\/diariodominicano.com\/index.php?rest_route=%2Fwp%2Fv2%2Fmedia&parent=70988"}],"wp:term":[{"taxonomy":"category","embeddable":true,"href":"https:\/\/diariodominicano.com\/index.php?rest_route=%2Fwp%2Fv2%2Fcategories&post=70988"},{"taxonomy":"post_tag","embeddable":true,"href":"https:\/\/diariodominicano.com\/index.php?rest_route=%2Fwp%2Fv2%2Ftags&post=70988"}],"curies":[{"name":"wp","href":"https:\/\/api.w.org\/{rel}","templated":true}]}}