{"id":70987,"date":"2008-05-15T20:34:29","date_gmt":"2008-05-15T20:34:29","guid":{"rendered":"http:\/\/diariodominicano.ddns.net\/?p=70987"},"modified":"2008-05-15T20:34:29","modified_gmt":"2008-05-15T20:34:29","slug":"salon-de-prensa-elige-imagen-de-hombre-agonico-como-fotografia-del-ano","status":"publish","type":"post","link":"https:\/\/diariodominicano.com\/?p=70987","title":{"rendered":"Sal\u00f3n de Prensa elige imagen de hombre ag\u00f3nico como fotograf\u00eda del a\u00f1o"},"content":{"rendered":"<p><body><\/p>\n<p align=\"justify\"><span class=\"titulogrande1\">Sal\u00f3n de Prensa elige imagen de hombre ag\u00f3nico como  fotograf\u00eda del a\u00f1o <\/span><br \/>&#13;<br \/>\n  <br \/>&#13;<br \/>\n    <span class=\"text1noticias\">El m\u00e1ximo galard\u00f3n recay\u00f3 en Nicol\u00e1s Wormull por la  instant\u00e1nea de su abuelo antes de morir.\u00a0En total, ocho fot\u00f3grafos de La  Tercera fueron premiados en el\u00a0certamen que hoy comienza su exhibici\u00f3n. <\/span><\/p>\n<p>&#13;<\/p>\n<p align=\"justify\" class=\"text1noticias\"><img loading=\"lazy\" decoding=\"async\" src=\"http:\/\/localhost:8080\/img\/agonico.jpg\" width=\"375\" height=\"270\" hspace=\"4\" align=\"left\" \/>La agon\u00eda de un anciano enfermo minutos antes de fallecer,  corresponde a la imagen galardonada con el primer lugar en el Sal\u00f3n de  Fotograf\u00eda de Prensa 2008 que hoy a las 19.30 horas se inaugura en la Estaci\u00f3n  Mapocho.<br \/>&#13;<br \/>\n  <br \/>&#13;<br \/>\n  La imagen ganadora fue captada por el fot\u00f3grafo  independiente Nicol\u00e1s Wormull (30), quien en septiembre del a\u00f1o pasado tom\u00f3 su  c\u00e1mara para retratar los momentos finales en la vida de su abuelo enfermo de  bronquitis, Jos\u00e9 Gratac\u00f3s.<br \/>&#13;<br \/>\n  <br \/>&#13;<br \/>\n  El certamen que convoca a los reporteros gr\u00e1ficos del pa\u00eds,  se divide en ocho categor\u00edas entre las cuales el jurado premi\u00f3 a ocho im\u00e1genes  pertenecientes a fot\u00f3grafos de La Tercera. As\u00ed, con un seguimiento a la  experiencia de los ciudadanos chilenos con la implementaci\u00f3n del Transantiago  durante febrero y marzo de 2007, Pedro Rodr\u00edguez obtuvo el primer lugar de la  secci\u00f3n Reportajes de Prensa. Por su parte, V\u00edctor Tabja se adjudic\u00f3 el primer  premio en la categor\u00eda Prensa con una imagen que capta el momento exacto en que  el deudor habitacional Jacinto Montecinos (41) salta con el cuerpo en llamas  luego de haberse prendido, minutos antes, el cuerpo a lo bonzo en las afueras  de La Moneda, como una forma de protesta.<br \/>&#13;<br \/>\n  <br \/>&#13;<br \/>\n  Otra de las im\u00e1genes premiadas con el primer lugar -en la  categor\u00eda Vida Diaria- corresponde a la toma captada por Alejandro Olivares a  una ni\u00f1a que vive bajo el puente Loreto.<br \/>&#13;<br \/>\n  <br \/>&#13;<br \/>\n  Estas junto a m\u00e1s de un centenar de im\u00e1genes conforman en  164 instant\u00e1neas el panorama del mundo con todos sus tintes y que ser\u00e1n  expuestas hasta el 15 de junio en el Centro Cultural Estaci\u00f3n Mapocho.<br \/>&#13;<br \/>\n  <br \/>&#13;<br \/>\n  <strong>Fuente: <\/strong>La Tercera de Chile<\/p>\n<p>&#13;<\/p>\n<h6> 2008-05-15 20:34:29 <\/h6>\n<p><!--\n<link rel=\"stylesheet\" href=\"css\/bootstrap.min.css\">\n\n\n<ul class=\"pagination\">\n\t    \n\t\n\n<li >\n\t<a href='?page_no=22664'>Previous<\/a>\n\t<\/li>\n\n\n       \n    \n\n<li><a href='?page_no=1'>1<\/a><\/li>\n\n\n\n<li><a href='?page_no=2'>2<\/a><\/li>\n\n\n\n<li><a>...<\/a><\/li>\n\n\n\n<li><a href='?page_no=22663'>22663<\/a><\/li>\n\n\n\n<li><a href='?page_no=22664'>22664<\/a><\/li>\n\n\n\n<li class='active'><a>22665<\/a><\/li>\n\n\n\n<li><a href='?page_no=22666'>22666<\/a><\/li>\n\n\n\n<li><a href='?page_no=22667'>22667<\/a><\/li>\n\n\n\n<li><a>...<\/a><\/li>\n\n\n\n<li><a href='?page_no=22911'>22911<\/a><\/li>\n\n\n\n<li><a href='?page_no=22912'>22912<\/a><\/li>\n\n    \n\t\n\n<li >\n\t<a href='?page_no=22666'>Next<\/a>\n\t<\/li>\n\n\n    \n\n<li><a href='?page_no=22912'>Last &rsaquo;&rsaquo;<\/a><\/li>\n\n<\/ul>\n\n\n--><br \/>\n<\/body><\/p>\n","protected":false},"excerpt":{"rendered":"<p>Sal\u00f3n de Prensa elige imagen de hombre ag\u00f3nico como fotograf\u00eda del a\u00f1o &#13; &#13; El m\u00e1ximo galard\u00f3n recay\u00f3 en Nicol\u00e1s Wormull por la instant\u00e1nea de su abuelo antes de morir.\u00a0En total, ocho fot\u00f3grafos de La Tercera fueron premiados en el\u00a0certamen que hoy comienza su exhibici\u00f3n. &#13; La agon\u00eda de un anciano enfermo minutos antes de [&hellip;]<\/p>\n","protected":false},"author":3,"featured_media":0,"comment_status":"open","ping_status":"open","sticky":false,"template":"","format":"standard","meta":{"footnotes":""},"categories":[21],"tags":[],"class_list":["post-70987","post","type-post","status-publish","format-standard","hentry","category-cultura"],"_links":{"self":[{"href":"https:\/\/diariodominicano.com\/index.php?rest_route=\/wp\/v2\/posts\/70987","targetHints":{"allow":["GET"]}}],"collection":[{"href":"https:\/\/diariodominicano.com\/index.php?rest_route=\/wp\/v2\/posts"}],"about":[{"href":"https:\/\/diariodominicano.com\/index.php?rest_route=\/wp\/v2\/types\/post"}],"author":[{"embeddable":true,"href":"https:\/\/diariodominicano.com\/index.php?rest_route=\/wp\/v2\/users\/3"}],"replies":[{"embeddable":true,"href":"https:\/\/diariodominicano.com\/index.php?rest_route=%2Fwp%2Fv2%2Fcomments&post=70987"}],"version-history":[{"count":0,"href":"https:\/\/diariodominicano.com\/index.php?rest_route=\/wp\/v2\/posts\/70987\/revisions"}],"wp:attachment":[{"href":"https:\/\/diariodominicano.com\/index.php?rest_route=%2Fwp%2Fv2%2Fmedia&parent=70987"}],"wp:term":[{"taxonomy":"category","embeddable":true,"href":"https:\/\/diariodominicano.com\/index.php?rest_route=%2Fwp%2Fv2%2Fcategories&post=70987"},{"taxonomy":"post_tag","embeddable":true,"href":"https:\/\/diariodominicano.com\/index.php?rest_route=%2Fwp%2Fv2%2Ftags&post=70987"}],"curies":[{"name":"wp","href":"https:\/\/api.w.org\/{rel}","templated":true}]}}