{"id":70986,"date":"2008-05-19T19:08:26","date_gmt":"2008-05-19T19:08:26","guid":{"rendered":"http:\/\/diariodominicano.ddns.net\/?p=70986"},"modified":"2008-05-19T19:08:26","modified_gmt":"2008-05-19T19:08:26","slug":"laurence-fishburne-dirigira-adaptacion-de-el-alquimista-de-paulo-coelho","status":"publish","type":"post","link":"https:\/\/diariodominicano.com\/?p=70986","title":{"rendered":"Laurence Fishburne dirigir\u00e1 adaptaci\u00f3n de El Alquimista de Paulo Coelho"},"content":{"rendered":"<p><body><\/p>\n<p align=\"justify\"><span class=\"titulogrande1\">Laurence Fishburne dirigir\u00e1 adaptaci\u00f3n de El Alquimista de  Paulo Coelho <\/span><br \/>&#13;<br \/>\n  <br \/>&#13;<br \/>\n    <span class=\"text1noticias\">El\u00a0int\u00e9rprete\u00a0estadounidense adem\u00e1s actuar\u00e1 en la  cinta que busca a su protagonista en Espa\u00f1a y\u00a0Latinoam\u00e9rica.<\/span><\/p>\n<p>&#13;<\/p>\n<p align=\"justify\" class=\"text1noticias\"><img loading=\"lazy\" decoding=\"async\" src=\"http:\/\/localhost:8080\/img\/alquimista.jpg\" width=\"375\" height=\"484\" hspace=\"4\" align=\"left\" \/>Laurence Fishburne (Matrix) dirigir\u00e1 y actuar\u00e1 en la versi\u00f3n  cinematogr\u00e1fica de El Alquimista, el \u00abbest seller\u00bb mundial del  brasile\u00f1o Paulo Coelho, y la productora busca en Espa\u00f1a y Latinoam\u00e9rica al  actor que interpretar\u00e1 a Santiago, el protagonista.<br \/>&#13;<br \/>\n  <br \/>&#13;<br \/>\n  En una rueda de prensa en el marco del Festival de Cannes,  el productor Harvey Weinstein explic\u00f3 que su compa\u00f1\u00eda tendr\u00e1 los derechos  exclusivos de la pel\u00edcula tanto para cine como para televisi\u00f3n.<br \/>&#13;<br \/>\n  <br \/>&#13;<br \/>\n  El rodaje se desarrollar\u00e1 en diversas localizaciones en  Europa y Oriente Medio, incluyendo Jordania, Abu Dabi, y algunos lugares en el  norte \u00c1frica.<br \/>&#13;<br \/>\n  <br \/>&#13;<br \/>\n  Adem\u00e1s de Fishburne y del actor que encarnar\u00e1 a Santiago, la  compa\u00f1\u00eda indic\u00f3 que espera anunciar pronto el nombre de otras estrellas que se  unir\u00e1n al reparto.<br \/>&#13;<br \/>\n  <br \/>&#13;<br \/>\n\u00abProducir personalmente un proyecto es raro para m\u00ed,  pero llevar El Alquimista a la gran pantalla ha sido siempre mi sue\u00f1o\u00bb,  afirm\u00f3 Weinstein.<br \/>&#13;<br \/>\n<br \/>&#13;<br \/>\n Al respecto, calific\u00f3 la novela de \u00abespiritual\u00bb y  asegur\u00f3 que est\u00e1 deseando sentarse junto a Fishburne para trabajar en el  proyecto. \u00abLas piezas est\u00e1n ahora en su lugar para iniciar este  proyecto\u00bb, agreg\u00f3.<br \/>&#13;<br \/>\n<br \/>&#13;<br \/>\nPor su parte Fishburne se\u00f1al\u00f3 que es un \u00abproyecto especial  que tiene ahora un equipo especial detr\u00e1s para garantizar que su camino a la  gran pantalla se recorre con el cuidado que merece\u00bb.<br \/>&#13;<br \/>\n<br \/>&#13;<br \/>\n\u00abEstoy esperando con ansiedad poder dirigirlo, actuar  en \u00e9l y colaborar con Harvey Weinstein para producir una maravillosa pel\u00edcula  que haga justicia a la enormemente exitosa novela de Paulo\u00bb.<br \/>&#13;<br \/>\n<br \/>&#13;<br \/>\nEl Alquimista ha vendido 30 millones de ejemplares en todo  el mundo y ha alcanzado el n\u00famero 1 de las listas de m\u00e1s vendidos en 18 pa\u00edses.<br \/>&#13;<br \/>\n<br \/>&#13;<br \/>\nLa compa\u00f1\u00eda Weinstein est\u00e1 actualmente en negociaciones con  un guionista ganador de un premio Oscar para que realice la adaptaci\u00f3n de la  novela.<br \/>&#13;<br \/>\n<br \/>&#13;<br \/>\nEl libro relata las aventuras de Santiago, un pastor que un  d\u00eda abandona su reba\u00f1o para perseguir una quimera.<br \/>&#13;<br \/>\n<br \/>&#13;<br \/>\nEl camino que recorre el protagonista se convierte en una  simbolog\u00eda de la vida del ser humano. <br \/>&#13;<br \/>\n<br \/>&#13;<br \/>\n  EFE<\/p>\n<p>&#13;<\/p>\n<h6> 2008-05-19 19:08:26 <\/h6>\n<p><!--\n<link rel=\"stylesheet\" href=\"css\/bootstrap.min.css\">\n\n\n<ul class=\"pagination\">\n\t    \n\t\n\n<li >\n\t<a href='?page_no=22663'>Previous<\/a>\n\t<\/li>\n\n\n       \n    \n\n<li><a href='?page_no=1'>1<\/a><\/li>\n\n\n\n<li><a href='?page_no=2'>2<\/a><\/li>\n\n\n\n<li><a>...<\/a><\/li>\n\n\n\n<li><a href='?page_no=22662'>22662<\/a><\/li>\n\n\n\n<li><a href='?page_no=22663'>22663<\/a><\/li>\n\n\n\n<li class='active'><a>22664<\/a><\/li>\n\n\n\n<li><a href='?page_no=22665'>22665<\/a><\/li>\n\n\n\n<li><a href='?page_no=22666'>22666<\/a><\/li>\n\n\n\n<li><a>...<\/a><\/li>\n\n\n\n<li><a href='?page_no=22911'>22911<\/a><\/li>\n\n\n\n<li><a href='?page_no=22912'>22912<\/a><\/li>\n\n    \n\t\n\n<li >\n\t<a href='?page_no=22665'>Next<\/a>\n\t<\/li>\n\n\n    \n\n<li><a href='?page_no=22912'>Last &rsaquo;&rsaquo;<\/a><\/li>\n\n<\/ul>\n\n\n--><br \/>\n<\/body><\/p>\n","protected":false},"excerpt":{"rendered":"<p>Laurence Fishburne dirigir\u00e1 adaptaci\u00f3n de El Alquimista de Paulo Coelho &#13; &#13; El\u00a0int\u00e9rprete\u00a0estadounidense adem\u00e1s actuar\u00e1 en la cinta que busca a su protagonista en Espa\u00f1a y\u00a0Latinoam\u00e9rica. &#13; Laurence Fishburne (Matrix) dirigir\u00e1 y actuar\u00e1 en la versi\u00f3n cinematogr\u00e1fica de El Alquimista, el \u00abbest seller\u00bb mundial del brasile\u00f1o Paulo Coelho, y la productora busca en Espa\u00f1a y [&hellip;]<\/p>\n","protected":false},"author":3,"featured_media":0,"comment_status":"open","ping_status":"open","sticky":false,"template":"","format":"standard","meta":{"footnotes":""},"categories":[21],"tags":[],"class_list":["post-70986","post","type-post","status-publish","format-standard","hentry","category-cultura"],"_links":{"self":[{"href":"https:\/\/diariodominicano.com\/index.php?rest_route=\/wp\/v2\/posts\/70986","targetHints":{"allow":["GET"]}}],"collection":[{"href":"https:\/\/diariodominicano.com\/index.php?rest_route=\/wp\/v2\/posts"}],"about":[{"href":"https:\/\/diariodominicano.com\/index.php?rest_route=\/wp\/v2\/types\/post"}],"author":[{"embeddable":true,"href":"https:\/\/diariodominicano.com\/index.php?rest_route=\/wp\/v2\/users\/3"}],"replies":[{"embeddable":true,"href":"https:\/\/diariodominicano.com\/index.php?rest_route=%2Fwp%2Fv2%2Fcomments&post=70986"}],"version-history":[{"count":0,"href":"https:\/\/diariodominicano.com\/index.php?rest_route=\/wp\/v2\/posts\/70986\/revisions"}],"wp:attachment":[{"href":"https:\/\/diariodominicano.com\/index.php?rest_route=%2Fwp%2Fv2%2Fmedia&parent=70986"}],"wp:term":[{"taxonomy":"category","embeddable":true,"href":"https:\/\/diariodominicano.com\/index.php?rest_route=%2Fwp%2Fv2%2Fcategories&post=70986"},{"taxonomy":"post_tag","embeddable":true,"href":"https:\/\/diariodominicano.com\/index.php?rest_route=%2Fwp%2Fv2%2Ftags&post=70986"}],"curies":[{"name":"wp","href":"https:\/\/api.w.org\/{rel}","templated":true}]}}